{"id":95665,"date":"2017-07-22T09:56:20","date_gmt":"2017-07-22T07:56:20","guid":{"rendered":"http:\/\/gazdasagportal.hu\/?p=95665"},"modified":"2017-07-21T21:57:38","modified_gmt":"2017-07-21T19:57:38","slug":"iszlam-allam-az-amerikai-vedelmi-miniszter-szerint-a-terrorszervezet-vezetoje-eletben-van","status":"publish","type":"post","link":"https:\/\/gazdasagportal.hu\/index.php\/iszlam-allam-az-amerikai-vedelmi-miniszter-szerint-a-terrorszervezet-vezetoje-eletben-van\/","title":{"rendered":"Iszl\u00e1m \u00c1llam &#8211; Az amerikai v\u00e9delmi miniszter szerint a terrorszervezet vezet\u0151je \u00e9letben van"},"content":{"rendered":"<p><strong>James Mattis amerikai v\u00e9delmi miniszter szerint Abu Bakr al-Bagdadi, az Iszl\u00e1m \u00c1llam nev\u0171 terrorszervezet vezet\u0151je \u00e9letben van. <\/strong><!--more--><\/p>\n<div class=\"ads-in-post1\"><div id=\"gazdasagportal.hu_fullbanner_wideboard\"><\/div>\r\n<\/div>\n<p>    A t\u00e1rcavezet\u0151 a Pentagonban (a v\u00e9delmi miniszt\u00e9riumban) \u00fajs\u00e1g\u00edr\u00f3knak fejtette ki \u00e1ll\u00e1spontj\u00e1t.<br \/>\n    Hangs\u00falyozta, hogy egyes sajt\u00f3inform\u00e1ci\u00f3k ellen\u00e9re is meggy\u0151z\u0151d\u00e9se, hogy Abu Bakr al-Bagdadi \u00e9l, b\u00e1r nem fejtette ki, hogy milyen inform\u00e1ci\u00f3k \u00e1llnak rendelkez\u00e9s\u00e9re a terroristavez\u00e9r holl\u00e9t\u00e9re vonatkoz\u00f3an. Lesz\u00f6gezte: tudna arr\u00f3l, ha v\u00e9geztek volna Bagdadival. &#8222;Keress\u00fck, abb\u00f3l indulunk ki, hogy \u00e9letben van&#8221; &#8211; tette hozz\u00e1.<br \/>\n    J\u00falius elej\u00e9n a londoni sz\u00e9khely\u0171 Emberi Jogok Sz\u00edriai Megfigyel\u0151 K\u00f6zpontja nev\u0171 szervezet (OSDH) &#8222;biztos forr\u00e1sokra&#8221; hivatkozva azt jelentette, hogy Bagdadi a koal\u00edci\u00f3s er\u0151k kelet-sz\u00edriai &#8211; Deir-ez-Z\u00f3r k\u00f6zel\u00e9ben v\u00e9grehajtott &#8211; t\u00e1mad\u00e1sa k\u00f6vetkezt\u00e9ben \u00e9let\u00e9t vesztette. Az emberi jogi szervezet k\u00f6zlem\u00e9ny\u00e9ben azt \u00e1ll\u00edtotta: inform\u00e1ci\u00f3i az Iszl\u00e1m \u00c1llam k\u00f6reib\u0151l sz\u00e1rmaznak, b\u00e1r tov\u00e1bbi inform\u00e1ci\u00f3kkal &#8211; p\u00e9ld\u00e1ul a terroristavez\u00e9r felt\u00e9telezett hal\u00e1l\u00e1nak pontos hely\u00e9r\u0151l vagy id\u0151pontj\u00e1r\u00f3l &#8211; nem tudott szolg\u00e1lni.<br \/>\n    Az Abu Bakr al-Bagdadi hal\u00e1l\u00e1r\u00f3l sz\u00f3l\u00f3 inform\u00e1ci\u00f3kat akkor sem sz\u00edriai, sem kurd tiszts\u00e9gvisel\u0151k \u00e9s katonai forr\u00e1sok nem er\u0151s\u00edtett\u00e9k meg, \u00e9s az amerikai v\u00e9delmi miniszt\u00e9rium is azt k\u00f6z\u00f6lte, hogy nem \u00e1ll rendelkez\u00e9s\u00e9re pontos inform\u00e1ci\u00f3.(MTI) <\/p>\n","protected":false},"excerpt":{"rendered":"<p>James Mattis amerikai v\u00e9delmi miniszter szerint Abu Bakr al-Bagdadi, az Iszl\u00e1m \u00c1llam nev\u0171 terrorszervezet vezet\u0151je \u00e9letben van.<\/p>\n","protected":false},"author":1,"featured_media":0,"comment_status":"closed","ping_status":"open","sticky":false,"template":"","format":"standard","meta":[],"categories":[13,16],"tags":[],"_links":{"self":[{"href":"https:\/\/gazdasagportal.hu\/index.php\/wp-json\/wp\/v2\/posts\/95665"}],"collection":[{"href":"https:\/\/gazdasagportal.hu\/index.php\/wp-json\/wp\/v2\/posts"}],"about":[{"href":"https:\/\/gazdasagportal.hu\/index.php\/wp-json\/wp\/v2\/types\/post"}],"author":[{"embeddable":true,"href":"https:\/\/gazdasagportal.hu\/index.php\/wp-json\/wp\/v2\/users\/1"}],"replies":[{"embeddable":true,"href":"https:\/\/gazdasagportal.hu\/index.php\/wp-json\/wp\/v2\/comments?post=95665"}],"version-history":[{"count":1,"href":"https:\/\/gazdasagportal.hu\/index.php\/wp-json\/wp\/v2\/posts\/95665\/revisions"}],"predecessor-version":[{"id":95666,"href":"https:\/\/gazdasagportal.hu\/index.php\/wp-json\/wp\/v2\/posts\/95665\/revisions\/95666"}],"wp:attachment":[{"href":"https:\/\/gazdasagportal.hu\/index.php\/wp-json\/wp\/v2\/media?parent=95665"}],"wp:term":[{"taxonomy":"category","embeddable":true,"href":"https:\/\/gazdasagportal.hu\/index.php\/wp-json\/wp\/v2\/categories?post=95665"},{"taxonomy":"post_tag","embeddable":true,"href":"https:\/\/gazdasagportal.hu\/index.php\/wp-json\/wp\/v2\/tags?post=95665"}],"curies":[{"name":"wp","href":"https:\/\/api.w.org\/{rel}","templated":true}]}}