{"id":95651,"date":"2017-07-21T14:40:03","date_gmt":"2017-07-21T12:40:03","guid":{"rendered":"http:\/\/gazdasagportal.hu\/?p=95651"},"modified":"2017-07-21T14:40:03","modified_gmt":"2017-07-21T12:40:03","slug":"ader-janos-a-fenyegeto-vizvalsag-biztonsagpolitikai-problema-is","status":"publish","type":"post","link":"https:\/\/gazdasagportal.hu\/index.php\/ader-janos-a-fenyegeto-vizvalsag-biztonsagpolitikai-problema-is\/","title":{"rendered":"\u00c1der J\u00e1nos: a fenyeget\u0151 v\u00edzv\u00e1ls\u00e1g biztons\u00e1gpolitikai probl\u00e9ma is"},"content":{"rendered":"<p><strong>A V\u00edz\u00fcgyi Eln\u00f6ki Tan\u00e1csad\u00f3 ENSZ-test\u00fclet eddig elv\u00e9gzett munk\u00e1j\u00e1r\u00f3l t\u00e1j\u00e9koztatta \u00c1der J\u00e1nos k\u00f6zt\u00e1rsas\u00e1gi eln\u00f6k, els\u0151k\u00e9nt a tagok k\u00f6z\u00fcl, az ENSZ f\u0151titk\u00e1r\u00e1t cs\u00fct\u00f6rt\u00f6k\u00f6n New Yorkban. A megbesz\u00e9l\u00e9st a v\u00edzv\u00e1ls\u00e1gr\u00f3l \u00e9s term\u00e9szeti katasztr\u00f3f\u00e1kr\u00f3l tartott magas szint\u0171 ENSZ-tan\u00e1cskoz\u00e1sa ut\u00e1n tartott\u00e1k. <\/strong><!--more--><\/p>\n<div class=\"ads-in-post1\"><div id=\"gazdasagportal.hu_fullbanner_wideboard\"><\/div>\r\n<\/div>\n<p>    \u00c1der J\u00e1nos az MTI-nek elmondta: Ant\u00f3nio Guterres els\u0151sorban biztons\u00e1gpolitikai probl\u00e9mak\u00e9nt \u00e9rt\u00e9kelte a fenyeget\u0151 glob\u00e1lis v\u00edzv\u00e1ls\u00e1got.<br \/>\n    &#8222;Megbizonyosodhattam, hogy az \u00faj ENSZ-f\u0151titk\u00e1r sz\u00e1m\u00e1ra szint\u00e9n rendk\u00edv\u00fcl fontos a fenyeget\u0151 v\u00edzv\u00e1ls\u00e1g, \u00e1m \u0151 ezt legink\u00e1bb a b\u00e9ke \u00e9s a biztons\u00e1g szemsz\u00f6g\u00e9b\u0151l k\u00f6zel\u00edti meg&#8221; &#8211; fogalmazott a k\u00f6zt\u00e1rsas\u00e1gi eln\u00f6k.<br \/>\n    Az \u00e1llamf\u0151 elmondta: Ant\u00f3nio Guterres seg\u00edts\u00e9g\u00e9t k\u00e9rte ahhoz, hogy a f\u00e9l \u00e9v m\u00falva esed\u00e9kes \u00fajabb tan\u00e1cskoz\u00e1sra tudom\u00e1nyosan min\u00e9l jobban megalapozott jelent\u00e9s k\u00e9sz\u00fclhessen.<br \/>\n    Az ENSZ-f\u0151titk\u00e1r nyitottnak mutatkozott a felvet\u00e9sre, mik\u00e9nt nyitott volt a magyar \u00e1llamf\u0151 t\u00f6bbi javaslat\u00e1ra is.<br \/>\n    A tan\u00e1cskoz\u00e1son elmondott besz\u00e9d\u00e9ben \u00c1der J\u00e1nos t\u00f6bb javaslatot tett, az MTI-nek azonban kiemelte azt, amelyet a konferenci\u00e1n, a k\u00e9t- \u00e9s t\u00f6bboldal\u00fa t\u00e1rgyal\u00e1sokon h\u00e1rom alkalommal is felvetett, \u00e9s amelyet els\u0151k\u00e9nt Michael Bloombergnek, New York volt polg\u00e1rmester\u00e9nek, a kl\u00edmav\u00e9delem egyik sz\u00f3sz\u00f3l\u00f3j\u00e1nak fejtett ki cs\u00fct\u00f6rt\u00f6k reggeli tal\u00e1lkoz\u00f3jukon.<br \/>\n    Ennek a javaslatnak az a l\u00e9nyege, hogy a szuver\u00e9n \u00e1llamok &#8222;alatti&#8221; szintek, a tartom\u00e1nyok, v\u00e1rosok, sz\u00f6vets\u00e9gi \u00e1llamok \u00e9s szervezetek egyenrang\u00fa r\u00e9sztvev\u0151k\u00e9nt csatlakozhassanak a kl\u00edmav\u00e9delmi egyezm\u00e9nyhez.<br \/>\n    Michael Bloomberg nemr\u00e9g l\u00e9trehozott egy szervezetet, amely mindent megtesz az\u00e9rt, hogy az amerikai v\u00e1rosok \u00e9s sz\u00f6vets\u00e9gi \u00e1llamok jelent\u0151s r\u00e9sze teljes\u00edtse a p\u00e1rizsi kl\u00edmav\u00e9delmi meg\u00e1llapod\u00e1s k\u00f6telezetts\u00e9geit.<br \/>\n    Az MTI-nek arra a k\u00e9rd\u00e9s\u00e9re, hogy ha az \u00faj ENSZ-f\u0151titk\u00e1r a v\u00edzv\u00e1ls\u00e1got els\u0151sorban biztons\u00e1gpolitikai szemsz\u00f6gb\u0151l vizsg\u00e1lja, lehet-e sz\u00e1m\u00edtani \u00fajfajta kezdem\u00e9nyez\u00e9sekre, \u00c1der J\u00e1nos azt mondta, nemigen, hiszen ez a k\u00e9rd\u00e9s eddig is napirenden volt.<br \/>\n    &#8222;A kezdetekt\u0151l fogva pontosan tudtuk, hogy ezzel a k\u00e9rd\u00e9ssel nek\u00fcnk foglalkoznunk kell, hiszen az emberis\u00e9g 40 sz\u00e1zal\u00e9ka olyan ter\u00fcleten \u00e9l, ahol az egyes orsz\u00e1goknak a v\u00edzen osztozniuk kell, azt k\u00f6z\u00f6sen kell haszn\u00e1lniuk. A v\u00edz k\u00f6z\u00f6s birtokl\u00e1sa, haszn\u00e1lata miatti konfliktus t\u00f6bbsz\u00f6r h\u00e1bor\u00faval fenyegetett. \u00cdgy volt ez Egyiptom \u00e9s Eti\u00f3pia, vagy Pakiszt\u00e1n \u00e9s India, nemr\u00e9giben pedig T\u00fcrkmeniszt\u00e1n \u00e9s \u00dczbegiszt\u00e1n k\u00f6z\u00f6tt&#8221; &#8211; mondta a k\u00f6zt\u00e1rsas\u00e1gi eln\u00f6k.<br \/>\n    \u00c1der J\u00e1nos szerint &#8222;komoly feladv\u00e1ny&#8221; lesz, hogy ezeket az \u00e9rlel\u0151d\u0151 nemzetk\u00f6zi konfliktusokat mik\u00e9nt lehet k\u00e9t-, vagy t\u00f6bboldal\u00fa egyezm\u00e9nyekkel rendezni, vagy \u00e1tfog\u00f3 meg\u00e1llapod\u00e1st k\u00f6tni a v\u00edz miatti h\u00e1bor\u00faskod\u00e1s elker\u00fcl\u00e9s\u00e9re.<br \/>\n    &#8222;Magyarorsz\u00e1g ez \u00fcgyben j\u00f3 p\u00e9ld\u00e1t tud felmutatni&#8221; &#8211; hangoztatta a k\u00f6zt\u00e1rsas\u00e1gi eln\u00f6k az MTI-nek a Duna p\u00e9ld\u00e1j\u00e1ra utalva.<br \/>\n    A Duna menti orsz\u00e1gok meg\u00e1llapodtak a v\u00edzhaszn\u00e1latr\u00f3l, megegyeztek az \u00e1rv\u00edzi el\u0151rejelz\u00e9sben \u00e9s a katasztr\u00f3f\u00e1k kezel\u00e9s\u00e9r\u0151l. &#8222;Amit mi, Duna menti orsz\u00e1gok kialak\u00edtottunk, mint\u00e1ul szolg\u00e1lhat m\u00e1s orsz\u00e1goknak is. J\u00f3 sz\u00e1nd\u00e9k is kell term\u00e9szetesen, de a h\u00e1bor\u00fas konfliktusok elker\u00fcl\u00e9se k\u00f6lcs\u00f6n\u00f6s \u00e9rdek&#8221; &#8211; sz\u00f6gezte le \u00c1der J\u00e1nos.<br \/>\n    A k\u00f6zt\u00e1rsas\u00e1gi eln\u00f6k a konferenci\u00e1n elmondott besz\u00e9d\u00e9ben a glob\u00e1lis v\u00edzv\u00e1ls\u00e1g gazdas\u00e1gi, t\u00e1rsadalmi, eg\u00e9szs\u00e9g\u00fcgyi k\u00f6vetkezm\u00e9nyeit is r\u00e9szletesen elemezte, s\u00fcrgette a kl\u00edmav\u00e9delmi meg\u00e1llapod\u00e1s kiterjeszt\u00e9s\u00e9t a tengeri haj\u00f3z\u00e1sra, szorgalmazta a v\u00edz\u00fcgyi beruh\u00e1z\u00e1sok, befektet\u00e9sek szapor\u00edt\u00e1s\u00e1t, \u00e9s felvetette, hogy az ENSZ szervezet\u00e9n bel\u00fcl legyen k\u00f6zponti felel\u0151se a v\u00edz\u00fcgyi k\u00e9rd\u00e9snek.<br \/>\n    A tan\u00e1cskoz\u00e1s ut\u00e1n \u00c1der J\u00e1nos megbesz\u00e9l\u00e9seket folytatott Han Sz\u00fcn Szuval, az ENSZ v\u00edzzel \u00e9s katasztr\u00f3facs\u00f6kkent\u00e9ssel foglalkoz\u00f3 k\u00fcl\u00f6nleges k\u00e9pvisel\u0151j\u00e9vel, Ameenah Gurib-Fakima mauritiusi eln\u00f6kkel \u00e9s Nikai Tosihir\u00f3val, a jap\u00e1n Liber\u00e1lis Demokrata P\u00e1rt f\u0151titk\u00e1r\u00e1val.(MTI)<\/p>\n","protected":false},"excerpt":{"rendered":"<p>A V\u00edz\u00fcgyi Eln\u00f6ki Tan\u00e1csad\u00f3 ENSZ-test\u00fclet eddig elv\u00e9gzett munk\u00e1j\u00e1r\u00f3l t\u00e1j\u00e9koztatta \u00c1der J\u00e1nos k\u00f6zt\u00e1rsas\u00e1gi eln\u00f6k, els\u0151k\u00e9nt a tagok k\u00f6z\u00fcl, az ENSZ f\u0151titk\u00e1r\u00e1t cs\u00fct\u00f6rt\u00f6k\u00f6n New Yorkban. A megbesz\u00e9l\u00e9st a v\u00edzv\u00e1ls\u00e1gr\u00f3l \u00e9s term\u00e9szeti katasztr\u00f3f\u00e1kr\u00f3l tartott magas szint\u0171 ENSZ-tan\u00e1cskoz\u00e1sa ut\u00e1n tartott\u00e1k.<\/p>\n","protected":false},"author":1,"featured_media":0,"comment_status":"closed","ping_status":"open","sticky":false,"template":"","format":"standard","meta":[],"categories":[4,12],"tags":[],"_links":{"self":[{"href":"https:\/\/gazdasagportal.hu\/index.php\/wp-json\/wp\/v2\/posts\/95651"}],"collection":[{"href":"https:\/\/gazdasagportal.hu\/index.php\/wp-json\/wp\/v2\/posts"}],"about":[{"href":"https:\/\/gazdasagportal.hu\/index.php\/wp-json\/wp\/v2\/types\/post"}],"author":[{"embeddable":true,"href":"https:\/\/gazdasagportal.hu\/index.php\/wp-json\/wp\/v2\/users\/1"}],"replies":[{"embeddable":true,"href":"https:\/\/gazdasagportal.hu\/index.php\/wp-json\/wp\/v2\/comments?post=95651"}],"version-history":[{"count":1,"href":"https:\/\/gazdasagportal.hu\/index.php\/wp-json\/wp\/v2\/posts\/95651\/revisions"}],"predecessor-version":[{"id":95652,"href":"https:\/\/gazdasagportal.hu\/index.php\/wp-json\/wp\/v2\/posts\/95651\/revisions\/95652"}],"wp:attachment":[{"href":"https:\/\/gazdasagportal.hu\/index.php\/wp-json\/wp\/v2\/media?parent=95651"}],"wp:term":[{"taxonomy":"category","embeddable":true,"href":"https:\/\/gazdasagportal.hu\/index.php\/wp-json\/wp\/v2\/categories?post=95651"},{"taxonomy":"post_tag","embeddable":true,"href":"https:\/\/gazdasagportal.hu\/index.php\/wp-json\/wp\/v2\/tags?post=95651"}],"curies":[{"name":"wp","href":"https:\/\/api.w.org\/{rel}","templated":true}]}}