{"id":95540,"date":"2017-07-19T10:33:26","date_gmt":"2017-07-19T08:33:26","guid":{"rendered":"http:\/\/gazdasagportal.hu\/?p=95540"},"modified":"2017-07-19T10:33:26","modified_gmt":"2017-07-19T08:33:26","slug":"nyaron-sem-csokken-a-flottas-autok-iranti-erdeklodes","status":"publish","type":"post","link":"https:\/\/gazdasagportal.hu\/index.php\/nyaron-sem-csokken-a-flottas-autok-iranti-erdeklodes\/","title":{"rendered":"Ny\u00e1ron sem cs\u00f6kken a flott\u00e1s aut\u00f3k ir\u00e1nti \u00e9rdekl\u0151d\u00e9s"},"content":{"rendered":"<p><strong>Az Arval tapasztalatai szerint a flott\u00e1s aut\u00f3k ir\u00e1nti kereslet ny\u00e1ron sem cs\u00f6kken, \u00e9s egyre t\u00f6bb kis- \u00e9s k\u00f6z\u00e9pv\u00e1llalat ismeri fel a flottamenedzsment kiszervez\u00e9s\u00e9nek el\u0151nyeit. A flottakezel\u00e9st ennek ellen\u00e9re sok c\u00e9gn\u00e9l m\u00e9g mindig h\u00e1zon bel\u00fcl tartj\u00e1k, \u00edgy maguk fognak hozz\u00e1 az aut\u00f3park friss\u00edt\u00e9s\u00e9hez is. Ilyenkor az aut\u00f3 beszerz\u00e9si \u00e1ra vagy a k\u00e9nyelmi felszerel\u00e9sek k\u00f6z\u00f6tti v\u00e1logat\u00e1s gyakran fel\u00fcl\u00edrja a funkcion\u00e1lis \u00e9s hossz\u00fa t\u00e1v\u00fa k\u00f6lts\u00e9gszempontokat. Az Arval szak\u00e9rt\u0151i a kulcsfontoss\u00e1g\u00fa szempontok tiszt\u00e1z\u00e1s\u00e1val a felel\u0151s, fenntarthat\u00f3 flotta kialak\u00edt\u00e1s\u00e1ban k\u00edv\u00e1nnak seg\u00edts\u00e9get ny\u00fajtani. <\/strong><!--more--><\/p>\n<div class=\"ads-in-post1\"><div id=\"gazdasagportal.hu_fullbanner_wideboard\"><\/div>\r\n<\/div>\n<p><strong>\u00a0<\/strong><\/p>\n<p><strong>Flottakezel\u0151: m\u00e1r n\u00e9h\u00e1ny aut\u00f3t\u00f3l is meg\u00e9ri<\/strong><\/p>\n<p>A j\u00e1rm\u0171katal\u00f3gusok lapozgat\u00e1sa el\u0151tt egy c\u00e9gn\u00e9l azt kell m\u00e9rlegelni, hogy a g\u00e9pj\u00e1rm\u0171vek \u00fczemeltet\u00e9s\u00e9t flottakezel\u0151re k\u00edv\u00e1nja-e b\u00edzni a v\u00e1llalat, vagy ink\u00e1bb bels\u0151 er\u0151forr\u00e1ssal oldja meg. A flottakezel\u0151 bevon\u00e1sa ugyanakkor nem csak sz\u00e1zas, ezres darabot sz\u00e1ml\u00e1l\u00f3 aut\u00f3park mellett \u00e9ri meg, hiszen szak\u00e9rt\u0151i seg\u00edts\u00e9ggel m\u00e1r 1-2 j\u00e1rm\u0171b\u0151l \u00e1ll\u00f3 flotta eset\u00e9ben is k\u00f6lts\u00e9gmegtakar\u00edt\u00e1s \u00e9rhet\u0151 el. A flottakezel\u00e9s kiszervez\u00e9s\u00e9nek k\u00f6zismert el\u0151nyei, hogy a k\u00edv\u00e1nt aut\u00f3hoz kedvez\u0151bb \u00e1ron lehet hozz\u00e1jutni, \u00e9s az aut\u00f3park menedzsmentje sem ig\u00e9nyel bels\u0151 hum\u00e1nkapacit\u00e1st. Emellett a flottakezel\u0151 folyamatosan monitorozza a j\u00e1rm\u0171vek viselked\u00e9s\u00e9t, mint p\u00e9ld\u00e1ul a fogyaszt\u00e1st, a k\u00e1rosanyag-kibocs\u00e1t\u00e1st, vagy a fut\u00e1steljes\u00edtm\u00e9nyt amelyek ismeret\u00e9ben tov\u00e1bb optimaliz\u00e1lhat\u00f3 a j\u00e1rm\u0171park m\u0171k\u00f6dtet\u00e9se.<\/p><div id=\"gazda-352395463\" class=\"gazda-tartalomban gazda-entity-placement\"><script async src=\"https:\/\/pagead2.googlesyndication.com\/pagead\/js\/adsbygoogle.js\"><\/script>\r\n<ins class=\"adsbygoogle\"\r\n     style=\"display:block\"\r\n     data-ad-format=\"fluid\"\r\n     data-ad-layout-key=\"-6t+ed+2i-1n-4w\"\r\n     data-ad-client=\"ca-pub-1959107119989764\"\r\n     data-ad-slot=\"4008251320\"><\/ins>\r\n<script>\r\n     (adsbygoogle = window.adsbygoogle || []).push({});\r\n<\/script><\/div>\n<p><strong>\u00a0<\/strong><\/p>\n<p><strong>A j\u00f3l megv\u00e1lasztott finansz\u00edroz\u00e1si forma cs\u00f6kkenti a kock\u00e1zatokat <\/strong><\/p>\n<p>Flott\u00e1k eset\u00e9ben a jelenleg el\u00e9rhet\u0151 egyik legel\u0151ny\u00f6sebb finansz\u00edroz\u00e1si forma a tart\u00f3s b\u00e9rlet. Ennek legfontosabb el\u0151nye, hogy ilyenkor a b\u00e9rbevev\u0151 komplett szolg\u00e1ltat\u00e1si csomagot vesz ig\u00e9nybe a flottakezel\u0151t\u0151l, amelynek r\u00e9sze az aut\u00f3 is. <em>\u201eA tart\u00f3s b\u00e9rlettel cs\u00f6kkenthet\u0151k a flottakezel\u00e9s kock\u00e1zatai: a szerz\u0151d\u00e9s r\u00e9szek\u00e9nt a futamid\u0151 v\u00e9gi \u00e9rt\u00e9kes\u00edt\u00e9s, valamint az \u00fczemeltet\u00e9s kock\u00e1zatai a b\u00e9rbead\u00f3t terhelik, \u00e9s nincs \u00e1rfolyamkock\u00e1zat sem\u201d<\/em> \u2013 ismerteti a konstrukci\u00f3 el\u0151nyeit <strong>Tekse K\u00e1lm\u00e1n, az Arval \u00fcgyvezet\u0151 igazgat\u00f3ja<\/strong>. \u201e<em>R\u00e1ad\u00e1sul 2012 \u00f3ta a b\u00e9rbead\u00f3 visszaig\u00e9nyelheti az \u00faj aut\u00f3 \u00e1ra ut\u00e1ni \u00c1FA-t. A b\u00e9rleti k\u00f6lts\u00e9get pedig a nett\u00f3 \u00e1r alapj\u00e1n sz\u00e1molj\u00e1k ki, \u00edgy a b\u00e9rbevev\u0151 kedvez\u0151bb \u00e1ron juthat hozz\u00e1 az aut\u00f3hoz, \u00e9s a havi b\u00e9rleti k\u00f6lts\u00e9g ut\u00e1n \u0151k is visszaig\u00e9nyelhetik az \u00e1ltal\u00e1nos forgalmi ad\u00f3t.\u201d<\/em><\/p>\n<p><strong>\u00a0<\/strong><\/p>\n<p><strong>A t\u00edpus \u00e9s a meghajt\u00e1s kiv\u00e1laszt\u00e1sa: a benzines \u00e9s az elektromos is j\u00f3 alternat\u00edva<\/strong><\/p>\n<p>Magyarorsz\u00e1gon hagyom\u00e1nyosan er\u0151s a m\u00e1rk\u00e1k ir\u00e1nti elk\u00f6telez\u0151d\u00e9s, \u00e9s nagyon er\u0151sen tartja mag\u00e1t az a k\u00e9pzet is, miszerint k\u00f6lts\u00e9gtakar\u00e9kosan csak turb\u00f3d\u00edzel aut\u00f3kkal lehet k\u00f6zlekedni. Nincs ez m\u00e1sk\u00e9nt a v\u00e1llalati szektorban sem. <em>\u201eA legt\u00f6bb c\u00e9gn\u00e9l 4-5 \u00e9vig vagy 100-160 ezer kilom\u00e9terig haszn\u00e1lj\u00e1k a c\u00e9ges aut\u00f3kat, amely intervallumok figyelembe v\u00e9tel\u00e9vel, felhaszn\u00e1l\u00e1st\u00f3l f\u00fcgg\u0151en, sok esetben jobb v\u00e1laszt\u00e1s lehet egy benzines vagy hibrid aut\u00f3\u201d<\/em> \u2013 mondja <strong>Tekse K\u00e1lm\u00e1n<\/strong>. <em>\u201eT\u00f6bbs\u00e9g\u00e9ben v\u00e1rosi felhaszn\u00e1l\u00e1s mellett j\u00f3 alternat\u00edv\u00e1k lehetnek a teljesen elektromos meghajt\u00e1s\u00fa aut\u00f3k is, amelyekben 4 \u00e9v vagy 100 ezer kilom\u00e9ter fut\u00e1s ut\u00e1n mind\u00f6ssze a pollensz\u0171r\u0151t \u00e9s a f\u00e9kfolyad\u00e9kot kell cser\u00e9lni. Karbantart\u00e1si ig\u00e9ny\u00fck \u00edgy ak\u00e1r 40 sz\u00e1zal\u00e9kkal alacsonyabb lehet, az \u00fczemanyagk\u00f6lts\u00e9g figyelembe v\u00e9tel\u00e9vel pedig ak\u00e1r 60 sz\u00e1zal\u00e9kkel is kedvez\u0151bb lehet a fenntart\u00e1suk. R\u00e1ad\u00e1sul a z\u00f6ld rendsz\u00e1mmal k\u00fcl\u00f6nleges kedvezm\u00e9nyek j\u00e1rnak, p\u00e9ld\u00e1ul a parkol\u00e1sra vonatkoz\u00f3an.\u201d<\/em><\/p>\n<p><strong>\u00a0<\/strong><\/p>\n<p><strong>Fenntart\u00e1si k\u00f6lts\u00e9gek: nem csak a beszerz\u00e9si \u00e1r sz\u00e1m\u00edt <\/strong><\/p>\n<p>A hazai c\u00e9gekn\u00e9l ugyancsak jellemz\u0151 attit\u0171d, hogy els\u0151sorban a beszerz\u00e9si \u00e1rat tartj\u00e1k szem el\u0151tt, noha m\u00e1r k\u00f6z\u00e9pt\u00e1von sem biztos, hogy a kedvez\u0151bb \u00e1r\u00fa aut\u00f3 lesz az, ami val\u00f3ban meg\u00e9ri. Ezt a TCO (Total Cost of Ownership), a teljes futamid\u0151re vonatkoz\u00f3 k\u00f6lts\u00e9gmutat\u00f3 kisz\u00e1m\u00edt\u00e1s\u00e1val tudj\u00e1k meg\u00e1llap\u00edtani a szakemberek, amely alapj\u00e1n el\u0151fordulhat, hogy a futamid\u0151 v\u00e9g\u00e9ig egy dr\u00e1g\u00e1bb aut\u00f3 lesz a takar\u00e9kosabb. A t\u00edpus melletti d\u00f6nt\u00e9s el\u0151tt tiszt\u00e1zni kell az aut\u00f3 haszn\u00e1lat\u00e1nak c\u00e9ljait is, hiszen m\u00e1s aut\u00f3 val\u00f3 p\u00e9ld\u00e1ul terepre \u00e9s megint m\u00e1s val\u00f3 v\u00e1rosi szem\u00e9lysz\u00e1ll\u00edt\u00e1sra. A nem funkci\u00f3j\u00e1nak megfelel\u0151en haszn\u00e1lt j\u00e1rm\u0171vet gyakrabban kell szervizelni \u00e9s kedvez\u0151tlenebb lesz az \u00fczemanyag-fogyaszt\u00e1sa.<\/p>\n<p><em>\u201eA szak\u00e9rt\u0151i tapasztalat jelent\u0151s seg\u00edts\u00e9g, hiszen sz\u00e1mos olyan t\u00e9nyez\u0151t t\u00e9rk\u00e9pez\u00fcnk fel \u00fcgyfeleink sz\u00e1m\u00e1ra, amelyek a j\u00e1rm\u0171 kiv\u00e1laszt\u00e1sa sor\u00e1n nem mindig mag\u00e1t\u00f3l \u00e9rtet\u0151d\u0151k\u201d<\/em> \u2013 h\u00edvja fel a r\u00e9szletk\u00e9rd\u00e9snek t\u0171n\u0151 szempontok fontoss\u00e1g\u00e1ra a figyelmet <strong>Kov\u00e1ch Krist\u00f3f, az Arval \u00e9rt\u00e9kes\u00edt\u00e9si igazgat\u00f3ja<\/strong>. <em>\u201eIlyen p\u00e9ld\u00e1ul az \u00e9ves szervizl\u00e1togat\u00e1sok v\u00e1rhat\u00f3 sz\u00e1ma, a v\u00e1rhat\u00f3 fut\u00e1steljes\u00edtm\u00e9ny, illetve ebb\u0151l k\u00f6vetkez\u0151en a gumiabroncsok csereig\u00e9nye. Javaslatot tesz\u00fcnk tov\u00e1bb\u00e1 a felszerelts\u00e9g \u00f6ssze\u00e1ll\u00edt\u00e1s\u00e1ra is, hiszen sokszor \u00e9rdemes t\u00f6bbet \u00e1ldozni extra biztons\u00e1gi felszerel\u00e9sekre, mint k\u00e9nyelmi extr\u00e1kra.\u201d<\/em><\/p>\n<p>Kasszak\u00edm\u00e9l\u0151 megold\u00e1s a flottakezel\u0151t\u0151l ig\u00e9nyelhet\u0151 \u00fczemanyagk\u00e1rtya is, amely az \u00edgy kaphat\u00f3 kedvezm\u00e9nyek mellett az egyes j\u00e1rm\u0171vek fogyaszt\u00e1si adatainak nyomon k\u00f6vet\u00e9s\u00e9t is lehet\u0151v\u00e9 teszi L\u00e9nyeges tov\u00e1bb\u00e1 az is, hogy a v\u00e1llalatn\u00e1l minden dolgoz\u00f3 tiszt\u00e1ban legyen az aut\u00f3 haszn\u00e1lat\u00e1ra vonatkoz\u00f3 jogosults\u00e1gaival: <em>\u201eAz Arvaln\u00e1l n\u00e9gy l\u00e9pcs\u0151ben alak\u00edtjuk ki az \u00fcgyf\u00e9l flottaszab\u00e1lyzat\u00e1t. Megvizsg\u00e1ljuk a technikai \u00e9s a p\u00e9nz\u00fcgyi param\u00e9tereket, majd elemezz\u00fck a HR \u00e9s a fenntarthat\u00f3s\u00e1ggal kapcsolatos el\u0151\u00edr\u00e1sokat. Ezek alapj\u00e1n tesz\u00fcnk javaslatot a V\u00e1llalati G\u00e9pj\u00e1rm\u0171 Szab\u00e1lyzat kialak\u00edt\u00e1s\u00e1ra, vagy annak finomhangol\u00e1s\u00e1ra\u201d<\/em> \u2013 tette hozz\u00e1 <strong>Kov\u00e1ch Krist\u00f3f<\/strong>. <em>\u201eA szab\u00e1lyzatnak k\u00f6vetnie kell a c\u00e9g aktu\u00e1lis ig\u00e9nyeit, ez\u00e9rt friss\u00edt\u00e9se fontos seg\u00edts\u00e9g ahhoz, hogy a c\u00e9ges j\u00e1rm\u0171park \u00fczemeltet\u00e9se megfeleljen a k\u00f6rnyezetv\u00e9delmi szempontoknak, \u00e9s egy\u00fattal gazdas\u00e1gos legyen.\u201d<\/em><\/p>\n<p>&nbsp;<\/p>\n<p><strong>Az ARVAL-r\u00f3l<\/strong><\/p>\n<p>A BNP Paribas tulajdon\u00e1ban l\u00e9v\u0151 Arval flottakezel\u0151t 1989-ben alap\u00edtott\u00e1k. A v\u00e1llalat jelenleg 28 orsz\u00e1gban van jelen, ahol t\u00f6bb mint 6 400 alkalmazottal 1 028 142 aut\u00f3t kezel (2016. decemberi \u00e1llapot). Az Arval tart\u00f3s b\u00e9rletekre \u00e9s flottamenedzsmentre specializ\u00e1l\u00f3dott, \u00fcgyfelei sz\u00e1m\u00e1ra szem\u00e9lyre szabott megold\u00e1sokat k\u00edn\u00e1l a j\u00e1rm\u0171park kezel\u00e9s\u00e9re. A k\u00f6zel h\u00e1rom \u00e9vtizedes nemzetk\u00f6zi tapasztalat, a g\u00e9pj\u00e1rm\u0171 gy\u00e1rt\u00f3kt\u00f3l val\u00f3 f\u00fcggetlens\u00e9g \u00e9s a gondosan kiv\u00e1lasztott, folyamatosan ellen\u0151rz\u00f6tt partnerh\u00e1l\u00f3zat a v\u00e1llalatok megb\u00edzhat\u00f3 partner\u00e9v\u00e9 teszik. Az Arval m\u0171k\u00f6d\u00e9s\u00e9nek n\u00e9gy pill\u00e9rre: a gazdas\u00e1gi felel\u0151ss\u00e9g, a t\u00e1rsadalmi felel\u0151ss\u00e9g, az \u00e1llampolg\u00e1ri felel\u0151ss\u00e9g, valamint a term\u00e9szeti k\u00f6rnyezet v\u00e9delme.<\/p>\n<p><strong>\u00a0<\/strong><\/p>\n","protected":false},"excerpt":{"rendered":"<p>Az Arval tapasztalatai szerint a flott\u00e1s aut\u00f3k ir\u00e1nti kereslet ny\u00e1ron sem cs\u00f6kken, \u00e9s egyre t\u00f6bb kis- \u00e9s k\u00f6z\u00e9pv\u00e1llalat ismeri fel a flottamenedzsment kiszervez\u00e9s\u00e9nek el\u0151nyeit. A flottakezel\u00e9st ennek ellen\u00e9re sok c\u00e9gn\u00e9l m\u00e9g mindig h\u00e1zon bel\u00fcl tartj\u00e1k, \u00edgy maguk fognak hozz\u00e1 az aut\u00f3park friss\u00edt\u00e9s\u00e9hez is. Ilyenkor az aut\u00f3 beszerz\u00e9si \u00e1ra vagy a k\u00e9nyelmi felszerel\u00e9sek k\u00f6z\u00f6tti v\u00e1logat\u00e1s gyakran &#8230;<\/p>\n","protected":false},"author":1,"featured_media":0,"comment_status":"closed","ping_status":"open","sticky":false,"template":"","format":"standard","meta":[],"categories":[19],"tags":[],"_links":{"self":[{"href":"https:\/\/gazdasagportal.hu\/index.php\/wp-json\/wp\/v2\/posts\/95540"}],"collection":[{"href":"https:\/\/gazdasagportal.hu\/index.php\/wp-json\/wp\/v2\/posts"}],"about":[{"href":"https:\/\/gazdasagportal.hu\/index.php\/wp-json\/wp\/v2\/types\/post"}],"author":[{"embeddable":true,"href":"https:\/\/gazdasagportal.hu\/index.php\/wp-json\/wp\/v2\/users\/1"}],"replies":[{"embeddable":true,"href":"https:\/\/gazdasagportal.hu\/index.php\/wp-json\/wp\/v2\/comments?post=95540"}],"version-history":[{"count":1,"href":"https:\/\/gazdasagportal.hu\/index.php\/wp-json\/wp\/v2\/posts\/95540\/revisions"}],"predecessor-version":[{"id":95541,"href":"https:\/\/gazdasagportal.hu\/index.php\/wp-json\/wp\/v2\/posts\/95540\/revisions\/95541"}],"wp:attachment":[{"href":"https:\/\/gazdasagportal.hu\/index.php\/wp-json\/wp\/v2\/media?parent=95540"}],"wp:term":[{"taxonomy":"category","embeddable":true,"href":"https:\/\/gazdasagportal.hu\/index.php\/wp-json\/wp\/v2\/categories?post=95540"},{"taxonomy":"post_tag","embeddable":true,"href":"https:\/\/gazdasagportal.hu\/index.php\/wp-json\/wp\/v2\/tags?post=95540"}],"curies":[{"name":"wp","href":"https:\/\/api.w.org\/{rel}","templated":true}]}}