{"id":95528,"date":"2017-07-19T07:58:49","date_gmt":"2017-07-19T05:58:49","guid":{"rendered":"http:\/\/gazdasagportal.hu\/?p=95528"},"modified":"2017-07-19T07:29:47","modified_gmt":"2017-07-19T05:29:47","slug":"dizelbotrany-tobb-mint-harommillio-mercedest-hiv-vissza-a-daimler","status":"publish","type":"post","link":"https:\/\/gazdasagportal.hu\/index.php\/dizelbotrany-tobb-mint-harommillio-mercedest-hiv-vissza-a-daimler\/","title":{"rendered":"D\u00edzelbotr\u00e1ny &#8211; T\u00f6bb mint h\u00e1rommilli\u00f3 Mercedest h\u00edv vissza a Daimler"},"content":{"rendered":"<p><strong>A Daimler visszah\u00edv szervizel\u00e9sre t\u00f6bb mint h\u00e1rommilli\u00f3 Mercedes-Benz t\u00edpus\u00fa g\u00e9pkocsit &#8211; k\u00f6z\u00f6lte kedden a n\u00e9met aut\u00f3gy\u00e1rt\u00f3.<\/strong><!--more--><\/p>\n<div class=\"ads-in-post1\"><div id=\"gazdasagportal.hu_fullbanner_wideboard\"><\/div>\r\n<\/div>\n<p>    A Daimler azut\u00e1n hat\u00e1rozott a visszah\u00edv\u00e1sr\u00f3l, hogy a versenyt\u00e1rs Volkswagenn\u00e9l (VW) kirobbant d\u00edzelbotr\u00e1nyhoz hasonl\u00f3 vissza\u00e9l\u00e9s gyan\u00faj\u00e1ba ker\u00fclt.<br \/>\n    K\u00f6zlem\u00e9nye szerint kor\u00e1bban ind\u00edtott \u00f6nk\u00e9ntes visszah\u00edv\u00e1si akci\u00f3j\u00e1t kiterjeszti csaknem valamennyi Eur\u00f3p\u00e1ban \u00e9rt\u00e9kes\u00edtett, EU5 \u00e9s EU6 k\u00f6rnyezetv\u00e9delmi besorol\u00e1s\u00fa, d\u00edzel\u00fczem\u0171 Mercedes-Benz g\u00e9pkocsira.<br \/>\n    A t\u00e1rsas\u00e1g mintegy 220 milli\u00f3 eur\u00f3t (68 milli\u00e1rd forint) ford\u00edt a k\u00e1rosanyag-kibocs\u00e1t\u00e1st \u00e9rint\u0151 beavatkoz\u00e1sra, amelyet ingyenesen v\u00e9geznek el. A visszah\u00edv\u00e1s a k\u00f6vetkez\u0151 h\u00e9ten kezd\u0151dik, \u00e9s az aut\u00f3k nagy sz\u00e1ma miatt v\u00e1rhat\u00f3an hosszabb ideig tart majd &#8211; \u00e1ll a k\u00f6zlem\u00e9nyben.<br \/>\n    Hozz\u00e1tett\u00e9k, hogy az int\u00e9zked\u00e9st a n\u00e9met hat\u00f3s\u00e1gokkal szoros egy\u00fcttm\u0171k\u00f6d\u00e9sben v\u00e9gzik el.<br \/>\n    A t\u00e1rsas\u00e1g igazgat\u00f3s\u00e1g\u00e1nak eln\u00f6ke, Dieter Zetsche hangs\u00falyozta, hogy bizonytalans\u00e1got kelt a VW 2015-ben kirobbant d\u00edzelbotr\u00e1nya nyom\u00e1n indult &#8222;k\u00f6z\u00e9leti vita a d\u00edzelmotorokr\u00f3l, k\u00fcl\u00f6n\u00f6sen a mi fogyaszt\u00f3inkn\u00e1l&#8221;.<br \/>\n    A Daimler ez\u00e9rt nemcsak a t\u00f6bb mint h\u00e1rommilli\u00f3 kocsi ingyenes \u00e1talak\u00edt\u00e1s\u00e1val, hanem egy &#8222;teljesen \u00faj d\u00edzelmotorcsal\u00e1d gyors piaci bevezet\u00e9s\u00e9vel&#8221; is igyekszik meger\u0151s\u00edteni a d\u00edzeltechnol\u00f3gia ir\u00e1nti bizalmat, amely &#8222;meggy\u0151z\u0151d\u00e9s\u00fcnk szerint tov\u00e1bbra is szil\u00e1rd eleme lesz a meghajt\u00e1si rendszerek \u00f6sszess\u00e9g\u00e9nek, nem utols\u00f3sorban az alacsony sz\u00e9n-dioxid-kibocs\u00e1t\u00e1s miatt&#8221; &#8211; mondta a Daimler vezet\u0151je.<br \/>\n    A n\u00e9met k\u00f6z\u00fati k\u00f6zleked\u00e9si hat\u00f3s\u00e1g (KBA) a VW d\u00edzelbotr\u00e1nya miatt ind\u00edtott vizsg\u00e1latai felt\u0171n\u0151en magas nitrog\u00e9n-oxid-kibocs\u00e1t\u00e1st mutatattak ki egyes Mercedes-modellekn\u00e9l, amelyekben egy szerkezet a k\u00fcls\u0151 h\u0151m\u00e9rs\u00e9klet f\u00fcggv\u00e9ny\u00e9ben &#8211; hideg id\u0151ben &#8211; cs\u00f6kkentheti a kipufog\u00f3g\u00e1z tiszt\u00edt\u00e1s\u00e1t v\u00e9gz\u0151 berendez\u00e9s teljes\u00edtm\u00e9ny\u00e9t.<br \/>\n    A Daimler indokl\u00e1sa szerint ez a megold\u00e1s a motor k\u00e1rosod\u00e1s\u00e1nak elker\u00fcl\u00e9s\u00e9t szolg\u00e1lja. Az \u00fcgy v\u00e9g\u00fcl megegyez\u00e9ssel z\u00e1rult, a gy\u00e1rt\u00f3 v\u00e1llalta, hogy \u00f6nk\u00e9nt visszah\u00edv 274 ezer aut\u00f3t, \u00e9s m\u00f3dos\u00edtja a k\u00e1ros anyag tiszt\u00edt\u00e1s\u00e1t v\u00e9gz\u0151 berendez\u00e9st szab\u00e1lyoz\u00f3 szerkezet be\u00e1ll\u00edt\u00e1sait.<br \/>\n    A t\u00e1rsas\u00e1g keddi k\u00f6zlem\u00e9nyei szerint ezt a m\u00e1rciusban ind\u00edtott, \u00e9s nagyj\u00e1b\u00f3l 45 sz\u00e1zal\u00e9kban m\u00e1r elv\u00e9gzett visszah\u00edv\u00e1si akci\u00f3t terjesztik most ki.<br \/>\n    Az \u00fcgy k\u00f6zvetlen el\u0151zm\u00e9nye a stuttgarti \u00fcgy\u00e9szs\u00e9g vizsg\u00e1lata, amelyet &#8211; a hat\u00f3s\u00e1g k\u00f6zlem\u00e9nye szerint &#8211; a Daimlern\u00e9l dolgoz\u00f3 &#8222;ismert \u00e9s ismeretlen&#8221; szem\u00e9lyek ellen ind\u00edtottak d\u00edzel\u00fczem\u0171 aut\u00f3k k\u00e1rosanyag-kibocs\u00e1t\u00e1s\u00e1val kapcsolatos manipul\u00e1ci\u00f3 \u00e9s jogs\u00e9rt\u0151 rekl\u00e1m gyan\u00faja miatt.<br \/>\n    Ebben a vizsg\u00e1latban n\u00e9met sajt\u00f3\u00e9rtes\u00fcl\u00e9sek szerint arra utal\u00f3 adatokat t\u00e1rtak fel, hogy a t\u00e1rsas\u00e1g 2008-t\u00f3l 2016-ig nagyj\u00e1b\u00f3l egymilli\u00f3 olyan aut\u00f3t \u00e9s kisbuszt adott el, amelynek motorja vizsg\u00e1lati k\u00f6r\u00fclm\u00e9nyek k\u00f6z\u00f6tt a maxim\u00e1lisan enged\u00e9lyezettn\u00e9l kevesebb k\u00e1ros anyagot termel, a forgalomban viszont t\u00f6bbet.<br \/>\n    A sz\u00f6vets\u00e9gi k\u00f6zleked\u00e9si miniszt\u00e9rium az el\u0151z\u0151 h\u00e9ten az \u00fcgy\u00e9szs\u00e9g meg\u00e1llap\u00edt\u00e1sai nyom\u00e1n berendelte a Daimler k\u00e9pvisel\u0151it a d\u00edzelbotr\u00e1nnyal foglalkoz\u00f3 miniszt\u00e9riumi bizotts\u00e1g el\u00e9. A t\u00e1rca t\u00e1j\u00e9koztat\u00e1sa szerint a megbesz\u00e9l\u00e9sen Ola K\u00e4llenius fejleszt\u00e9si igazgat\u00f3 ismertette a Daimler \u00e1ll\u00e1spontj\u00e1t, miszerint a t\u00e1rsas\u00e1g a jogi el\u0151\u00edr\u00e1soknak megfelel\u0151en tev\u00e9kenykedik. A miniszt\u00e9rium pedig \u00fagy d\u00f6nt\u00f6tt, hogy tov\u00e1bbi Daimler-gy\u00e1rtm\u00e1nyok ellen\u0151rz\u00e9s\u00e9re utas\u00edtja a KBA-t.<br \/>\n    A d\u00edzelbotr\u00e1ny 2015 szeptember\u00e9ben kezd\u0151d\u00f6tt, amikor az Egyes\u00fclt \u00c1llamok K\u00f6rnyezetv\u00e9delmi \u00dcgyn\u00f6ks\u00e9ge (EPA) megv\u00e1dolta a VW-t, hogy olyan szoftvert telep\u00edtett 482 ezer d\u00edzel\u00fczem\u0171 j\u00e1rm\u0171be, amely \u00e9rz\u00e9keli a m\u00e9r\u00e9s k\u00f6r\u00fclm\u00e9nyeit. Az aut\u00f3 \u00edgy a teszteken a val\u00f3s\u00e1gos nitrog\u00e9n-oxid-kibocs\u00e1t\u00e1s t\u00f6red\u00e9k\u00e9t produk\u00e1lja, vagyis csal a vizsg\u00e1n. A VW elismerte a csal\u00e1st. Az \u00fcgy vil\u00e1gszerte a VW mintegy 11 milli\u00f3 g\u00e9pj\u00e1rm\u0171v\u00e9t \u00e9rinti, ezek k\u00f6z\u00fcl 8,5 milli\u00f3t az EU-ban adtak el.(MTI)<\/p>\n","protected":false},"excerpt":{"rendered":"<p>A Daimler visszah\u00edv szervizel\u00e9sre t\u00f6bb mint h\u00e1rommilli\u00f3 Mercedes-Benz t\u00edpus\u00fa g\u00e9pkocsit &#8211; k\u00f6z\u00f6lte kedden a n\u00e9met aut\u00f3gy\u00e1rt\u00f3.<\/p>\n","protected":false},"author":1,"featured_media":0,"comment_status":"closed","ping_status":"open","sticky":false,"template":"","format":"standard","meta":[],"categories":[246],"tags":[],"_links":{"self":[{"href":"https:\/\/gazdasagportal.hu\/index.php\/wp-json\/wp\/v2\/posts\/95528"}],"collection":[{"href":"https:\/\/gazdasagportal.hu\/index.php\/wp-json\/wp\/v2\/posts"}],"about":[{"href":"https:\/\/gazdasagportal.hu\/index.php\/wp-json\/wp\/v2\/types\/post"}],"author":[{"embeddable":true,"href":"https:\/\/gazdasagportal.hu\/index.php\/wp-json\/wp\/v2\/users\/1"}],"replies":[{"embeddable":true,"href":"https:\/\/gazdasagportal.hu\/index.php\/wp-json\/wp\/v2\/comments?post=95528"}],"version-history":[{"count":1,"href":"https:\/\/gazdasagportal.hu\/index.php\/wp-json\/wp\/v2\/posts\/95528\/revisions"}],"predecessor-version":[{"id":95529,"href":"https:\/\/gazdasagportal.hu\/index.php\/wp-json\/wp\/v2\/posts\/95528\/revisions\/95529"}],"wp:attachment":[{"href":"https:\/\/gazdasagportal.hu\/index.php\/wp-json\/wp\/v2\/media?parent=95528"}],"wp:term":[{"taxonomy":"category","embeddable":true,"href":"https:\/\/gazdasagportal.hu\/index.php\/wp-json\/wp\/v2\/categories?post=95528"},{"taxonomy":"post_tag","embeddable":true,"href":"https:\/\/gazdasagportal.hu\/index.php\/wp-json\/wp\/v2\/tags?post=95528"}],"curies":[{"name":"wp","href":"https:\/\/api.w.org\/{rel}","templated":true}]}}