{"id":95526,"date":"2017-07-19T07:10:13","date_gmt":"2017-07-19T05:10:13","guid":{"rendered":"http:\/\/gazdasagportal.hu\/?p=95526"},"modified":"2017-07-19T07:10:13","modified_gmt":"2017-07-19T05:10:13","slug":"trump-es-putyin-kozott-volt-egy-eddig-nyilvanossagra-nem-kerult-talalkozo-is-hamburgban","status":"publish","type":"post","link":"https:\/\/gazdasagportal.hu\/index.php\/trump-es-putyin-kozott-volt-egy-eddig-nyilvanossagra-nem-kerult-talalkozo-is-hamburgban\/","title":{"rendered":"Trump \u00e9s Putyin k\u00f6z\u00f6tt volt egy eddig nyilv\u00e1noss\u00e1gra nem ker\u00fclt tal\u00e1lkoz\u00f3 is Hamburgban"},"content":{"rendered":"<p><strong>Donald Trump amerikai \u00e9s Vlagyimir Putyin orosz eln\u00f6k a G20-as orsz\u00e1gcsoport hamburgi cs\u00facstal\u00e1lkoz\u00f3j\u00e1n nem egyszer, hanem k\u00e9tszer tal\u00e1lkozott. Kedd k\u00e9s\u0151n este kider\u00fclt: nem k\u00fcl\u00f6n tal\u00e1lkoz\u00f3r\u00f3l volt sz\u00f3, hanem a vacsorai besz\u00e9lget\u00e9sr\u0151l.<\/strong><!--more--><\/p>\n<div class=\"ads-in-post1\"><div id=\"gazdasagportal.hu_fullbanner_wideboard\"><\/div>\r\n<\/div>\n<p>     A m\u00e1sodik megbesz\u00e9l\u00e9s t\u00e9nye eddig nem ker\u00fclt nyilv\u00e1noss\u00e1gra. Kedden este a Reuters brit h\u00edr\u00fcgyn\u00f6ks\u00e9g \u00e9s a CNN h\u00edrtelev\u00edzi\u00f3 k\u00f6z\u00f6lte a h\u00edrt, majd az inform\u00e1ci\u00f3t percekkel k\u00e9s\u0151bb meger\u0151s\u00edtette a Feh\u00e9r H\u00e1z egyik illet\u00e9kese is. Az eln\u00f6ki hivatal azonban nem tett eml\u00edt\u00e9st arr\u00f3l, hogy a k\u00e9t \u00e1llamf\u0151 m\u00e1sodik tal\u00e1lkoz\u00f3ja milyen hosszan tartott \u00e9s mi volt a megbesz\u00e9l\u00e9s t\u00e9m\u00e1ja.<br \/>\n    Kedden k\u00e9s\u0151n este kider\u00fclt: a k\u00e9t \u00e1llamf\u0151 nem k\u00fcl\u00f6n tal\u00e1lkoz\u00f3t tartott, hanem a vacsoraasztaln\u00e1l besz\u00e9lgettek. Vlagyimir Putyin mell\u00e9 \u00fcltett\u00e9k az amerikai first ladyt, Melania Trumpot, majd a vacsora v\u00e9gezt\u00e9vel Trump csatlakozott hozz\u00e1juk, \u00e9s bekapcsol\u00f3dott a besz\u00e9lget\u00e9sbe.<br \/>\n    A felt\u00e9telezett m\u00e1sodik tal\u00e1lkoz\u00f3r\u00f3l sz\u00f3l\u00f3 inform\u00e1ci\u00f3 kedden este bej\u00e1rta az amerikai sajt\u00f3t, a legnagyobb telev\u00edzi\u00f3s csatorn\u00e1k a besz\u00e9lget\u00e9s felt\u00e9telezett tartalm\u00e1t vitatt\u00e1k. A CNN h\u00edrtelev\u00edzi\u00f3ban p\u00e9ld\u00e1ul azt latolgatt\u00e1k, hogy Melania Trump &#8211; mivel szlov\u00e9n sz\u00fclet\u00e9s\u0171 &#8211; val\u00f3sz\u00edn\u0171leg oroszul besz\u00e9lgetett Putyinnal, ki tudja, mir\u0151l, az amerikai k\u00f6zszolg\u00e1lati r\u00e1di\u00f3 (NPR) pedig Sean Spicer sz\u00f3viv\u0151re hivatkozva &#8222;t\u00e1lalta&#8221; a t\u00f6rt\u00e9netet. Spicer, a Feh\u00e9r H\u00e1z sz\u00f3viv\u0151je azonban csak annyit mondott, hogy Trump \u00e9s Putyin a cs\u00facstal\u00e1lkoz\u00f3n tartott t\u00e1rgyal\u00e1sok ut\u00e1ni d\u00edszvacsor\u00e1n is elbesz\u00e9lgetett egym\u00e1ssal. Az NPR szerint a m\u00e1sodik t\u00e1rgyal\u00e1sr\u00f3l sz\u00f3l\u00f3 inform\u00e1ci\u00f3 Ian Bremmert\u0151l, a politikai konzult\u00e1ci\u00f3val foglalkoz\u00f3, New York-i sz\u00e9khely\u0171, a demokrat\u00e1khoz k\u00f6zel\u00e1ll\u00f3 Eurasia Csoport eln\u00f6k\u00e9t\u0151l sz\u00e1rmazott, aki ugyan nem volt ott Hamburgban, de azt \u00e1ll\u00edtotta, hogy a cs\u00facstal\u00e1lkoz\u00f3n r\u00e9sztvev\u0151 politikusokt\u00f3l hallott Trump \u00e9s Putyin \u00fajabb, eddig nyilv\u00e1noss\u00e1gra nem hozott t\u00e1rgyal\u00e1s\u00e1r\u00f3l. A k\u00f6zszolg\u00e1lati r\u00e1di\u00f3 megsz\u00f3laltatta Bremmert, aki azt \u00e1ll\u00edtotta, hogy a k\u00e9t \u00e1llamf\u0151 m\u00e1sodj\u00e1ra egy \u00f3r\u00e1n kereszt\u00fcl besz\u00e9lgetett \u00e9s ezzel &#8222;megh\u00f6kkentette&#8221; a vil\u00e1g vezet\u0151 politikusait. Bremmer hosszasan fejtegette azt is, hogy tudom\u00e1sa szerint Trump \u00e9s Puyin &#8222;bizalmasan&#8221; besz\u00e9lgetett egym\u00e1ssal.<br \/>\n    Donald Trump a h\u00edrek \u00e9s tal\u00e1lgat\u00e1sok megjelen\u00e9se ut\u00e1n, kedden k\u00e9s\u0151n este, Twitter-bejegyz\u00e9sben reag\u00e1lt. &#8222;Beteg dolog a hamis h\u00edreket gy\u00e1rt\u00f3 m\u00e9dia t\u00f6rt\u00e9nete a titkos tal\u00e1lkoz\u00f3r\u00f3l Putyinnal. N\u00e9metorsz\u00e1g kancell\u00e1rja a G20-ak valamennyi vezet\u0151j\u00e9t a hitves\u00fckkel egy\u00fctt megh\u00edvta. A sajt\u00f3 tudott err\u0151l!&#8221; &#8211; \u00edrta az eln\u00f6k.<br \/>\n    A G20-as orsz\u00e1gcsoport j\u00falius elej\u00e9n tartotta cs\u00facstal\u00e1lkoz\u00f3j\u00e1t a n\u00e9metorsz\u00e1gi Hamburgban, \u00e9s az eddig nyilv\u00e1noss\u00e1gra ker\u00fclt inform\u00e1ci\u00f3k szerint Donald Trump \u00e9s Vlagyimir Putyin hivatalos t\u00e1rgyal\u00e1sa a tervezettn\u00e9l j\u00f3val hosszabb ideig, t\u00f6bb mint k\u00e9t \u00e9s f\u00e9l \u00f3r\u00e1n kereszt\u00fcl tartott.(MTI)<\/p>\n","protected":false},"excerpt":{"rendered":"<p>Donald Trump amerikai \u00e9s Vlagyimir Putyin orosz eln\u00f6k a G20-as orsz\u00e1gcsoport hamburgi cs\u00facstal\u00e1lkoz\u00f3j\u00e1n nem egyszer, hanem k\u00e9tszer tal\u00e1lkozott. Kedd k\u00e9s\u0151n este kider\u00fclt: nem k\u00fcl\u00f6n tal\u00e1lkoz\u00f3r\u00f3l volt sz\u00f3, hanem a vacsorai besz\u00e9lget\u00e9sr\u0151l.<\/p>\n","protected":false},"author":1,"featured_media":0,"comment_status":"closed","ping_status":"open","sticky":false,"template":"","format":"standard","meta":[],"categories":[12],"tags":[],"_links":{"self":[{"href":"https:\/\/gazdasagportal.hu\/index.php\/wp-json\/wp\/v2\/posts\/95526"}],"collection":[{"href":"https:\/\/gazdasagportal.hu\/index.php\/wp-json\/wp\/v2\/posts"}],"about":[{"href":"https:\/\/gazdasagportal.hu\/index.php\/wp-json\/wp\/v2\/types\/post"}],"author":[{"embeddable":true,"href":"https:\/\/gazdasagportal.hu\/index.php\/wp-json\/wp\/v2\/users\/1"}],"replies":[{"embeddable":true,"href":"https:\/\/gazdasagportal.hu\/index.php\/wp-json\/wp\/v2\/comments?post=95526"}],"version-history":[{"count":1,"href":"https:\/\/gazdasagportal.hu\/index.php\/wp-json\/wp\/v2\/posts\/95526\/revisions"}],"predecessor-version":[{"id":95527,"href":"https:\/\/gazdasagportal.hu\/index.php\/wp-json\/wp\/v2\/posts\/95526\/revisions\/95527"}],"wp:attachment":[{"href":"https:\/\/gazdasagportal.hu\/index.php\/wp-json\/wp\/v2\/media?parent=95526"}],"wp:term":[{"taxonomy":"category","embeddable":true,"href":"https:\/\/gazdasagportal.hu\/index.php\/wp-json\/wp\/v2\/categories?post=95526"},{"taxonomy":"post_tag","embeddable":true,"href":"https:\/\/gazdasagportal.hu\/index.php\/wp-json\/wp\/v2\/tags?post=95526"}],"curies":[{"name":"wp","href":"https:\/\/api.w.org\/{rel}","templated":true}]}}