{"id":95515,"date":"2017-07-18T16:29:53","date_gmt":"2017-07-18T14:29:53","guid":{"rendered":"http:\/\/gazdasagportal.hu\/?p=95515"},"modified":"2017-07-18T16:29:53","modified_gmt":"2017-07-18T14:29:53","slug":"magyarorszag-is-csatlakozott-az-5g-fejlesztesrol-szolo-nyilatkozathoz-esztorszagban","status":"publish","type":"post","link":"https:\/\/gazdasagportal.hu\/index.php\/magyarorszag-is-csatlakozott-az-5g-fejlesztesrol-szolo-nyilatkozathoz-esztorszagban\/","title":{"rendered":"Magyarorsz\u00e1g is csatlakozott az 5G-fejleszt\u00e9sr\u0151l sz\u00f3l\u00f3 nyilatkozathoz \u00c9sztorsz\u00e1gban"},"content":{"rendered":"<p><strong>Magyarorsz\u00e1g is csatlakozott a t\u00e1vk\u00f6zl\u00e9si miniszterek \u00e9sztorsz\u00e1gi inform\u00e1lis tal\u00e1lkoz\u00f3j\u00e1n az 5G-fejleszt\u00e9sr\u0151l sz\u00f3l\u00f3 nyilatkozathoz, amely az \u00faj technol\u00f3gi\u00e1t seg\u00edt\u0151 politikai \u00e9s szab\u00e1lyoz\u00e1si keret megteremt\u00e9s\u00e9t szorgalmazza &#8211; k\u00f6z\u00f6lte a Nemzeti Fejleszt\u00e9si Miniszt\u00e9rium (NFM) kedden az MTI-vel.<\/strong><!--more--><\/p>\n<div class=\"ads-in-post1\"><div id=\"gazdasagportal.hu_fullbanner_wideboard\"><\/div>\r\n<\/div>\n<p>    A miniszt\u00e9rium ismertette, hogy a dokumentum szerint Eur\u00f3pa glob\u00e1lis piacvezet\u0151 szerepre t\u00f6r az 5G technol\u00f3gi\u00e1ban.<br \/>\n    A k\u00f6zlem\u00e9ny id\u00e9zi Mernyei \u00c1kos P\u00e9tert, az NFM Eur\u00f3pai uni\u00f3s \u00e9s nemzetk\u00f6zi kapcsolatok\u00e9rt felel\u0151s helyettes \u00e1llamtitk\u00e1r\u00e1t, aki a tal\u00e1lkoz\u00f3n hangs\u00falyozta: az 5G a k\u00f6zleked\u00e9st, az eg\u00e9szs\u00e9g\u00fcgyet, az energi\u00e1t, a f\u00f6ldm\u0171vel\u00e9st is befoly\u00e1solni fogja, \u00edgy a kor\u00e1bbi mobilkommunik\u00e1ci\u00f3s h\u00e1l\u00f3zati fejleszt\u00e9sekn\u00e9l nagyobb hat\u00e1sa lesz. Hozz\u00e1tette, hogy Magyarorsz\u00e1g a vil\u00e1g harmadik legjobb min\u0151s\u00e9g\u0171 4G mobilh\u00e1l\u00f3zat\u00e1val rendelkezik, \u00edgy kedvez\u0151 helyzetb\u0151l indul a k\u00f6vetkez\u0151 gener\u00e1ci\u00f3s fejleszt\u00e9sek ter\u00e9n kibontakoz\u00f3 nemzetk\u00f6zi versenyben.<br \/>\n    A helyettes \u00e1llamtitk\u00e1r a k\u00f6zlem\u00e9ny szerint felid\u00e9zte, hogy a vil\u00e1g legnagyobb mobil- \u00e9s technol\u00f3giai v\u00e1llalatai Magyarorsz\u00e1gon is jelen vannak \u00e9s elk\u00f6telezettek a fejleszt\u00e9sek ir\u00e1nt. Kiemelte a Zalaegerszegen \u00e9p\u00fcl\u0151 j\u00e1rm\u0171ipari tesztp\u00e1ly\u00e1t, amely az \u00faj technol\u00f3gi\u00e1kra \u00e9p\u00fcl\u0151 alkalmaz\u00e1sok tesztel\u00e9s\u00e9t is lehet\u0151v\u00e9 teszi &#8211; \u00edrta az NFM.(MTI)<\/p>\n","protected":false},"excerpt":{"rendered":"<p>Magyarorsz\u00e1g is csatlakozott a t\u00e1vk\u00f6zl\u00e9si miniszterek \u00e9sztorsz\u00e1gi inform\u00e1lis tal\u00e1lkoz\u00f3j\u00e1n az 5G-fejleszt\u00e9sr\u0151l sz\u00f3l\u00f3 nyilatkozathoz, amely az \u00faj technol\u00f3gi\u00e1t seg\u00edt\u0151 politikai \u00e9s szab\u00e1lyoz\u00e1si keret megteremt\u00e9s\u00e9t szorgalmazza &#8211; k\u00f6z\u00f6lte a Nemzeti Fejleszt\u00e9si Miniszt\u00e9rium (NFM) kedden az MTI-vel.<\/p>\n","protected":false},"author":1,"featured_media":0,"comment_status":"closed","ping_status":"open","sticky":false,"template":"","format":"standard","meta":[],"categories":[4,19],"tags":[],"_links":{"self":[{"href":"https:\/\/gazdasagportal.hu\/index.php\/wp-json\/wp\/v2\/posts\/95515"}],"collection":[{"href":"https:\/\/gazdasagportal.hu\/index.php\/wp-json\/wp\/v2\/posts"}],"about":[{"href":"https:\/\/gazdasagportal.hu\/index.php\/wp-json\/wp\/v2\/types\/post"}],"author":[{"embeddable":true,"href":"https:\/\/gazdasagportal.hu\/index.php\/wp-json\/wp\/v2\/users\/1"}],"replies":[{"embeddable":true,"href":"https:\/\/gazdasagportal.hu\/index.php\/wp-json\/wp\/v2\/comments?post=95515"}],"version-history":[{"count":1,"href":"https:\/\/gazdasagportal.hu\/index.php\/wp-json\/wp\/v2\/posts\/95515\/revisions"}],"predecessor-version":[{"id":95516,"href":"https:\/\/gazdasagportal.hu\/index.php\/wp-json\/wp\/v2\/posts\/95515\/revisions\/95516"}],"wp:attachment":[{"href":"https:\/\/gazdasagportal.hu\/index.php\/wp-json\/wp\/v2\/media?parent=95515"}],"wp:term":[{"taxonomy":"category","embeddable":true,"href":"https:\/\/gazdasagportal.hu\/index.php\/wp-json\/wp\/v2\/categories?post=95515"},{"taxonomy":"post_tag","embeddable":true,"href":"https:\/\/gazdasagportal.hu\/index.php\/wp-json\/wp\/v2\/tags?post=95515"}],"curies":[{"name":"wp","href":"https:\/\/api.w.org\/{rel}","templated":true}]}}