{"id":95497,"date":"2017-07-18T11:11:22","date_gmt":"2017-07-18T09:11:22","guid":{"rendered":"http:\/\/gazdasagportal.hu\/?p=95497"},"modified":"2017-07-18T11:11:22","modified_gmt":"2017-07-18T09:11:22","slug":"elegedett-a-nav-az-adotraffipax-eredmenyeivel","status":"publish","type":"post","link":"https:\/\/gazdasagportal.hu\/index.php\/elegedett-a-nav-az-adotraffipax-eredmenyeivel\/","title":{"rendered":"El\u00e9gedett a NAV az AD\u00d3traffipax eredm\u00e9nyeivel"},"content":{"rendered":"<p><strong>N\u00f6veli az ad\u00f3bev\u00e9teleket, a kiadott nyugt\u00e1k \u00e9s a bejelentett alkalmazottak sz\u00e1m\u00e1t az AD\u00d3traffipax, a Nemzeti Ad\u00f3- \u00e9s V\u00e1mhivatal (NAV) honlapj\u00e1nak f\u0151oldal\u00e1n megtal\u00e1lhat\u00f3 rovatban megy\u00e9kre lebontva el\u0151re k\u00f6zlik, hogy melyik id\u0151szakban hova mennek ellen\u0151rizni az ad\u00f3hat\u00f3s\u00e1g munkat\u00e1rsai \u00e9s mit vizsg\u00e1lnak &#8211; mondta el Kiss P\u00e9ter Andr\u00e1s, a NAV ad\u00f3szakmai sz\u00f3viv\u0151je az M1 aktu\u00e1lis csatorn\u00e1n kedden.<\/strong><!--more--><\/p>\n<div class=\"ads-in-post1\"><div id=\"gazdasagportal.hu_fullbanner_wideboard\"><\/div>\r\n<\/div>\n<p>    Az ad\u00f3hat\u00f3s\u00e1g m\u00e1rciusban ind\u00edtotta el a szolg\u00e1ltat\u00e1st, az\u00f3ta 162-szer hirdettek meg el\u0151re ellen\u0151rz\u00e9seket, \u00e9s a rovatot t\u00f6bb mint 50 ezren n\u00e9zt\u00e9k meg.<br \/>\n    A sz\u00f3viv\u0151 hangs\u00falyozta: a v\u00e1llalkoz\u00e1sok betartj\u00e1k a szab\u00e1lyokat, ha tudj\u00e1k, hogy sz\u00e1m\u00edthatnak vizsg\u00e1latra, ugyanakkor tov\u00e1bbra is vannak v\u00e1ratlan ellen\u0151rz\u00e9sek \u00e9s van ut\u00f3lagos nyomon k\u00f6vet\u00e9s is.<br \/>\n    Sz\u00e1m\u00edthat ellen\u0151rz\u00e9sre az a v\u00e1llalkoz\u00e1s, ahol a NAV munkat\u00e1rsai nagy ingadoz\u00e1st tapasztalnak, a meghirdetett akci\u00f3 idej\u00e9n megugrik a bev\u00e9tel, majd visszaesik &#8211; k\u00f6z\u00f6lte.<br \/>\n    Felh\u00edvta a figyelmet arra is, hogy j\u00falius 10-30. k\u00f6z\u00f6tt az \u00e1tlagosn\u00e1l gyakrabban lehet az ad\u00f3ellen\u0151r\u00f6k megjelen\u00e9s\u00e9re sz\u00e1m\u00edtani Budapesten \u00e9s k\u00f6rny\u00e9k\u00e9n. Vannak olyan ny\u00e1ri rendezv\u00e9nyek, sportesem\u00e9nyek, amelyek jelent\u0151s sz\u00e1m\u00fa l\u00e1togat\u00f3t vonzanak, \u00edgy a turizmushoz kapcsol\u00f3dva vizsg\u00e1lj\u00e1k egyebek k\u00f6z\u00f6tt a sz\u00e1ll\u00e1shely-szolg\u00e1ltat\u00f3kat, a taxisokat, a keresked\u0151ket, a vend\u00e9gl\u00e1t\u00f3- \u00e9s sz\u00f3rakoz\u00f3helyeket &#8211; jelezte Kiss P\u00e9ter Andr\u00e1s.(MTI)<\/p>\n","protected":false},"excerpt":{"rendered":"<p>N\u00f6veli az ad\u00f3bev\u00e9teleket, a kiadott nyugt\u00e1k \u00e9s a bejelentett alkalmazottak sz\u00e1m\u00e1t az AD\u00d3traffipax, a Nemzeti Ad\u00f3- \u00e9s V\u00e1mhivatal (NAV) honlapj\u00e1nak f\u0151oldal\u00e1n megtal\u00e1lhat\u00f3 rovatban megy\u00e9kre lebontva el\u0151re k\u00f6zlik, hogy melyik id\u0151szakban hova mennek ellen\u0151rizni az ad\u00f3hat\u00f3s\u00e1g munkat\u00e1rsai \u00e9s mit vizsg\u00e1lnak &#8211; mondta el Kiss P\u00e9ter Andr\u00e1s, a NAV ad\u00f3szakmai sz\u00f3viv\u0151je az M1 aktu\u00e1lis csatorn\u00e1n kedden.<\/p>\n","protected":false},"author":1,"featured_media":0,"comment_status":"closed","ping_status":"open","sticky":false,"template":"","format":"standard","meta":[],"categories":[20,19],"tags":[],"_links":{"self":[{"href":"https:\/\/gazdasagportal.hu\/index.php\/wp-json\/wp\/v2\/posts\/95497"}],"collection":[{"href":"https:\/\/gazdasagportal.hu\/index.php\/wp-json\/wp\/v2\/posts"}],"about":[{"href":"https:\/\/gazdasagportal.hu\/index.php\/wp-json\/wp\/v2\/types\/post"}],"author":[{"embeddable":true,"href":"https:\/\/gazdasagportal.hu\/index.php\/wp-json\/wp\/v2\/users\/1"}],"replies":[{"embeddable":true,"href":"https:\/\/gazdasagportal.hu\/index.php\/wp-json\/wp\/v2\/comments?post=95497"}],"version-history":[{"count":1,"href":"https:\/\/gazdasagportal.hu\/index.php\/wp-json\/wp\/v2\/posts\/95497\/revisions"}],"predecessor-version":[{"id":95498,"href":"https:\/\/gazdasagportal.hu\/index.php\/wp-json\/wp\/v2\/posts\/95497\/revisions\/95498"}],"wp:attachment":[{"href":"https:\/\/gazdasagportal.hu\/index.php\/wp-json\/wp\/v2\/media?parent=95497"}],"wp:term":[{"taxonomy":"category","embeddable":true,"href":"https:\/\/gazdasagportal.hu\/index.php\/wp-json\/wp\/v2\/categories?post=95497"},{"taxonomy":"post_tag","embeddable":true,"href":"https:\/\/gazdasagportal.hu\/index.php\/wp-json\/wp\/v2\/tags?post=95497"}],"curies":[{"name":"wp","href":"https:\/\/api.w.org\/{rel}","templated":true}]}}