{"id":95405,"date":"2017-07-15T09:57:48","date_gmt":"2017-07-15T07:57:48","guid":{"rendered":"http:\/\/gazdasagportal.hu\/?p=95405"},"modified":"2017-07-15T09:57:48","modified_gmt":"2017-07-15T07:57:48","slug":"a-seat-az-egyik-leggyorsabban-bovulo-marka-volt-az-iden-europaban","status":"publish","type":"post","link":"https:\/\/gazdasagportal.hu\/index.php\/a-seat-az-egyik-leggyorsabban-bovulo-marka-volt-az-iden-europaban\/","title":{"rendered":"A SEAT az egyik leggyorsabban b\u0151v\u00fcl\u0151 m\u00e1rka volt az id\u00e9n Eur\u00f3p\u00e1ban"},"content":{"rendered":"<p><strong>A SEAT elad\u00e1sai 13,7 sz\u00e1zal\u00e9kkal emelkedtek az id\u00e9n az els\u0151 f\u00e9l \u00e9vben, az elm\u00falt 16 \u00e9vben nem l\u00e1tott b\u0151v\u00fcl\u00e9ssel az egyik leggyorsabban n\u00f6vekv\u0151 m\u00e1rka volt az eur\u00f3pai piacon. <\/strong><!--more--><\/p>\n<div class=\"ads-in-post1\"><div id=\"gazdasagportal.hu_fullbanner_wideboard\"><\/div>\r\n<\/div>\n<p>    A m\u00e1rka glob\u00e1lisan 246 500 aut\u00f3t \u00e9rt\u00e9kes\u00edtett az id\u00e9n az els\u0151 hat h\u00f3napban. A j\u00fanius is er\u0151s h\u00f3nap volt:  45 200 eladott aut\u00f3val 12,6 sz\u00e1zal\u00e9kos volt a n\u00f6veked\u00e9s &#8211; t\u00e1j\u00e9koztatta a m\u00e1rka magyarorsz\u00e1gi import\u0151re az MTI-t.<br \/>\n    A SEAT marketing\u00e9rt \u00e9s \u00e9rt\u00e9kes\u00edt\u00e9s\u00e9rt felel\u0151s aleln\u00f6ke, Wayne Griffith a kiemelked\u0151 adatokat a c\u00e9g eddigi legnagyobb  term\u00e9koffenz\u00edv\u00e1j\u00e1val magyar\u00e1zta, amelynek egyik f\u0151 eleme, hogy a tavaly bevezetett Ateca modellel az Eur\u00f3p\u00e1ban dinamikusan fejl\u0151d\u0151 SUV szegmensb\u0151l has\u00edtott ki r\u00e9szesed\u00e9st a m\u00e1rka. A modellmeg\u00fajul\u00e1s folytat\u00f3dik egy \u00faj kompakt crossoverrel, az Aron\u00e1val, majd 2018-ban egy harmadik SUV-val, valamint az \u00faj Ibiz\u00e1val.<br \/>\n    A m\u00e1rka legf\u0151bb piaca Spanyolorsz\u00e1g, de j\u00f3l szerepel N\u00e9metorsz\u00e1gban \u00e9s az Egyes\u00fclt Kir\u00e1lys\u00e1gban is.<br \/>\n    A Carinfo adatai szerint a SEAT Magyarorsz\u00e1gon 671 aut\u00f3t adott el az id\u00e9n az els\u0151 f\u00e9l \u00e9vben, ezzel r\u00e9szesed\u00e9se 1,2 sz\u00e1zal\u00e9kos jelenleg az \u00faj szem\u00e9lyaut\u00f3k piac\u00e1n. A b\u0151v\u00fcl\u00e9s ugyanakkor er\u0151teljes: t\u00f6bb mint 100 sz\u00e1zal\u00e9kos volt a tavalyi \u00e9v hasonl\u00f3 id\u0151szak\u00e1hoz k\u00e9pest.<br \/>\n    A spanyolorsz\u00e1gi sz\u00e9khely\u0171 multinacion\u00e1lis v\u00e1llalat a Volkswagen-csoport tagja, teljes termel\u00e9s\u00e9nek t\u00f6bb mint 80 sz\u00e1zal\u00e9k\u00e1t export\u00e1lja, \u00e9s a vil\u00e1g t\u00f6bb mint 75 orsz\u00e1g\u00e1ban van jelen. A m\u00e1rka 2016-ban \u00f6sszesen 410 200 g\u00e9pkocsit \u00e9rt\u00e9kes\u00edtett vil\u00e1gszerte.<br \/>\n    A SEAT-csoport h\u00e1rom spanyolorsz\u00e1gi termel\u00e9si k\u00f6zpontj\u00e1ban  t\u00f6bb mint 14 ezer f\u0151t foglalkoztat. Emellett gy\u00e1rt\u00f3hellyel rendelkezik Csehorsz\u00e1gban, Portug\u00e1li\u00e1ban \u00e9s Szlov\u00e1ki\u00e1ban.(MTI)<\/p>\n","protected":false},"excerpt":{"rendered":"<p>A SEAT elad\u00e1sai 13,7 sz\u00e1zal\u00e9kkal emelkedtek az id\u00e9n az els\u0151 f\u00e9l \u00e9vben, az elm\u00falt 16 \u00e9vben nem l\u00e1tott b\u0151v\u00fcl\u00e9ssel az egyik leggyorsabban n\u00f6vekv\u0151 m\u00e1rka volt az eur\u00f3pai piacon.<\/p>\n","protected":false},"author":1,"featured_media":0,"comment_status":"closed","ping_status":"open","sticky":false,"template":"","format":"standard","meta":[],"categories":[8,246],"tags":[],"_links":{"self":[{"href":"https:\/\/gazdasagportal.hu\/index.php\/wp-json\/wp\/v2\/posts\/95405"}],"collection":[{"href":"https:\/\/gazdasagportal.hu\/index.php\/wp-json\/wp\/v2\/posts"}],"about":[{"href":"https:\/\/gazdasagportal.hu\/index.php\/wp-json\/wp\/v2\/types\/post"}],"author":[{"embeddable":true,"href":"https:\/\/gazdasagportal.hu\/index.php\/wp-json\/wp\/v2\/users\/1"}],"replies":[{"embeddable":true,"href":"https:\/\/gazdasagportal.hu\/index.php\/wp-json\/wp\/v2\/comments?post=95405"}],"version-history":[{"count":1,"href":"https:\/\/gazdasagportal.hu\/index.php\/wp-json\/wp\/v2\/posts\/95405\/revisions"}],"predecessor-version":[{"id":95406,"href":"https:\/\/gazdasagportal.hu\/index.php\/wp-json\/wp\/v2\/posts\/95405\/revisions\/95406"}],"wp:attachment":[{"href":"https:\/\/gazdasagportal.hu\/index.php\/wp-json\/wp\/v2\/media?parent=95405"}],"wp:term":[{"taxonomy":"category","embeddable":true,"href":"https:\/\/gazdasagportal.hu\/index.php\/wp-json\/wp\/v2\/categories?post=95405"},{"taxonomy":"post_tag","embeddable":true,"href":"https:\/\/gazdasagportal.hu\/index.php\/wp-json\/wp\/v2\/tags?post=95405"}],"curies":[{"name":"wp","href":"https:\/\/api.w.org\/{rel}","templated":true}]}}