{"id":95352,"date":"2017-07-13T15:09:41","date_gmt":"2017-07-13T13:09:41","guid":{"rendered":"http:\/\/gazdasagportal.hu\/?p=95352"},"modified":"2017-07-13T15:09:41","modified_gmt":"2017-07-13T13:09:41","slug":"kotelezettsegszegesi-eljaras-indul-horvatorszag-ellen-az-ina-rol-szolo-privatizacios-torveny-miatt","status":"publish","type":"post","link":"https:\/\/gazdasagportal.hu\/index.php\/kotelezettsegszegesi-eljaras-indul-horvatorszag-ellen-az-ina-rol-szolo-privatizacios-torveny-miatt\/","title":{"rendered":"K\u00f6telezetts\u00e9gszeg\u00e9si elj\u00e1r\u00e1s indul Horv\u00e1torsz\u00e1g ellen az INA-r\u00f3l sz\u00f3l\u00f3 privatiz\u00e1ci\u00f3s t\u00f6rv\u00e9ny miatt"},"content":{"rendered":"<p><strong>K\u00f6telezetts\u00e9gszeg\u00e9si elj\u00e1r\u00e1st ind\u00edtott cs\u00fct\u00f6rt\u00f6k\u00f6n az Eur\u00f3pai Bizotts\u00e1g (EB) Horv\u00e1torsz\u00e1g ellen az INA horv\u00e1t olajipari v\u00e1llalatr\u00f3l sz\u00f3l\u00f3 privatiz\u00e1ci\u00f3s t\u00f6rv\u00e9ny miatt, mert a test\u00fclet szerint az s\u00e9rti a szabad t\u0151ke\u00e1raml\u00e1shoz \u00e9s szabad leteleped\u00e9shez val\u00f3 uni\u00f3s jogot &#8211; k\u00f6z\u00f6lte a horv\u00e1t k\u00f6zszolg\u00e1lati r\u00e1di\u00f3 (HRT).<\/strong><!--more--><\/p>\n<div class=\"ads-in-post1\"><div id=\"gazdasagportal.hu_fullbanner_wideboard\"><\/div>\r\n<\/div>\n<p>    Az EB \u00e9rt\u00e9kel\u00e9se szerint az energiaell\u00e1t\u00e1s biztons\u00e1ga t\u00f6rv\u00e9nyes c\u00e9l \u00e9s k\u00f6z\u00e9rdek, amit az Eur\u00f3pai Uni\u00f3 (EU) is oszt, valamint indokolhatja a szabad t\u0151ke\u00e1raml\u00e1shoz val\u00f3 uni\u00f3s jog korl\u00e1toz\u00e1s\u00e1t is, de a korl\u00e1toz\u00e1snak ar\u00e1nyosnak kell lennie. A test\u00fclet \u00fagy v\u00e9lte: az ilyen kiv\u00e9teles hat\u00e1sk\u00f6r s\u00e9rti az EU m\u0171k\u00f6d\u00e9s\u00e9r\u0151l sz\u00f3l\u00f3 szerz\u0151d\u00e9sben el\u0151\u00edrt jogszab\u00e1lyokat.<br \/>\n    &#8222;Ebben az esetben, az INA-r\u00f3l sz\u00f3l\u00f3 privatiz\u00e1ci\u00f3s t\u00f6rv\u00e9ny lehet\u0151v\u00e9 teszi a horv\u00e1t \u00e1llam sz\u00e1m\u00e1ra, hogy lelass\u00edtsa az olajv\u00e1llalat d\u00f6nt\u00e9seit, a tiltakoz\u00e1s\u00e1t pedig nem k\u00f6teles megindokolni&#8221; &#8211; olvashat\u00f3 a bizotts\u00e1g k\u00f6zlem\u00e9ny\u00e9ben. Az INA-r\u00f3l sz\u00f3l\u00f3 t\u00f6rv\u00e9ny az \u00e1llamot kiv\u00e9teles hat\u00e1sk\u00f6rrel ruh\u00e1zza fel: t\u00f6bbek k\u00f6z\u00f6tt v\u00e9t\u00f3joga van az olajv\u00e1llalat r\u00e9szv\u00e9nyeinek \u00e9s tulajdon\u00e1nak elad\u00e1s\u00e1t illet\u0151en, ha annak \u00e9rt\u00e9ke t\u00fall\u00e9p egy meghat\u00e1rozott k\u00fcsz\u00f6b\u00f6t. A jogszab\u00e1ly tov\u00e1bb\u00e1 lehet\u0151v\u00e9 teszi, hogy az \u00e1llam megv\u00e9t\u00f3zza az INA igazgat\u00f3s\u00e1g\u00e1nak fontos d\u00f6nt\u00e9seit is, mint p\u00e9ld\u00e1ul a c\u00e9g tev\u00e9kenys\u00e9g\u00e9nek v\u00e1ltoztat\u00e1sa, a koncesszi\u00f3k vagy enged\u00e9lyek oda\u00edt\u00e9l\u00e9se, valamint a sz\u00e9khely megv\u00e1ltoztat\u00e1sa.<br \/>\n    &#8222;Az energia ell\u00e1t\u00e1sbiztons\u00e1g c\u00e9lja ugyan lehet a szabad t\u0151ke\u00e1raml\u00e1shoz \u00e9s szabad leteleped\u00e9shez val\u00f3 jog korl\u00e1toz\u00e1sa, de a felt\u00e9tel n\u00e9lk\u00fcli v\u00e9t\u00f3jog, amellyel Horv\u00e1torsz\u00e1got felruh\u00e1zza az INA-r\u00f3l sz\u00f3l\u00f3 t\u00f6rv\u00e9ny, t\u00falmegy a sz\u00fcks\u00e9ges \u00e9s ar\u00e1nyos korl\u00e1toz\u00e1s c\u00e9lj\u00e1n&#8221; &#8211; \u00e1ll az indokl\u00e1sban.<br \/>\n    Horv\u00e1torsz\u00e1g m\u00e9g az EU-ba val\u00f3 bel\u00e9p\u00e9se el\u0151tt (2013) meg\u00edg\u00e9rte, hogy \u00f6sszhangba hozza az INA-r\u00f3l sz\u00f3l\u00f3 t\u00f6rv\u00e9nyt az uni\u00f3s jogszab\u00e1lyokkal. Az EB m\u00e9g tavaly decemberben felsz\u00f3l\u00edtotta a horv\u00e1t korm\u00e1nyt a t\u00f6rv\u00e9ny m\u00f3dos\u00edt\u00e1s\u00e1ra, de az nem tett l\u00e9p\u00e9seket az \u00fcgyben.<br \/>\n    A 2002-t\u0151l \u00e9rv\u00e9nyben l\u00e9v\u0151 t\u00f6rv\u00e9ny el\u0151\u00edrja: am\u00edg a horv\u00e1t \u00e1llam tulajdoni r\u00e9szesed\u00e9se az INA-ban el\u00e9ri vagy meghaladja a 25 sz\u00e1zal\u00e9kot &#8211; de nem t\u00f6bbs\u00e9gi tulajdonos -, a horv\u00e1t korm\u00e1ny beleegyez\u00e9se n\u00e9lk\u00fcl az olajv\u00e1llalat test\u00fcletei az INA \u00f6ssz\u00e9rt\u00e9k\u00e9nek 25 sz\u00e1zal\u00e9k\u00e1t meghalad\u00f3 r\u00e9szv\u00e9nycsomag elad\u00e1s\u00e1r\u00f3l nem hozhatnak d\u00f6nt\u00e9seket vagy k\u00f6thetnek jog\u00fcgyleteket.<br \/>\n    Az INA 49,08 sz\u00e1zal\u00e9ka a Mol\u00e9, \u00e9s a magyar olajt\u00e1rsas\u00e1g rendelkezik az ir\u00e1ny\u00edt\u00f3i jogokkal is az INA-ban, 44,84 sz\u00e1zal\u00e9ka pedig a horv\u00e1t \u00e1llam\u00e9.<br \/>\n(MTI)<\/p>\n","protected":false},"excerpt":{"rendered":"<p>K\u00f6telezetts\u00e9gszeg\u00e9si elj\u00e1r\u00e1st ind\u00edtott cs\u00fct\u00f6rt\u00f6k\u00f6n az Eur\u00f3pai Bizotts\u00e1g (EB) Horv\u00e1torsz\u00e1g ellen az INA horv\u00e1t olajipari v\u00e1llalatr\u00f3l sz\u00f3l\u00f3 privatiz\u00e1ci\u00f3s t\u00f6rv\u00e9ny miatt, mert a test\u00fclet szerint az s\u00e9rti a szabad t\u0151ke\u00e1raml\u00e1shoz \u00e9s szabad leteleped\u00e9shez val\u00f3 uni\u00f3s jogot &#8211; k\u00f6z\u00f6lte a horv\u00e1t k\u00f6zszolg\u00e1lati r\u00e1di\u00f3 (HRT).<\/p>\n","protected":false},"author":1,"featured_media":0,"comment_status":"closed","ping_status":"open","sticky":false,"template":"","format":"standard","meta":[],"categories":[12,8,7,246],"tags":[],"_links":{"self":[{"href":"https:\/\/gazdasagportal.hu\/index.php\/wp-json\/wp\/v2\/posts\/95352"}],"collection":[{"href":"https:\/\/gazdasagportal.hu\/index.php\/wp-json\/wp\/v2\/posts"}],"about":[{"href":"https:\/\/gazdasagportal.hu\/index.php\/wp-json\/wp\/v2\/types\/post"}],"author":[{"embeddable":true,"href":"https:\/\/gazdasagportal.hu\/index.php\/wp-json\/wp\/v2\/users\/1"}],"replies":[{"embeddable":true,"href":"https:\/\/gazdasagportal.hu\/index.php\/wp-json\/wp\/v2\/comments?post=95352"}],"version-history":[{"count":1,"href":"https:\/\/gazdasagportal.hu\/index.php\/wp-json\/wp\/v2\/posts\/95352\/revisions"}],"predecessor-version":[{"id":95353,"href":"https:\/\/gazdasagportal.hu\/index.php\/wp-json\/wp\/v2\/posts\/95352\/revisions\/95353"}],"wp:attachment":[{"href":"https:\/\/gazdasagportal.hu\/index.php\/wp-json\/wp\/v2\/media?parent=95352"}],"wp:term":[{"taxonomy":"category","embeddable":true,"href":"https:\/\/gazdasagportal.hu\/index.php\/wp-json\/wp\/v2\/categories?post=95352"},{"taxonomy":"post_tag","embeddable":true,"href":"https:\/\/gazdasagportal.hu\/index.php\/wp-json\/wp\/v2\/tags?post=95352"}],"curies":[{"name":"wp","href":"https:\/\/api.w.org\/{rel}","templated":true}]}}