{"id":95350,"date":"2017-07-13T14:30:28","date_gmt":"2017-07-13T12:30:28","guid":{"rendered":"http:\/\/gazdasagportal.hu\/?p=95350"},"modified":"2017-07-13T14:30:28","modified_gmt":"2017-07-13T12:30:28","slug":"kotelezettsegszegesi-eljaras-indul-magyarorszag-ellen-a-civil-torveny-miatt","status":"publish","type":"post","link":"https:\/\/gazdasagportal.hu\/index.php\/kotelezettsegszegesi-eljaras-indul-magyarorszag-ellen-a-civil-torveny-miatt\/","title":{"rendered":"K\u00f6telezetts\u00e9gszeg\u00e9si elj\u00e1r\u00e1s indul Magyarorsz\u00e1g ellen a civil t\u00f6rv\u00e9ny miatt"},"content":{"rendered":"<p><strong>K\u00f6telezetts\u00e9gszeg\u00e9si elj\u00e1r\u00e1st ind\u00edtott cs\u00fct\u00f6rt\u00f6k\u00f6n az Eur\u00f3pai Bizotts\u00e1g (EB) Magyarorsz\u00e1g ellen a k\u00fclf\u00f6ldr\u0151l t\u00e1mogatott civil szervezetekre vonatkoz\u00f3 t\u00f6rv\u00e9ny miatt. A br\u00fcsszeli test\u00fclet emellett \u00fajabb szakaszba l\u00e9ptette a fels\u0151oktat\u00e1si t\u00f6rv\u00e9ny m\u00f3dos\u00edt\u00e1sa miatt kor\u00e1bban megind\u00edtott jogs\u00e9rt\u00e9si elj\u00e1r\u00e1st.<\/strong><!--more--><\/p>\n<div class=\"ads-in-post1\"><div id=\"gazdasagportal.hu_fullbanner_wideboard\"><\/div>\r\n<\/div>\n<p>    Christian Wigand sz\u00f3viv\u0151 a bizotts\u00e1g szok\u00e1sos napi sajt\u00f3t\u00e1j\u00e9koztat\u00f3j\u00e1n k\u00f6z\u00f6lte: \u00fagynevezett hivatalos felsz\u00f3l\u00edt\u00f3 levelet k\u00fcldtek Magyarorsz\u00e1gnak, \u00e9s ezzel megindult az elj\u00e1r\u00e1s a civil szervezetekre vonatkoz\u00f3, nemr\u00e9g elfogadott jogszab\u00e1ly \u00fcgy\u00e9ben, amelyet t\u00f6bb szempontb\u00f3l is agg\u00e1lyosnak tal\u00e1ltak.<br \/>\n    Az EB \u00e9rt\u00e9kel\u00e9se szerint a jogszab\u00e1ly indokolatlan &#8222;beavatkoz\u00e1st&#8221; jelent az uni\u00f3s alapjogi chart\u00e1ban garant\u00e1lt jogokba, k\u00fcl\u00f6n\u00f6sen az egyes\u00fcl\u00e9si szabads\u00e1g ter\u00e9n, illetve a mag\u00e1n\u00e9let \u00e9s a szem\u00e9lyes adatok v\u00e9delm\u00e9t illet\u0151en is agg\u00e1lyokat vet fel.<br \/>\n    Emellett a test\u00fclet \u00fagy v\u00e9li, hogy a t\u00f6rv\u00e9ny &#8222;indokolatlanul \u00e9s ar\u00e1nytalanul&#8221; korl\u00e1tozza a t\u0151ke szabad mozg\u00e1s\u00e1t, az\u00e1ltal, hogy Br\u00fcsszel szerint az \u00faj nyilv\u00e1ntart\u00e1sba v\u00e9teli, bejelent\u00e9si \u00e9s nyilv\u00e1noss\u00e1gra hozatali k\u00f6vetelm\u00e9nyek diszkriminat\u00edvak, \u00e9s komoly adminisztrat\u00edv terhet jelentenek az \u00e9rintett szervezetek sz\u00e1m\u00e1ra.<br \/>\n    Mint \u00edrt\u00e1k, a t\u00f6rv\u00e9ny akad\u00e1lyozhatja a civil szervezeteket az adom\u00e1nygy\u0171jt\u00e9sben, korl\u00e1tozva a tev\u00e9kenys\u00e9g\u00fcket. Az int\u00e9zked\u00e9seknek elrettent\u0151 hat\u00e1suk lehet, \u00e9s megnehez\u00edtik az \u00e9rintett szervezetek finansz\u00edroz\u00e1s\u00e1t.<br \/>\n    &#8222;A civil t\u00e1rsadalom demokratikus t\u00e1rsadalmaink fontos pill\u00e9re, ez\u00e9rt nem szabad indokolatlanul korl\u00e1tozni a tev\u00e9kenys\u00e9g\u00e9t. Gondosan tanulm\u00e1nyoztuk a t\u00f6rv\u00e9nyt, \u00e9s arra jutottunk, hogy nem felel meg az uni\u00f3s jognak. Elv\u00e1rjuk, hogy a magyar korm\u00e1ny miel\u0151bb kezdjen p\u00e1rbesz\u00e9det a k\u00e9rd\u00e9s megold\u00e1sa \u00e9rdek\u00e9ben&#8221; &#8211; emelte ki k\u00f6zlem\u00e9ny\u00e9ben Frans Timmermans, a bizotts\u00e1g els\u0151 aleln\u00f6ke.<br \/>\n    A bizotts\u00e1g azt is kifog\u00e1solja, hogy a t\u00f6rv\u00e9ny \u00e9rtelm\u00e9ben a civil szervezeteknek az adom\u00e1nyoz\u00f3k szem\u00e9ly\u00e9t \u00e9s a pontos \u00f6sszeget is k\u00f6zz\u00e9 kell tenni\u00fck, \u00e9s Br\u00fcsszel szerint a t\u00f6rv\u00e9ny nem teremt megfelel\u0151 egyenes\u00falyt az \u00e1tl\u00e1that\u00f3s\u00e1g ig\u00e9nye \u00e9s az adom\u00e1nyoz\u00f3k \u00e9s kedvezm\u00e9nyezettek szem\u00e9lyes adathoz \u00e9s mag\u00e1n\u00e9lethez f\u0171z\u0151d\u0151 jogai k\u00f6z\u00f6tt.<br \/>\n    A magyar hat\u00f3s\u00e1goknak egy h\u00f3nap \u00e1ll rendelkez\u00e9s\u00fckre, hogy v\u00e1laszoljanak az ismertetett kifog\u00e1sokra. Ha a felsz\u00f3l\u00edt\u00f3 lev\u00e9lre nem \u00e9rkezik v\u00e1lasz, vagy Magyarorsz\u00e1g olyan \u00e9szrev\u00e9teleket tesz, amelyek nem tekinthet\u0151k kiel\u00e9g\u00edt\u0151nek, az Eur\u00f3pai Bizotts\u00e1g \u00fagy d\u00f6nthet, hogy a k\u00f6telezetts\u00e9gszeg\u00e9si elj\u00e1r\u00e1s k\u00f6vetkez\u0151 l\u00e9p\u00e9sek\u00e9nt \u00fagynevezett indokol\u00e1ssal ell\u00e1tott v\u00e9lem\u00e9nyt k\u00fcld Budapestnek. Ezt k\u00f6vet\u0151en &#8211; ha sz\u00fcks\u00e9ges &#8211; a bizotts\u00e1g az Eur\u00f3pai Uni\u00f3 B\u00edr\u00f3s\u00e1ga el\u00e9 viheti az \u00fcgyet.<br \/>\n    Ugyancsak cs\u00fct\u00f6rt\u00f6k\u00f6n az EB \u00fajabb szakaszba l\u00e9ptette a fels\u0151oktat\u00e1si t\u00f6rv\u00e9ny m\u00f3dos\u00edt\u00e1sa miatt \u00e1prilisban Magyarorsz\u00e1g ellen megind\u00edtott jogs\u00e9rt\u00e9si elj\u00e1r\u00e1st. Az uni\u00f3s jog v\u00e9grehajt\u00e1sa felett \u0151rk\u00f6d\u0151 szervezet indokol\u00e1ssal ell\u00e1tott v\u00e9lem\u00e9nyt k\u00fcld\u00f6tt az \u00fcgyben a korm\u00e1nynak, ami az elj\u00e1r\u00e1s m\u00e1sodik szakasz\u00e1t jelenti.<br \/>\n    A bizotts\u00e1g tudatta, hogy a magyar v\u00e1laszlev\u00e9l alapos elemz\u00e9se ut\u00e1n is fenntartja kor\u00e1bbi meg\u00e1llap\u00edt\u00e1sait, amelyek az elj\u00e1r\u00e1s megind\u00edt\u00e1s\u00e1hoz vezettek.<br \/>\n    A m\u00f3dos\u00edtott t\u00f6rv\u00e9ny ellent\u00e9tes az uni\u00f3s joggal: k\u00e9rd\u00e9sek mer\u00fcltek fel a leteleped\u00e9s \u00e9s a szolg\u00e1ltat\u00e1sny\u00fajt\u00e1s szabads\u00e1g\u00e1val, valamint a tudom\u00e1nyos, az oktat\u00e1si \u00e9s a v\u00e1llalkoz\u00e1si szabads\u00e1ggal kapcsolatban &#8211; k\u00f6z\u00f6lte a test\u00fclet.<br \/>\n    Magyarorsz\u00e1gnak mostant\u00f3l egy h\u00f3napja van arra, hogy \u00f6sszhangba hozza az uni\u00f3s szab\u00e1lyokkal a kifog\u00e1solt t\u00f6rv\u00e9nyt, mely a b\u00edr\u00e1l\u00f3i szerint bez\u00e1r\u00e1ssal fenyegeti a budapesti K\u00f6z\u00e9p-eur\u00f3pai Egyetemet (CEU), k\u00fcl\u00f6nben a bizotts\u00e1g az Eur\u00f3pai B\u00edr\u00f3s\u00e1ghoz fordulhat.(MTI)<\/p>\n","protected":false},"excerpt":{"rendered":"<p>K\u00f6telezetts\u00e9gszeg\u00e9si elj\u00e1r\u00e1st ind\u00edtott cs\u00fct\u00f6rt\u00f6k\u00f6n az Eur\u00f3pai Bizotts\u00e1g (EB) Magyarorsz\u00e1g ellen a k\u00fclf\u00f6ldr\u0151l t\u00e1mogatott civil szervezetekre vonatkoz\u00f3 t\u00f6rv\u00e9ny miatt. A br\u00fcsszeli test\u00fclet emellett \u00fajabb szakaszba l\u00e9ptette a fels\u0151oktat\u00e1si t\u00f6rv\u00e9ny m\u00f3dos\u00edt\u00e1sa miatt kor\u00e1bban megind\u00edtott jogs\u00e9rt\u00e9si elj\u00e1r\u00e1st.<\/p>\n","protected":false},"author":1,"featured_media":0,"comment_status":"closed","ping_status":"open","sticky":false,"template":"","format":"standard","meta":[],"categories":[4],"tags":[],"_links":{"self":[{"href":"https:\/\/gazdasagportal.hu\/index.php\/wp-json\/wp\/v2\/posts\/95350"}],"collection":[{"href":"https:\/\/gazdasagportal.hu\/index.php\/wp-json\/wp\/v2\/posts"}],"about":[{"href":"https:\/\/gazdasagportal.hu\/index.php\/wp-json\/wp\/v2\/types\/post"}],"author":[{"embeddable":true,"href":"https:\/\/gazdasagportal.hu\/index.php\/wp-json\/wp\/v2\/users\/1"}],"replies":[{"embeddable":true,"href":"https:\/\/gazdasagportal.hu\/index.php\/wp-json\/wp\/v2\/comments?post=95350"}],"version-history":[{"count":1,"href":"https:\/\/gazdasagportal.hu\/index.php\/wp-json\/wp\/v2\/posts\/95350\/revisions"}],"predecessor-version":[{"id":95351,"href":"https:\/\/gazdasagportal.hu\/index.php\/wp-json\/wp\/v2\/posts\/95350\/revisions\/95351"}],"wp:attachment":[{"href":"https:\/\/gazdasagportal.hu\/index.php\/wp-json\/wp\/v2\/media?parent=95350"}],"wp:term":[{"taxonomy":"category","embeddable":true,"href":"https:\/\/gazdasagportal.hu\/index.php\/wp-json\/wp\/v2\/categories?post=95350"},{"taxonomy":"post_tag","embeddable":true,"href":"https:\/\/gazdasagportal.hu\/index.php\/wp-json\/wp\/v2\/tags?post=95350"}],"curies":[{"name":"wp","href":"https:\/\/api.w.org\/{rel}","templated":true}]}}