{"id":95348,"date":"2017-07-13T13:42:21","date_gmt":"2017-07-13T11:42:21","guid":{"rendered":"http:\/\/gazdasagportal.hu\/?p=95348"},"modified":"2017-07-13T13:42:21","modified_gmt":"2017-07-13T11:42:21","slug":"dizelbotrany-arnyeka-vetult-a-daimlerre-is","status":"publish","type":"post","link":"https:\/\/gazdasagportal.hu\/index.php\/dizelbotrany-arnyeka-vetult-a-daimlerre-is\/","title":{"rendered":"D\u00edzelbotr\u00e1ny \u00e1rny\u00e9ka vet\u00fclt a Daimlerre is"},"content":{"rendered":"<p><strong>A n\u00e9met\u00a0\u00a0S\u00fcddeutsche Zeitung cs\u00fct\u00f6rt\u00f6ki besz\u00e1mol\u00f3ja szerint a sz\u00f6vets\u00e9gi k\u00f6zleked\u00e9si miniszt\u00e9rium vizsg\u00e1l\u00f3bizotts\u00e1g el\u00e9 rendelte meghallgat\u00e1sra a Daimler konszernt az egyes d\u00edzelmotorok emisszi\u00f3s \u00e9rt\u00e9keinek manipul\u00e1l\u00e1s\u00e1val kapcsolatban felmer\u00fclt \u00fcgy\u00e9szs\u00e9gi gyan\u00fa miatt.<\/strong><!--more--><\/p>\n<div class=\"ads-in-post1\"><div id=\"gazdasagportal.hu_fullbanner_wideboard\"><\/div>\r\n<\/div>\n<p>A besz\u00e1mol\u00f3 szerint a Daimlernek a d\u00edzelbotr\u00e1nnyal foglalkoz\u00f3 miniszt\u00e9riumi bizotts\u00e1g (Untersuchungskommission Abgas) el\u0151tt kell v\u00e1laszt adnia a stuttgarti \u00fcgy\u00e9szs\u00e9g azon \u00e1ll\u00edt\u00e1s\u00e1ra, miszerint egyes d\u00edzelmotorok vez\u00e9rl\u0151 szoftvere tiltott funkci\u00f3kkal van ell\u00e1tva.<br \/>\nAz Untersuchungskommission Abgas vizsg\u00e1l\u00f3bizotts\u00e1got Alexander Dobrindt sz\u00f6vets\u00e9gi k\u00f6zleked\u00e9si miniszter \u00e1ll\u00edtotta fel a Volkswagen d\u00edzelbotr\u00e1ny\u00e1nak a felg\u00f6ngy\u00f6l\u00edt\u00e9s\u00e9re, a szervezet azonban id\u0151k\u00f6zben a t\u00f6bbi aut\u00f3gy\u00e1rt\u00f3 modelljeinek a vizsg\u00e1lat\u00e1ra is kiterjesztette tev\u00e9kenys\u00e9g\u00e9t.<br \/>\nA sajt\u00f3jelent\u00e9sek szerint a Daimler k\u00fcl\u00f6nb\u00f6z\u0151 furgon \u00e9s szem\u00e9lyg\u00e9pkocsi modelljeibe \u00e9p\u00edtett OM 642 \u00e9s OM 651 t\u00edpusjel\u0171 motorjai ker\u00fcltek a stuttgarti \u00fcgy\u00e9szs\u00e9g l\u00e1t\u00f3ter\u00e9be az emisszi\u00f3s \u00e9rt\u00e9kek manipul\u00e1l\u00e1s\u00e1nak a gyan\u00faj\u00e1val.<br \/>\nA Daimler nem hozta nyilv\u00e1noss\u00e1gra, hogy pontosan melyik t\u00edpuscsal\u00e1dokba \u00e9p\u00edtette be a sz\u00f3ban forg\u00f3 motorokat, de felt\u00e9telez\u00e9sek szerint az \u00fcgy nagyj\u00e1b\u00f3l egymilli\u00f3 aut\u00f3t \u00e9rinthet.<br \/>\nA Daimler a folyamatban l\u00e9v\u0151 vizsg\u00e1latokra hivatkozva elz\u00e1rk\u00f3zott az elj\u00e1r\u00e1s nyilv\u00e1nos komment\u00e1l\u00e1s\u00e1t\u00f3l \u00e9s k\u00f6z\u00f6lte, hogy az \u00fcgyben kiz\u00e1r\u00f3lag az \u00fcgy\u00e9szs\u00e9ggel egyeztet.<br \/>\nA stuttgarti \u00fcgy\u00e9szs\u00e9g \u00e9s a rend\u0151rs\u00e9g m\u00e1jus v\u00e9g\u00e9n tartott h\u00e1zkutat\u00e1st a Daimler hivatali helys\u00e9geiben orsz\u00e1gszerte 11 helysz\u00ednen a d\u00edzel\u00fczem\u0171 j\u00e1rm\u0171vek k\u00e1rosanyag-kibocs\u00e1t\u00e1sa manipul\u00e1l\u00e1s\u00e1nak gyan\u00faj\u00e1val. (MTI)<br \/>\n<a title=\"Hely megnyit\u00e1sa\" href=\"http:\/\/www.sueddeutsche.de\/wirtschaft\/exklusiv-daimler-wird-in-abgas-untersuchungskommission-einbestellt-1.3585920\" target=\"_blank\" rel=\"noopener noreferrer\">http:\/\/www.sueddeutsche.de\/wirtschaft\/exklusiv-daimler-wird-in-abgas-untersuchungskommission-einbestellt-1.3585920<\/a><\/p>\n<p>&nbsp;<\/p><div id=\"gazda-3146670955\" class=\"gazda-tartalomban gazda-entity-placement\"><script async src=\"https:\/\/pagead2.googlesyndication.com\/pagead\/js\/adsbygoogle.js\"><\/script>\r\n<ins class=\"adsbygoogle\"\r\n     style=\"display:block\"\r\n     data-ad-format=\"fluid\"\r\n     data-ad-layout-key=\"-6t+ed+2i-1n-4w\"\r\n     data-ad-client=\"ca-pub-1959107119989764\"\r\n     data-ad-slot=\"4008251320\"><\/ins>\r\n<script>\r\n     (adsbygoogle = window.adsbygoogle || []).push({});\r\n<\/script><\/div>\n","protected":false},"excerpt":{"rendered":"<p>A n\u00e9met\u00a0\u00a0S\u00fcddeutsche Zeitung cs\u00fct\u00f6rt\u00f6ki besz\u00e1mol\u00f3ja szerint a sz\u00f6vets\u00e9gi k\u00f6zleked\u00e9si miniszt\u00e9rium vizsg\u00e1l\u00f3bizotts\u00e1g el\u00e9 rendelte meghallgat\u00e1sra a Daimler konszernt az egyes d\u00edzelmotorok emisszi\u00f3s \u00e9rt\u00e9keinek manipul\u00e1l\u00e1s\u00e1val kapcsolatban felmer\u00fclt \u00fcgy\u00e9szs\u00e9gi gyan\u00fa miatt.<\/p>\n","protected":false},"author":1,"featured_media":0,"comment_status":"closed","ping_status":"open","sticky":false,"template":"","format":"standard","meta":[],"categories":[8,246],"tags":[],"_links":{"self":[{"href":"https:\/\/gazdasagportal.hu\/index.php\/wp-json\/wp\/v2\/posts\/95348"}],"collection":[{"href":"https:\/\/gazdasagportal.hu\/index.php\/wp-json\/wp\/v2\/posts"}],"about":[{"href":"https:\/\/gazdasagportal.hu\/index.php\/wp-json\/wp\/v2\/types\/post"}],"author":[{"embeddable":true,"href":"https:\/\/gazdasagportal.hu\/index.php\/wp-json\/wp\/v2\/users\/1"}],"replies":[{"embeddable":true,"href":"https:\/\/gazdasagportal.hu\/index.php\/wp-json\/wp\/v2\/comments?post=95348"}],"version-history":[{"count":1,"href":"https:\/\/gazdasagportal.hu\/index.php\/wp-json\/wp\/v2\/posts\/95348\/revisions"}],"predecessor-version":[{"id":95349,"href":"https:\/\/gazdasagportal.hu\/index.php\/wp-json\/wp\/v2\/posts\/95348\/revisions\/95349"}],"wp:attachment":[{"href":"https:\/\/gazdasagportal.hu\/index.php\/wp-json\/wp\/v2\/media?parent=95348"}],"wp:term":[{"taxonomy":"category","embeddable":true,"href":"https:\/\/gazdasagportal.hu\/index.php\/wp-json\/wp\/v2\/categories?post=95348"},{"taxonomy":"post_tag","embeddable":true,"href":"https:\/\/gazdasagportal.hu\/index.php\/wp-json\/wp\/v2\/tags?post=95348"}],"curies":[{"name":"wp","href":"https:\/\/api.w.org\/{rel}","templated":true}]}}