{"id":95344,"date":"2017-07-13T12:28:59","date_gmt":"2017-07-13T10:28:59","guid":{"rendered":"http:\/\/gazdasagportal.hu\/?p=95344"},"modified":"2017-07-13T12:29:41","modified_gmt":"2017-07-13T10:29:41","slug":"kelet-europaba-tart-a-xiaomi","status":"publish","type":"post","link":"https:\/\/gazdasagportal.hu\/index.php\/kelet-europaba-tart-a-xiaomi\/","title":{"rendered":"Kelet-Eur\u00f3p\u00e1ba tart a Xiaomi"},"content":{"rendered":"<p><strong>Kin\u0151tte a k\u00ednai piacot a Xiaomi, ez\u00e9rt olcs\u00f3, de funkci\u00f3kkal gazdagon felszerelt okostelefonjaival, viselhet\u0151 sz\u00e1m\u00edt\u00e1stechnikai eszk\u00f6zeivel \u00e9s egy\u00e9b mobil k\u00e9sz\u00fcl\u00e9keivel hamarosan megjelenik az eur\u00f3pai piacon is.<\/strong><!--more--><\/p>\n<div class=\"ads-in-post1\"><div id=\"gazdasagportal.hu_fullbanner_wideboard\"><\/div>\r\n<\/div>\n<p>Term\u00e9keinek a bevezet\u00e9s\u00e9t a kelet-eur\u00f3pai piacon kezdi a k\u00ednai v\u00e1llalat, Nyugat-Eur\u00f3p\u00e1ra pedig majd csak a k\u00e9s\u0151bbiekben terjeszti ki \u00e9rt\u00e9kes\u00edt\u00e9si h\u00e1l\u00f3zat\u00e1t. A Xiaomi egyel\u0151re Lengyelorsz\u00e1gban, Litv\u00e1ni\u00e1ban, Lettorsz\u00e1gban, \u00c9sztorsz\u00e1gban, Ukrajn\u00e1ban, Belorusszi\u00e1ban, Oroszorsz\u00e1gban, Magyarorsz\u00e1gon, Csehorsz\u00e1gban, Szlov\u00e1ki\u00e1ban \u00e9s G\u00f6r\u00f6gorsz\u00e1gban k\u00e9sz\u00fcl bevezetni term\u00e9keit.<br \/>\nA k\u00ednai piacon rendk\u00edv\u00fcl sikeres v\u00e1llalatot eddig a szabadalmi perek kock\u00e1zata tartotta vissza a k\u00fclf\u00f6ldi terjeszked\u00e9st\u0151l. A m\u00falt h\u00e9ten azonban a Xiaomi bejelentette, hogy szabadalmi meg\u00e1llapod\u00e1st k\u00f6t\u00f6tt a Nokia mobil h\u00e1l\u00f3zati berendez\u00e9s gy\u00e1rt\u00f3 v\u00e1llalattal.<br \/>\nA Xiaomi internetes \u00e9rt\u00e9kes\u00edt\u00e9si modellj\u00e9vel alig n\u00e9h\u00e1ny \u00e9v alatt t\u00f6rt fel a k\u00ednai mobil k\u00e9sz\u00fcl\u00e9k gy\u00e1rt\u00f3k \u00e9lcsapat\u00e1ba. A m\u00e9g n\u00e1la is fiatalabb riv\u00e1lisok, az Oppo \u00e9s a vivo azonban mostanra m\u00e1r megel\u0151zt\u00e9k az elad\u00e1sokban K\u00edn\u00e1ban, a Huawei, a ZTE \u00e9s a Lenovo pedig a k\u00fclf\u00f6ldi piacokon tarolnak.<br \/>\n&#8222;A Xiaomi az elk\u00f6vetkez\u0151 h\u00e1rom \u00e9vben k\u00e9tezer \u00faj \u00fczletet nyit \u00e9s ennek fel\u00e9t partnerek bevon\u00e1s\u00e1val k\u00fclf\u00f6ld\u00f6n&#8221; &#8211; k\u00f6z\u00f6lte a Handelsblatt lapnak adott interj\u00faban Liu Yi vez\u00e9rigazgat\u00f3.(MTI)<br \/>\n<a title=\"Hely megnyit\u00e1sa\" href=\"http:\/\/www.handelsblatt.com\/my\/unternehmen\/it-medien\/xiaomi-eroeffnet-neue-laeden-chinas-smartphone-star-kommt-nach-europa\/20050502.html\" target=\"_blank\" rel=\"noopener noreferrer\">http:\/\/www.handelsblatt.com\/my\/unternehmen\/it-medien\/xiaomi-eroeffnet-neue-laeden-chinas-smartphone-star-kommt-nach-europa\/20050502.html<\/a><\/p>\n<p>&nbsp;<\/p><div id=\"gazda-1519924114\" class=\"gazda-tartalomban gazda-entity-placement\"><script async src=\"https:\/\/pagead2.googlesyndication.com\/pagead\/js\/adsbygoogle.js\"><\/script>\r\n<ins class=\"adsbygoogle\"\r\n     style=\"display:block\"\r\n     data-ad-format=\"fluid\"\r\n     data-ad-layout-key=\"-6t+ed+2i-1n-4w\"\r\n     data-ad-client=\"ca-pub-1959107119989764\"\r\n     data-ad-slot=\"4008251320\"><\/ins>\r\n<script>\r\n     (adsbygoogle = window.adsbygoogle || []).push({});\r\n<\/script><\/div>\n","protected":false},"excerpt":{"rendered":"<p>Kin\u0151tte a k\u00ednai piacot a Xiaomi, ez\u00e9rt olcs\u00f3, de funkci\u00f3kkal gazdagon felszerelt okostelefonjaival, viselhet\u0151 sz\u00e1m\u00edt\u00e1stechnikai eszk\u00f6zeivel \u00e9s egy\u00e9b mobil k\u00e9sz\u00fcl\u00e9keivel hamarosan megjelenik az eur\u00f3pai piacon is.<\/p>\n","protected":false},"author":1,"featured_media":0,"comment_status":"closed","ping_status":"open","sticky":false,"template":"","format":"standard","meta":[],"categories":[19,246],"tags":[],"_links":{"self":[{"href":"https:\/\/gazdasagportal.hu\/index.php\/wp-json\/wp\/v2\/posts\/95344"}],"collection":[{"href":"https:\/\/gazdasagportal.hu\/index.php\/wp-json\/wp\/v2\/posts"}],"about":[{"href":"https:\/\/gazdasagportal.hu\/index.php\/wp-json\/wp\/v2\/types\/post"}],"author":[{"embeddable":true,"href":"https:\/\/gazdasagportal.hu\/index.php\/wp-json\/wp\/v2\/users\/1"}],"replies":[{"embeddable":true,"href":"https:\/\/gazdasagportal.hu\/index.php\/wp-json\/wp\/v2\/comments?post=95344"}],"version-history":[{"count":1,"href":"https:\/\/gazdasagportal.hu\/index.php\/wp-json\/wp\/v2\/posts\/95344\/revisions"}],"predecessor-version":[{"id":95345,"href":"https:\/\/gazdasagportal.hu\/index.php\/wp-json\/wp\/v2\/posts\/95344\/revisions\/95345"}],"wp:attachment":[{"href":"https:\/\/gazdasagportal.hu\/index.php\/wp-json\/wp\/v2\/media?parent=95344"}],"wp:term":[{"taxonomy":"category","embeddable":true,"href":"https:\/\/gazdasagportal.hu\/index.php\/wp-json\/wp\/v2\/categories?post=95344"},{"taxonomy":"post_tag","embeddable":true,"href":"https:\/\/gazdasagportal.hu\/index.php\/wp-json\/wp\/v2\/tags?post=95344"}],"curies":[{"name":"wp","href":"https:\/\/api.w.org\/{rel}","templated":true}]}}