{"id":95126,"date":"2017-07-08T11:41:02","date_gmt":"2017-07-08T09:41:02","guid":{"rendered":"http:\/\/gazdasagportal.hu\/?p=95126"},"modified":"2017-07-07T19:11:40","modified_gmt":"2017-07-07T17:11:40","slug":"gorog-adossag-jovahagytak-az-unios-mentocsomag-ujabb-85-milliard-euros-reszletet","status":"publish","type":"post","link":"https:\/\/gazdasagportal.hu\/index.php\/gorog-adossag-jovahagytak-az-unios-mentocsomag-ujabb-85-milliard-euros-reszletet\/","title":{"rendered":"G\u00f6r\u00f6g ad\u00f3ss\u00e1g &#8211; J\u00f3v\u00e1hagyt\u00e1k az uni\u00f3s ment\u0151csomag \u00fajabb, 8,5 milli\u00e1rd eur\u00f3s r\u00e9szlet\u00e9t"},"content":{"rendered":"<p><strong>J\u00f3v\u00e1hagyta a g\u00f6r\u00f6g ment\u0151csomag k\u00f6vetkez\u0151, 8,5 milli\u00e1rd eur\u00f3s r\u00e9szlet\u00e9t p\u00e9nteken az eur\u00f3\u00f6vezeti \u00e1lland\u00f3 ment\u0151alap (ESM), miut\u00e1n a k\u00f6z\u00f6s valut\u00e1t haszn\u00e1l\u00f3 uni\u00f3s tag\u00e1llamok p\u00e9nz\u00fcgyminiszterei \u00e9s a Nemzetk\u00f6zi Valutaalap (IMF) nemr\u00e9giben meg\u00e1llapod\u00e1sra jutottak az \u00fcgyben.<\/strong><!--more--><\/p>\n<div class=\"ads-in-post1\"><div id=\"gazdasagportal.hu_fullbanner_wideboard\"><\/div>\r\n<\/div>\n<p>    &#8222;Az Eur\u00f3pai Stabilit\u00e1si Mechanizmus igazgat\u00f3s\u00e1ga j\u00f3v\u00e1hagyta a G\u00f6r\u00f6gorsz\u00e1gnak ny\u00fajtott ment\u0151csomag harmadik r\u00e9szlet\u00e9t&#8221; &#8211; jelentette be az ESM a Twitteren.<br \/>\n    A t\u00e1j\u00e9koztat\u00e1s szerint az \u00f6sszeget t\u00f6bb r\u00e9szletben fogj\u00e1k foly\u00f3s\u00edtani: 7,7 milli\u00e1rd eur\u00f3t h\u00e9tf\u0151n, tov\u00e1bbi 800 milli\u00f3 eur\u00f3t pedig majd szeptemberben utalnak \u00e1t, hogy a g\u00f6r\u00f6g korm\u00e1ny t\u00f6rleszteni tudja a lej\u00e1r\u00f3 tartoz\u00e1sait.<br \/>\n    &#8222;Ez a gazdas\u00e1g stabiliz\u00e1l\u00e1s\u00e1t c\u00e9lz\u00f3 hatalmas g\u00f6r\u00f6g er\u0151fesz\u00edt\u00e9sek elismer\u00e9s\u00e9t jelenti&#8221; &#8211; hangs\u00falyozta Pierre Moscovici uni\u00f3s p\u00e9nz\u00fcgyi biztos. Hozz\u00e1tette, Ath\u00e9n sz\u00e1m\u00e1ra kulcsfontoss\u00e1g\u00fa kell, hogy legyen a munkahelyteremt\u00e9s, a befektet\u00e9s \u00e9s a gazdas\u00e1gi fellend\u00fcl\u00e9s.<br \/>\n    Klaus Regling, az ESM vez\u00e9rigazgat\u00f3ja figyelmeztetett: G\u00f6r\u00f6gorsz\u00e1g korm\u00e1ny\u00e1nak &#8222;folytatnia kell ezt az utat a versenyk\u00e9pes gazdas\u00e1g \u00fajj\u00e1\u00e9p\u00edt\u00e9se \u00e9s a befektet\u0151i bizalom visszanyer\u00e9se \u00e9rdek\u00e9ben&#8221;.<br \/>\n    Az eur\u00f3csoport p\u00e9nz\u00fcgyminiszterei \u00e9s az IMF hosszas t\u00e1rgyal\u00e1sok ut\u00e1n j\u00fanius k\u00f6zep\u00e9n jutottak meg\u00e1llapod\u00e1sra az ad\u00f3ss\u00e1gkezel\u0151 csomag k\u00f6vetkez\u0151 r\u00e9szlet\u00e9r\u0151l.<br \/>\n    A nemzetk\u00f6zi hitelez\u0151k az egyezs\u00e9g ellen\u00e9re tov\u00e1bbra is megosztottak a p\u00e9nz\u00fcgyi v\u00e1ls\u00e1gba ker\u00fclt d\u00e9l-eur\u00f3pai orsz\u00e1g ment\u0151programj\u00e1t illet\u0151en. Az IMF nem tartja fenntarthat\u00f3nak az ad\u00f3ss\u00e1g t\u00f6rleszt\u00e9s\u00e9t \u00e9s ez\u00e9rt annak enyh\u00edt\u00e9s\u00e9t szorgalmazza, a n\u00e9met korm\u00e1ny azonban ennek minden form\u00e1j\u00e1t elutas\u00edtja.<br \/>\n    A g\u00f6r\u00f6g k\u00f6lts\u00e9gvet\u00e9st 2010 \u00f3ta nemzetk\u00f6zi hitelek tartj\u00e1k m\u0171k\u00f6d\u00e9sben. A legut\u00f3bbi, jelenleg aktu\u00e1lis, sorban a harmadik ment\u0151csomag felt\u00e9teleiben Ath\u00e9n 2015-ben \u00e1llapodott meg a hitelez\u0151kkel \u00e9s \u00e1tfog\u00f3 reformok v\u00e9grehajt\u00e1sa mellett k\u00f6telezte el mag\u00e1t 2018-ig.(MTI)<\/p>\n","protected":false},"excerpt":{"rendered":"<p>J\u00f3v\u00e1hagyta a g\u00f6r\u00f6g ment\u0151csomag k\u00f6vetkez\u0151, 8,5 milli\u00e1rd eur\u00f3s r\u00e9szlet\u00e9t p\u00e9nteken az eur\u00f3\u00f6vezeti \u00e1lland\u00f3 ment\u0151alap (ESM), miut\u00e1n a k\u00f6z\u00f6s valut\u00e1t haszn\u00e1l\u00f3 uni\u00f3s tag\u00e1llamok p\u00e9nz\u00fcgyminiszterei \u00e9s a Nemzetk\u00f6zi Valutaalap (IMF) nemr\u00e9giben meg\u00e1llapod\u00e1sra jutottak az \u00fcgyben.<\/p>\n","protected":false},"author":1,"featured_media":0,"comment_status":"closed","ping_status":"open","sticky":false,"template":"","format":"standard","meta":[],"categories":[246],"tags":[],"_links":{"self":[{"href":"https:\/\/gazdasagportal.hu\/index.php\/wp-json\/wp\/v2\/posts\/95126"}],"collection":[{"href":"https:\/\/gazdasagportal.hu\/index.php\/wp-json\/wp\/v2\/posts"}],"about":[{"href":"https:\/\/gazdasagportal.hu\/index.php\/wp-json\/wp\/v2\/types\/post"}],"author":[{"embeddable":true,"href":"https:\/\/gazdasagportal.hu\/index.php\/wp-json\/wp\/v2\/users\/1"}],"replies":[{"embeddable":true,"href":"https:\/\/gazdasagportal.hu\/index.php\/wp-json\/wp\/v2\/comments?post=95126"}],"version-history":[{"count":1,"href":"https:\/\/gazdasagportal.hu\/index.php\/wp-json\/wp\/v2\/posts\/95126\/revisions"}],"predecessor-version":[{"id":95127,"href":"https:\/\/gazdasagportal.hu\/index.php\/wp-json\/wp\/v2\/posts\/95126\/revisions\/95127"}],"wp:attachment":[{"href":"https:\/\/gazdasagportal.hu\/index.php\/wp-json\/wp\/v2\/media?parent=95126"}],"wp:term":[{"taxonomy":"category","embeddable":true,"href":"https:\/\/gazdasagportal.hu\/index.php\/wp-json\/wp\/v2\/categories?post=95126"},{"taxonomy":"post_tag","embeddable":true,"href":"https:\/\/gazdasagportal.hu\/index.php\/wp-json\/wp\/v2\/tags?post=95126"}],"curies":[{"name":"wp","href":"https:\/\/api.w.org\/{rel}","templated":true}]}}