{"id":95124,"date":"2017-07-08T10:06:05","date_gmt":"2017-07-08T08:06:05","guid":{"rendered":"http:\/\/gazdasagportal.hu\/?p=95124"},"modified":"2017-07-07T19:07:20","modified_gmt":"2017-07-07T17:07:20","slug":"megallapodtak-a-beremelesrol-a-magyar-allamkincstarnal","status":"publish","type":"post","link":"https:\/\/gazdasagportal.hu\/index.php\/megallapodtak-a-beremelesrol-a-magyar-allamkincstarnal\/","title":{"rendered":"Meg\u00e1llapodtak a b\u00e9remel\u00e9sr\u0151l a Magyar \u00c1llamkincst\u00e1rn\u00e1l"},"content":{"rendered":"<p><strong>Megsz\u00fcletett a b\u00e9rmeg\u00e1llapod\u00e1s a Magyar \u00c1llamkincst\u00e1r vezet\u00e9se \u00e9s a munkav\u00e1llal\u00f3k k\u00f6z\u00f6tt, a dolgoz\u00f3k 2017. j\u00falius elsej\u00e9vel \u00e1tlagosan 25 sz\u00e1zal\u00e9kos b\u00e9remel\u00e9sben r\u00e9szes\u00fclnek, 2018. janu\u00e1r elsej\u00e9t\u0151l pedig tov\u00e1bbi 25 sz\u00e1zal\u00e9kos b\u00e9remel\u00e9st kapnak &#8211; k\u00f6z\u00f6lte a Magyar K\u00f6ztisztvisel\u0151k, K\u00f6zalkalmazottak \u00e9s K\u00f6zszolg\u00e1latban Dolgoz\u00f3k Szakszervezete (MKKSZ) p\u00e9nteken az MTI-vel.<\/strong><!--more--><\/p>\n<div class=\"ads-in-post1\"><div id=\"gazdasagportal.hu_fullbanner_wideboard\"><\/div>\r\n<\/div>\n<p>    A szakszervezet k\u00f6zlem\u00e9nye szerint a Magyar \u00c1llamkincst\u00e1r dolgoz\u00f3i kilenc \u00e9ve nem kaptak b\u00e9rfejleszt\u00e9st, t\u00f6bbs\u00e9g\u00fck a garant\u00e1lt b\u00e9rminimum\u00e9rt dolgozik.<br \/>\n    Boros P\u00e9tern\u00e9, az MKKSZ eln\u00f6ke a k\u00f6zlem\u00e9nyben kijelentette, hogy a kincst\u00e1ri dolgoz\u00f3k b\u00e9rfejleszt\u00e9s\u00e9r\u0151l sz\u00f3l\u00f3 meg\u00e1llapod\u00e1s ellen\u00e9re a j\u00falius 17-re tervezett sztr\u00e1jkot az MKKSZ csak a kincst\u00e1ri ter\u00fcleten mondja le.<br \/>\n    A szakszervezeti vezet\u0151 kifejtette: a k\u00f6zszolg\u00e1latban t\u00f6bb mint 250 ezer dolgoz\u00f3 nett\u00f3 keresete nem emelkedett az id\u00e9n, \u00e9s j\u00f3 r\u00e9sz\u00fckn\u00e9l 2008 \u00f3ta ez a helyzet. A fizet\u00e9sek javul\u00e1s\u00e1t \u00edg\u00e9r\u0151 \u00e9letp\u00e1lya-program indul\u00e1s\u00e1t pedig a korm\u00e1ny k\u00e9slelteti, 2018 elej\u00e9hez k\u00e9pest egy \u00e9vvel k\u00e9s\u0151bb ker\u00fclhet erre sor.<br \/>\n    Hozz\u00e1tette, hogy az \u00f6nkorm\u00e1nyzati k\u00f6ztisztvisel\u0151k t\u00f6bb mint \u00f6t\u00f6de v\u00e1llalta m\u00e1r a t\u00f6rv\u00e9nyes sztr\u00e1jkban val\u00f3 r\u00e9szv\u00e9telt, a k\u00f6zalkalmazotti ter\u00fcleten pedig a teljes v\u00edz\u00fcgyi \u00e1gazatban az \u00e9rintettek 75, Budapesten 92 sz\u00e1zal\u00e9ka hajland\u00f3 r\u00e9szt venni a megmozdul\u00e1sban. Arra akarnak r\u00e1mutatni, hogy nem lesz megfelel\u0151 az \u00e1llamigazgat\u00e1s m\u0171k\u00f6d\u00e9se, ha elmennek a munkav\u00e1llal\u00f3k, mert kilenc \u00e9ve nem volt keresetn\u00f6veked\u00e9s.<br \/>\n    A Magyar \u00c1llamkincst\u00e1r p\u00e9nteken d\u00e9lel\u0151tt azt k\u00f6z\u00f6lte, hogy nem sztr\u00e1jkolnak a Magyar \u00c1llamkincst\u00e1r munkav\u00e1llal\u00f3i j\u00falius 17-\u00e9n, miut\u00e1n a hivatal vezet\u00e9se, valamint a Magyar K\u00f6ztisztvisel\u0151k \u00e9s K\u00f6zszolg\u00e1lati Dolgoz\u00f3k Szakszervezete Magyar \u00c1llamkincst\u00e1r Orsz\u00e1gos Szakmai Tan\u00e1csa (MKKSZ M\u00c1K OSZT) a t\u00e1rgyal\u00e1sos rendez\u00e9sben \u00e1llapodott meg.(MTI)<\/p>\n","protected":false},"excerpt":{"rendered":"<p>Megsz\u00fcletett a b\u00e9rmeg\u00e1llapod\u00e1s a Magyar \u00c1llamkincst\u00e1r vezet\u00e9se \u00e9s a munkav\u00e1llal\u00f3k k\u00f6z\u00f6tt, a dolgoz\u00f3k 2017. j\u00falius elsej\u00e9vel \u00e1tlagosan 25 sz\u00e1zal\u00e9kos b\u00e9remel\u00e9sben r\u00e9szes\u00fclnek, 2018. janu\u00e1r elsej\u00e9t\u0151l pedig tov\u00e1bbi 25 sz\u00e1zal\u00e9kos b\u00e9remel\u00e9st kapnak &#8211; k\u00f6z\u00f6lte a Magyar K\u00f6ztisztvisel\u0151k, K\u00f6zalkalmazottak \u00e9s K\u00f6zszolg\u00e1latban Dolgoz\u00f3k Szakszervezete (MKKSZ) p\u00e9nteken az MTI-vel.<\/p>\n","protected":false},"author":1,"featured_media":0,"comment_status":"closed","ping_status":"open","sticky":false,"template":"","format":"standard","meta":[],"categories":[19],"tags":[],"_links":{"self":[{"href":"https:\/\/gazdasagportal.hu\/index.php\/wp-json\/wp\/v2\/posts\/95124"}],"collection":[{"href":"https:\/\/gazdasagportal.hu\/index.php\/wp-json\/wp\/v2\/posts"}],"about":[{"href":"https:\/\/gazdasagportal.hu\/index.php\/wp-json\/wp\/v2\/types\/post"}],"author":[{"embeddable":true,"href":"https:\/\/gazdasagportal.hu\/index.php\/wp-json\/wp\/v2\/users\/1"}],"replies":[{"embeddable":true,"href":"https:\/\/gazdasagportal.hu\/index.php\/wp-json\/wp\/v2\/comments?post=95124"}],"version-history":[{"count":1,"href":"https:\/\/gazdasagportal.hu\/index.php\/wp-json\/wp\/v2\/posts\/95124\/revisions"}],"predecessor-version":[{"id":95125,"href":"https:\/\/gazdasagportal.hu\/index.php\/wp-json\/wp\/v2\/posts\/95124\/revisions\/95125"}],"wp:attachment":[{"href":"https:\/\/gazdasagportal.hu\/index.php\/wp-json\/wp\/v2\/media?parent=95124"}],"wp:term":[{"taxonomy":"category","embeddable":true,"href":"https:\/\/gazdasagportal.hu\/index.php\/wp-json\/wp\/v2\/categories?post=95124"},{"taxonomy":"post_tag","embeddable":true,"href":"https:\/\/gazdasagportal.hu\/index.php\/wp-json\/wp\/v2\/tags?post=95124"}],"curies":[{"name":"wp","href":"https:\/\/api.w.org\/{rel}","templated":true}]}}