{"id":95118,"date":"2017-07-07T17:10:17","date_gmt":"2017-07-07T15:10:17","guid":{"rendered":"http:\/\/gazdasagportal.hu\/?p=95118"},"modified":"2017-07-06T21:11:36","modified_gmt":"2017-07-06T19:11:36","slug":"horvatorszagban-a-jovoben-szigorubb-feltetelekhez-kotik-a-lakoingatlanok-elarverezeset","status":"publish","type":"post","link":"https:\/\/gazdasagportal.hu\/index.php\/horvatorszagban-a-jovoben-szigorubb-feltetelekhez-kotik-a-lakoingatlanok-elarverezeset\/","title":{"rendered":"Horv\u00e1torsz\u00e1gban a j\u00f6v\u0151ben szigor\u00fabb felt\u00e9telekhez k\u00f6tik a lak\u00f3ingatlanok el\u00e1rverez\u00e9s\u00e9t"},"content":{"rendered":"<p><strong>A horv\u00e1t korm\u00e1ny cs\u00fct\u00f6rt\u00f6ki \u00fcl\u00e9s\u00e9n elfogadta a v\u00e9grehajt\u00e1si t\u00f6rv\u00e9ny m\u00f3dos\u00edt\u00e1s\u00e1t, amelynek \u00e9rtelm\u00e9ben az eddigiekn\u00e9l szigor\u00fabb felt\u00e9telek mellett lehet csak el\u00e1rverezni az ad\u00f3sok egyetlen lak\u00f3ingatlan\u00e1t &#8211; k\u00f6z\u00f6lte Drazen Bosnjakovic igazs\u00e1g\u00fcgyi miniszter.<\/strong><!--more--><\/p>\n<div class=\"ads-in-post1\"><div id=\"gazdasagportal.hu_fullbanner_wideboard\"><\/div>\r\n<\/div>\n<p>    A t\u00e1rcavezet\u0151 eml\u00e9keztetett arra, hogy Horv\u00e1torsz\u00e1gban 330 ezer \u00e1llampolg\u00e1rnak z\u00e1rolt\u00e1k a sz\u00e1ml\u00e1j\u00e1t valamilyen tartoz\u00e1s miatt, sokan k\u00f6z\u00fcl\u00fck m\u00e1r v\u00e9grehajt\u00e1si elj\u00e1r\u00e1s alatt \u00e1llnak.<br \/>\n    A t\u00f6rv\u00e9nym\u00f3dos\u00edt\u00e1s c\u00e9lja, hogy t\u00f6bb\u00e9 ne lehessen el\u00e1rverezni az ad\u00f3sok egyetlen lak\u00f3ingatlan\u00e1t, ha az alaptartoz\u00e1suk nem haladja meg a 20 ezer kun\u00e1t (mintegy 800 ezer forint) &#8211; hangs\u00falyozta a miniszter. &#8222;Amennyiben valaki m\u00e9gis ingatlan n\u00e9lk\u00fcl marad, az sem ker\u00fcl az utc\u00e1ra, a szoci\u00e1lis int\u00e9zm\u00e9nyek biztos\u00edtj\u00e1k sz\u00e1m\u00e1ra, hogy 18 h\u00f3napig fed\u00e9l legyen a feje felett&#8221; &#8211; mondta.<br \/>\n    Andrej Plenkovic korm\u00e1nyf\u0151 elmondta: mivel a hat\u00e1lyos t\u00f6rv\u00e9nyt eddig t\u00f6bbsz\u00f6r is m\u00f3dos\u00edtott\u00e1k, az \u0151szre l\u00e9trehoznak egy munkabizotts\u00e1got, amelynek az lesz a feladata, hogy kidolgozzon egy \u00fajabb, jobb min\u0151s\u00e9g\u0171 \u00e9s korszer\u0171bb t\u00f6rv\u00e9nyt, amely teljes eg\u00e9sz\u00e9ben kezelni tudja a probl\u00e9m\u00e1t.<br \/>\n    Horv\u00e1torsz\u00e1got egyre aggaszt\u00f3bb szoci\u00e1lis helyzet jellemzi. A horv\u00e1t gazdas\u00e1gi kamara adatai szerint jelenleg 2050 ingatlan van \u00e1rver\u00e9s alatt, a kilakoltat\u00e1sok pedig mindennaposak.<br \/>\n    A 4 milli\u00f3s orsz\u00e1gban mind\u00f6ssze 1,13 milli\u00f3 ember dolgozik &#8211; egy r\u00e9sz\u00fck t\u00f6bb h\u00f3napos k\u00e9s\u00e9ssel kapja meg a b\u00e9r\u00e9t -, a nyugd\u00edjasok sz\u00e1ma pedig el\u00e9rte az 1,24 milli\u00f3t.<br \/>\n    K\u00fcl\u00f6nb\u00f6z\u0151 jelent\u00e9sek szerint az orsz\u00e1gban az elm\u00falt hat \u00e9s f\u00e9l \u00e9vben az \u00e1llami p\u00e9nz\u00fcgyi int\u00e9zet (FINA) 40 milli\u00e1rd kuna (1667 milli\u00e1rd forint) ad\u00f3ss\u00e1got hajtott be az emberekt\u0151l, ennek ellen\u00e9re az \u00e1llampolg\u00e1rok tartoz\u00e1sa jelenleg is meghaladja a 42 milli\u00e1rd kun\u00e1t. Arr\u00f3l, hogy ebb\u0151l az \u00f6sszegb\u0151l mekkora az alaptartoz\u00e1s \u00e9s mekkora a kamat \u00e9s az elj\u00e1r\u00e1si k\u00f6lts\u00e9g, soha nem jelent meg adat.<br \/>\n    A FINA jelent\u00e9se szerint 42 ezer \u00e1llampolg\u00e1r tartoz\u00e1sa kevesebb mint 2000 kun\u00e1t tesz ki, m\u00edg 76 ezer \u00e1llampolg\u00e1r 2 ezer \u00e9s 10 ezer kuna k\u00f6z\u00f6tt tartozik a bankoknak, az \u00e1llamnak, a k\u00f6zm\u0171veknek vagy a telefont\u00e1rsas\u00e1goknak. A legnagyobb ad\u00f3ss\u00e1ggal nem az egyszer\u0171 civilek, hanem a cs\u0151dbe ment kis- \u00e9s k\u00f6zepes v\u00e1llalkoz\u00e1sok rendelkeznek, \u00f6sszesen 4500 t\u00f6nkrement v\u00e1llalkoz\u00e1st tartanak nyilv\u00e1n. K\u00f6zel 14 ezer \u00e1llampolg\u00e1r 100 ezer kun\u00e1n\u00e1l t\u00f6bb ad\u00f3ss\u00e1got halmozott fel.<br \/>\n    Egyre nagyobb probl\u00e9m\u00e1t jelent a fiatal, produkt\u00edv munkaer\u0151 elv\u00e1ndorl\u00e1sa is az orsz\u00e1gb\u00f3l. K\u00f6z\u00fcl\u00fck sokan az\u00e9rt hagyj\u00e1k el Horv\u00e1torsz\u00e1got, hogy a jobb kereseti lehet\u0151s\u00e9g rem\u00e9ny\u00e9ben t\u00f6rleszteni tudj\u00e1k otthoni ad\u00f3ss\u00e1gukat.(MTI)<\/p>\n","protected":false},"excerpt":{"rendered":"<p>A horv\u00e1t korm\u00e1ny cs\u00fct\u00f6rt\u00f6ki \u00fcl\u00e9s\u00e9n elfogadta a v\u00e9grehajt\u00e1si t\u00f6rv\u00e9ny m\u00f3dos\u00edt\u00e1s\u00e1t, amelynek \u00e9rtelm\u00e9ben az eddigiekn\u00e9l szigor\u00fabb felt\u00e9telek mellett lehet csak el\u00e1rverezni az ad\u00f3sok egyetlen lak\u00f3ingatlan\u00e1t &#8211; k\u00f6z\u00f6lte Drazen Bosnjakovic igazs\u00e1g\u00fcgyi miniszter.<\/p>\n","protected":false},"author":1,"featured_media":0,"comment_status":"closed","ping_status":"open","sticky":false,"template":"","format":"standard","meta":[],"categories":[12],"tags":[],"_links":{"self":[{"href":"https:\/\/gazdasagportal.hu\/index.php\/wp-json\/wp\/v2\/posts\/95118"}],"collection":[{"href":"https:\/\/gazdasagportal.hu\/index.php\/wp-json\/wp\/v2\/posts"}],"about":[{"href":"https:\/\/gazdasagportal.hu\/index.php\/wp-json\/wp\/v2\/types\/post"}],"author":[{"embeddable":true,"href":"https:\/\/gazdasagportal.hu\/index.php\/wp-json\/wp\/v2\/users\/1"}],"replies":[{"embeddable":true,"href":"https:\/\/gazdasagportal.hu\/index.php\/wp-json\/wp\/v2\/comments?post=95118"}],"version-history":[{"count":1,"href":"https:\/\/gazdasagportal.hu\/index.php\/wp-json\/wp\/v2\/posts\/95118\/revisions"}],"predecessor-version":[{"id":95119,"href":"https:\/\/gazdasagportal.hu\/index.php\/wp-json\/wp\/v2\/posts\/95118\/revisions\/95119"}],"wp:attachment":[{"href":"https:\/\/gazdasagportal.hu\/index.php\/wp-json\/wp\/v2\/media?parent=95118"}],"wp:term":[{"taxonomy":"category","embeddable":true,"href":"https:\/\/gazdasagportal.hu\/index.php\/wp-json\/wp\/v2\/categories?post=95118"},{"taxonomy":"post_tag","embeddable":true,"href":"https:\/\/gazdasagportal.hu\/index.php\/wp-json\/wp\/v2\/tags?post=95118"}],"curies":[{"name":"wp","href":"https:\/\/api.w.org\/{rel}","templated":true}]}}