{"id":9502,"date":"2013-06-07T13:52:21","date_gmt":"2013-06-07T11:52:21","guid":{"rendered":"http:\/\/stockportal.hu\/?p=9502"},"modified":"2013-06-07T13:52:21","modified_gmt":"2013-06-07T11:52:21","slug":"karl-sevelda-a-raiffeisen-bank-international-uj-vezerigazgatoja","status":"publish","type":"post","link":"https:\/\/gazdasagportal.hu\/index.php\/karl-sevelda-a-raiffeisen-bank-international-uj-vezerigazgatoja\/","title":{"rendered":"Karl Sevelda a Raiffeisen Bank International \u00faj vez\u00e9rigazgat\u00f3ja"},"content":{"rendered":"<p><strong>Karl Sevelda eddigi vez\u00e9rigazgat\u00f3-helyettest nevezte ki a Raiffeisen Bank International (RBI) fel\u00fcgyel\u0151tan\u00e1csa p\u00e9nteken a b\u00e9csi k\u00f6zpont\u00fa bankcsoport \u00faj vezet\u0151j\u00e9v\u00e9.<!--more--><\/strong><\/p>\n<p>A tan\u00e1cs p\u00e9nteki \u00fcl\u00e9s\u00e9n form\u00e1lisan is elfogadta a vitatott szingap\u00fari befektet\u00e9sei miatt t\u00e1voz\u00f3 Herbert Stepic eddigi vez\u00e9rigazgat\u00f3 lemond\u00e1s\u00e1t \u00e9s 2017 k\u00f6zep\u00e9ig Seveld\u00e1t b\u00edzta meg az RBI vezet\u00e9s\u00e9vel.<br \/>\nA 63 \u00e9ves Sevelda 15 \u00e9ve dolgozik a Raiffeisenn\u00e9l. Az RBI k\u00f6zlem\u00e9ny\u00e9ben hangs\u00falyozta, hogy az \u00faj vezet\u0151 kiv\u00e1l\u00f3 kapcsolatokat \u00e1pol az osztr\u00e1k \u00e9s nemzetk\u00f6zi \u00fcgyfelekkel is.<br \/>\nAz RBI k\u00f6zlem\u00e9nye szerint kinevez\u00e9s\u00e9vel a folyamatoss\u00e1gra akarj\u00e1k helyezni a hangs\u00falyt a vezet\u00e9sben \u00e9s kifejezik az eddigi strat\u00e9gia folytat\u00e1s\u00e1val szembeni bizalmukat.<br \/>\nHerbert Stepic harminc \u00e9ven \u00e1t dolgozott az RBI-n\u00e9l, jelent\u0151s r\u00e9szben az \u0151 vezet\u00e9se alatt ment v\u00e9gbe a bankcsoport k\u00f6z\u00e9p- \u00e9s kelet-eur\u00f3pai le\u00e1nyv\u00e1llalatainak ki\u00e9p\u00edt\u00e9se. Meg nem er\u0151s\u00edtett osztr\u00e1k sajt\u00f3\u00e9rtes\u00fcl\u00e9sek szerint t\u00e1voz\u00e1s\u00e1val felsz\u00ednre ker\u00fcltek a bels\u0151 n\u00e9zetk\u00fcl\u00f6nbs\u00e9gek arr\u00f3l, hogy milyen s\u00falyt sz\u00e1njanak a j\u00f6v\u0151ben a k\u00fclf\u00f6ldi terjeszked\u00e9snek a bankcsoport strat\u00e9gi\u00e1j\u00e1ban.<br \/>\nMegfigyel\u0151k szerint az \u00faj vezet\u0151re v\u00e1r annak eld\u00f6nt\u00e9se is, hogy mikor fizesse vissza a bank a 2009-ben ig\u00e9nybe vett 1,75 milli\u00e1rd eur\u00f3s osztr\u00e1k \u00e1llami seg\u00edts\u00e9gny\u00fajt\u00e1st. Az RBI m\u00e1r t\u00f6bbsz\u00f6r kil\u00e1t\u00e1sba helyezett egy t\u0151keemel\u00e9st a piaci viszonyok alakul\u00e1s\u00e1nak f\u00fcggv\u00e9ny\u00e9ben.<br \/>\nStepic m\u00e1jus v\u00e9g\u00e9n aj\u00e1nlotta fel t\u00e1voz\u00e1s\u00e1t, amelyet akkor m\u00e1r hallgat\u00f3lagosan el is fogadott a fel\u00fcgyel\u0151tan\u00e1cs. Stepic nem vitatta az ingatlanbefektet\u00e9sek t\u00e9ny\u00e9t, de tagadta az OffshoreLeaks port\u00e1l \u00e9s a News hetilap \u00e1ll\u00edt\u00e1s\u00e1t, miszerint azok offshore befektet\u00e9sek voltak. Azzal indokolta t\u00e1voz\u00e1s\u00e1t, hogy meg akarja \u00f3vni a bankot a v\u00e1rhat\u00f3 vit\u00e1kt\u00f3l \u00e9s t\u00e1mad\u00e1sokt\u00f3l. (MTI)<\/p>\n","protected":false},"excerpt":{"rendered":"<p>Karl Sevelda eddigi vez\u00e9rigazgat\u00f3-helyettest nevezte ki a Raiffeisen Bank International (RBI) fel\u00fcgyel\u0151tan\u00e1csa p\u00e9nteken a b\u00e9csi k\u00f6zpont\u00fa bankcsoport \u00faj vezet\u0151j\u00e9v\u00e9.<\/p>\n","protected":false},"author":1,"featured_media":0,"comment_status":"open","ping_status":"closed","sticky":false,"template":"","format":"standard","meta":[],"categories":[12],"tags":[],"_links":{"self":[{"href":"https:\/\/gazdasagportal.hu\/index.php\/wp-json\/wp\/v2\/posts\/9502"}],"collection":[{"href":"https:\/\/gazdasagportal.hu\/index.php\/wp-json\/wp\/v2\/posts"}],"about":[{"href":"https:\/\/gazdasagportal.hu\/index.php\/wp-json\/wp\/v2\/types\/post"}],"author":[{"embeddable":true,"href":"https:\/\/gazdasagportal.hu\/index.php\/wp-json\/wp\/v2\/users\/1"}],"replies":[{"embeddable":true,"href":"https:\/\/gazdasagportal.hu\/index.php\/wp-json\/wp\/v2\/comments?post=9502"}],"version-history":[{"count":2,"href":"https:\/\/gazdasagportal.hu\/index.php\/wp-json\/wp\/v2\/posts\/9502\/revisions"}],"predecessor-version":[{"id":9504,"href":"https:\/\/gazdasagportal.hu\/index.php\/wp-json\/wp\/v2\/posts\/9502\/revisions\/9504"}],"wp:attachment":[{"href":"https:\/\/gazdasagportal.hu\/index.php\/wp-json\/wp\/v2\/media?parent=9502"}],"wp:term":[{"taxonomy":"category","embeddable":true,"href":"https:\/\/gazdasagportal.hu\/index.php\/wp-json\/wp\/v2\/categories?post=9502"},{"taxonomy":"post_tag","embeddable":true,"href":"https:\/\/gazdasagportal.hu\/index.php\/wp-json\/wp\/v2\/tags?post=9502"}],"curies":[{"name":"wp","href":"https:\/\/api.w.org\/{rel}","templated":true}]}}