{"id":94995,"date":"2017-07-04T15:04:03","date_gmt":"2017-07-04T13:04:03","guid":{"rendered":"http:\/\/gazdasagportal.hu\/?p=94995"},"modified":"2017-07-04T15:04:03","modified_gmt":"2017-07-04T13:04:03","slug":"csokkent-az-autoeladasok-szama-az-egyesult-allamokban-juniusban","status":"publish","type":"post","link":"https:\/\/gazdasagportal.hu\/index.php\/csokkent-az-autoeladasok-szama-az-egyesult-allamokban-juniusban\/","title":{"rendered":"Cs\u00f6kkent az aut\u00f3elad\u00e1sok sz\u00e1ma az Egyes\u00fclt \u00c1llamokban j\u00faniusban"},"content":{"rendered":"<p><strong>A v\u00e1rosi terepj\u00e1r\u00f3k \u00e9s a k\u00f6nny\u0171 teherg\u00e9pkocsik ir\u00e1nti er\u0151s kereslet dac\u00e1ra j\u00faniusban m\u00e1r a hatodik egym\u00e1st k\u00f6vet\u0151 h\u00f3napban cs\u00f6kkentek \u00e9ves \u00f6sszevet\u00e9sben a k\u00f6nny\u0171 j\u00e1rm\u0171vek elad\u00e1sai az Egyes\u00fclt \u00c1llamokban, \u00e9s 2009 \u00f3ta el\u0151sz\u00f6r fordult el\u0151, hogy az els\u0151 f\u00e9l\u00e9vben visszaes\u00e9st m\u00e9rtek.<\/strong><!--more--><\/p>\n<div class=\"ads-in-post1\"><div id=\"gazdasagportal.hu_fullbanner_wideboard\"><\/div>\r\n<\/div>\n<p>     Az Autodata Corp kutat\u00f3c\u00e9g sz\u00e1m\u00edt\u00e1sai szerint j\u00faniusban 3 sz\u00e1zal\u00e9kkal, 16,51 milli\u00f3ra cs\u00f6kkent az eladott \u00faj aut\u00f3k \u00e9ves\u00edtett sz\u00e1ma, szemben az egy \u00e9vvel kor\u00e1bbi 16,8 milli\u00f3val. Elemz\u0151k 2 \u00e9s 4 sz\u00e1zal\u00e9k k\u00f6z\u00f6tti visszaes\u00e9st v\u00e1rtak.<br \/>\n    Az idei els\u0151 f\u00e9l\u00e9vben &#8211; 2009 \u00f3ta el\u0151sz\u00f6r &#8211; kevesebb j\u00e1rm\u0171vet \u00e9rt\u00e9kes\u00edtettek, mint egy \u00e9vvel kor\u00e1bban, ami elemz\u0151k szerint azt jelzi, hogy az el\u0151z\u0151 k\u00e9t, rekordokat halmoz\u00f3 \u00e9v ut\u00e1n lefordultak a cs\u00facsr\u00f3l az elad\u00e1sok.<br \/>\n    Az idei \u00e9v els\u0151 hat h\u00f3napj\u00e1ban 8 milli\u00f3 452 ezer szem\u00e9lyaut\u00f3t \u00e9s k\u00f6nny\u0171 teherg\u00e9pkocsit adtak el, 2,1 sz\u00e1zal\u00e9kkal kevesebbet az egy \u00e9vvel kor\u00e1bbi 8 milli\u00f3 636 ezern\u00e9l.<br \/>\n    J\u00faniusban \u00e9ves szinten az amerikai gy\u00e1rt\u00e1s\u00fa szem\u00e9lyg\u00e9pkocsik elad\u00e1sa 4,27 milli\u00f3 volt, a kisteherj\u00e1rm\u0171vek\u00e9 8,77 milli\u00f3. A k\u00fclf\u00f6ldr\u0151l behozott szem\u00e9lyaut\u00f3k elad\u00e1sa 1,64 milli\u00f3, az import\u00e1lt kisteheraut\u00f3k\u00e9 1,82 milli\u00f3 volt.<br \/>\n    Elemz\u0151k arra sz\u00e1m\u00edtanak, hogy id\u00e9n 17,1 milli\u00f3 k\u00f6nny\u0171 j\u00e1rm\u0171vet adnak el az Egyes\u00fclt \u00c1llamokban a tavalyi, minden id\u0151 rekordj\u00e1nak sz\u00e1m\u00edt\u00f3 17,6 milli\u00f3 ut\u00e1n. Mindazon\u00e1ltal az idei \u00e9v \u00edgy is j\u00f3 lesz, az elad\u00e1sok jelenlegi szintje mellett is az aut\u00f3gy\u00e1rt\u00f3k tisztess\u00e9ges profitot termelnek.<br \/>\n    A h\u00e1rom legnagyobb amerikai aut\u00f3gy\u00e1r elad\u00e1sai egyar\u00e1nt cs\u00f6kkentek j\u00faniusban.<br \/>\n    A General Motors \u00e9ves \u00f6sszevet\u00e9sben 4,8 sz\u00e1zal\u00e9kkal kevesebb, 242 873 j\u00e1rm\u0171vet \u00e9rt\u00e9kes\u00edtett j\u00faniusban, a Ford Motor elad\u00e1sa 5,0 sz\u00e1zal\u00e9kkal, 227 166 j\u00e1rm\u0171re esett vissza, m\u00edg a Fiat Chrysler Automobiles (FCA) \u00e1ltal \u00e9rt\u00e9kes\u00edtett j\u00e1rm\u0171vek sz\u00e1ma 7,4 sz\u00e1zal\u00e9kkal, 187 348-re s\u00fcllyedt. A legnagyobb k\u00fclf\u00f6ldi m\u00e1rka, a Toyota elad\u00e1sai 2,1 sz\u00e1zal\u00e9kkal, 203 376-re emelkedtek.<br \/>\n    Az Edmunds.com szakport\u00e1l elemz\u0151i arra sz\u00e1m\u00edtottak, hogy a Ford 5,5, a General Motors 1,8, a Fiat Chrysler 10 sz\u00e1zal\u00e9kos cs\u00f6kken\u00e9st volt k\u00e9nytelen elk\u00f6nyvelni.<br \/>\n    Az els\u0151 f\u00e9l\u00e9vet tekintve a General Motors elad\u00e1sai 1,8 sz\u00e1zal\u00e9kkal, a Ford\u00e9 20,2 sz\u00e1zal\u00e9kkal, az FCA-\u00e9 6,7 sz\u00e1zal\u00e9kkal, a Toyot\u00e1\u00e9 pedig 3,6 sz\u00e1zal\u00e9kkal estek vissza.<br \/>\n    A Volkswagen-csoport elad\u00e1sai viszont 10,8 sz\u00e1zal\u00e9kkal, 45 113 darabra emelkedtek j\u00faniusban, ezen bel\u00fcl is a Volkswagen m\u00e1rka 15,0 sz\u00e1zal\u00e9kos n\u00f6veked\u00e9st tudott elk\u00f6nyvelni. Az els\u0151 f\u00e9l\u00e9vben a Volkswagen csoport 7,6 sz\u00e1zal\u00e9kkal n\u00f6velte elad\u00e1sait.<br \/>\n    A Kelley Blue Book aut\u00f3ipari elemz\u0151h\u00e1z adatai szerint j\u00faniusban \u00e9ves \u00f6sszevet\u00e9sben 2 sz\u00e1zal\u00e9kkal 34 ezer 440 doll\u00e1rra emelkedett a k\u00f6nny\u0171 j\u00e1rm\u0171vek \u00e1tlag\u00e1ra. Az \u00e9v els\u0151 fel\u00e9ben a v\u00e1s\u00e1rl\u00e1si kedvezm\u00e9nyek 10,2 sz\u00e1zal\u00e9kot tettek ki, szemben az egy \u00e9vvel kor\u00e1bban m\u00e9rt 9,8 sz\u00e1zal\u00e9kkal.<br \/>\n(MTI)<\/p>\n","protected":false},"excerpt":{"rendered":"<p>A v\u00e1rosi terepj\u00e1r\u00f3k \u00e9s a k\u00f6nny\u0171 teherg\u00e9pkocsik ir\u00e1nti er\u0151s kereslet dac\u00e1ra j\u00faniusban m\u00e1r a hatodik egym\u00e1st k\u00f6vet\u0151 h\u00f3napban cs\u00f6kkentek \u00e9ves \u00f6sszevet\u00e9sben a k\u00f6nny\u0171 j\u00e1rm\u0171vek elad\u00e1sai az Egyes\u00fclt \u00c1llamokban, \u00e9s 2009 \u00f3ta el\u0151sz\u00f6r fordult el\u0151, hogy az els\u0151 f\u00e9l\u00e9vben visszaes\u00e9st m\u00e9rtek.<\/p>\n","protected":false},"author":1,"featured_media":0,"comment_status":"closed","ping_status":"open","sticky":false,"template":"","format":"standard","meta":[],"categories":[246],"tags":[],"_links":{"self":[{"href":"https:\/\/gazdasagportal.hu\/index.php\/wp-json\/wp\/v2\/posts\/94995"}],"collection":[{"href":"https:\/\/gazdasagportal.hu\/index.php\/wp-json\/wp\/v2\/posts"}],"about":[{"href":"https:\/\/gazdasagportal.hu\/index.php\/wp-json\/wp\/v2\/types\/post"}],"author":[{"embeddable":true,"href":"https:\/\/gazdasagportal.hu\/index.php\/wp-json\/wp\/v2\/users\/1"}],"replies":[{"embeddable":true,"href":"https:\/\/gazdasagportal.hu\/index.php\/wp-json\/wp\/v2\/comments?post=94995"}],"version-history":[{"count":1,"href":"https:\/\/gazdasagportal.hu\/index.php\/wp-json\/wp\/v2\/posts\/94995\/revisions"}],"predecessor-version":[{"id":94996,"href":"https:\/\/gazdasagportal.hu\/index.php\/wp-json\/wp\/v2\/posts\/94995\/revisions\/94996"}],"wp:attachment":[{"href":"https:\/\/gazdasagportal.hu\/index.php\/wp-json\/wp\/v2\/media?parent=94995"}],"wp:term":[{"taxonomy":"category","embeddable":true,"href":"https:\/\/gazdasagportal.hu\/index.php\/wp-json\/wp\/v2\/categories?post=94995"},{"taxonomy":"post_tag","embeddable":true,"href":"https:\/\/gazdasagportal.hu\/index.php\/wp-json\/wp\/v2\/tags?post=94995"}],"curies":[{"name":"wp","href":"https:\/\/api.w.org\/{rel}","templated":true}]}}