{"id":94985,"date":"2017-07-04T11:34:20","date_gmt":"2017-07-04T09:34:20","guid":{"rendered":"http:\/\/gazdasagportal.hu\/?p=94985"},"modified":"2017-07-04T11:34:20","modified_gmt":"2017-07-04T09:34:20","slug":"gyakrabban-akar-ejszaka-is-ellenoriz-az-adohatosag-a-kovetkezo-hetekben-a-fovarosban","status":"publish","type":"post","link":"https:\/\/gazdasagportal.hu\/index.php\/gyakrabban-akar-ejszaka-is-ellenoriz-az-adohatosag-a-kovetkezo-hetekben-a-fovarosban\/","title":{"rendered":"Gyakrabban, ak\u00e1r \u00e9jszaka is ellen\u0151riz az ad\u00f3hat\u00f3s\u00e1g a k\u00f6vetkez\u0151 hetekben a f\u0151v\u00e1rosban"},"content":{"rendered":"<p><strong>Az \u00e1tlagosn\u00e1l t\u00f6bbsz\u00f6r ellen\u0151riznek az ad\u00f3hat\u00f3s\u00e1g munkat\u00e1rsai  j\u00falius 10. \u00e9s 30. k\u00f6z\u00f6tt Budapesten \u00e9s k\u00f6rny\u00e9k\u00e9n; t\u00f6bbek k\u00f6z\u00f6tt a sz\u00f3rakoz\u00f3-, a vend\u00e9gl\u00e1t\u00f3- \u00e9s a sz\u00e1ll\u00e1shelyeket, valamint a taxisokat fogj\u00e1k gyakrabban ellen\u0151rizni, ak\u00e1r az esti \u00e9s az \u00e9jszakai \u00f3r\u00e1kban is &#8211; k\u00f6z\u00f6lte a Nemzeti Ad\u00f3- \u00e9s V\u00e1mhivatal (NAV) kedden.<\/strong><!--more--><\/p>\n<div class=\"ads-in-post1\"><div id=\"gazdasagportal.hu_fullbanner_wideboard\"><\/div>\r\n<\/div>\n<p>    A szigor\u00edt\u00e1st a ny\u00e1ri sportrendezv\u00e9nyek miatt megn\u00f6veked\u0151 turistaforgalommal indokolt\u00e1k. Hozz\u00e1tett\u00e9k: az ellen\u0151rz\u00e9sek kiterjednek a bizonylatokra \u00e9s az online p\u00e9nzt\u00e1rg\u00e9pekre, valamint az \u00e1ruk eredet\u00e9nek vagy az alkalmazottak bejelent\u00e9s\u00e9nek ellen\u0151rz\u00e9s\u00e9re is.<br \/>\n    A NAV a honlapj\u00e1n megjelentetett t\u00e1j\u00e9koztat\u00f3 f\u00fczetekkel, tov\u00e1bb\u00e1 telefonos inform\u00e1ci\u00f3s vonal\u00e1n \u00e9s \u00fcgyf\u00e9lszolg\u00e1latain is seg\u00edti a szab\u00e1lyok betart\u00e1s\u00e1t &#8211; \u00edrt\u00e1k.<br \/>\n(MTI)<\/p>\n","protected":false},"excerpt":{"rendered":"<p>Az \u00e1tlagosn\u00e1l t\u00f6bbsz\u00f6r ellen\u0151riznek az ad\u00f3hat\u00f3s\u00e1g munkat\u00e1rsai j\u00falius 10. \u00e9s 30. k\u00f6z\u00f6tt Budapesten \u00e9s k\u00f6rny\u00e9k\u00e9n; t\u00f6bbek k\u00f6z\u00f6tt a sz\u00f3rakoz\u00f3-, a vend\u00e9gl\u00e1t\u00f3- \u00e9s a sz\u00e1ll\u00e1shelyeket, valamint a taxisokat fogj\u00e1k gyakrabban ellen\u0151rizni, ak\u00e1r az esti \u00e9s az \u00e9jszakai \u00f3r\u00e1kban is &#8211; k\u00f6z\u00f6lte a Nemzeti Ad\u00f3- \u00e9s V\u00e1mhivatal (NAV) kedden.<\/p>\n","protected":false},"author":1,"featured_media":0,"comment_status":"closed","ping_status":"open","sticky":false,"template":"","format":"standard","meta":[],"categories":[20,19],"tags":[],"_links":{"self":[{"href":"https:\/\/gazdasagportal.hu\/index.php\/wp-json\/wp\/v2\/posts\/94985"}],"collection":[{"href":"https:\/\/gazdasagportal.hu\/index.php\/wp-json\/wp\/v2\/posts"}],"about":[{"href":"https:\/\/gazdasagportal.hu\/index.php\/wp-json\/wp\/v2\/types\/post"}],"author":[{"embeddable":true,"href":"https:\/\/gazdasagportal.hu\/index.php\/wp-json\/wp\/v2\/users\/1"}],"replies":[{"embeddable":true,"href":"https:\/\/gazdasagportal.hu\/index.php\/wp-json\/wp\/v2\/comments?post=94985"}],"version-history":[{"count":1,"href":"https:\/\/gazdasagportal.hu\/index.php\/wp-json\/wp\/v2\/posts\/94985\/revisions"}],"predecessor-version":[{"id":94986,"href":"https:\/\/gazdasagportal.hu\/index.php\/wp-json\/wp\/v2\/posts\/94985\/revisions\/94986"}],"wp:attachment":[{"href":"https:\/\/gazdasagportal.hu\/index.php\/wp-json\/wp\/v2\/media?parent=94985"}],"wp:term":[{"taxonomy":"category","embeddable":true,"href":"https:\/\/gazdasagportal.hu\/index.php\/wp-json\/wp\/v2\/categories?post=94985"},{"taxonomy":"post_tag","embeddable":true,"href":"https:\/\/gazdasagportal.hu\/index.php\/wp-json\/wp\/v2\/tags?post=94985"}],"curies":[{"name":"wp","href":"https:\/\/api.w.org\/{rel}","templated":true}]}}