{"id":94980,"date":"2017-07-04T10:14:57","date_gmt":"2017-07-04T08:14:57","guid":{"rendered":"http:\/\/gazdasagportal.hu\/?p=94980"},"modified":"2017-07-04T10:14:57","modified_gmt":"2017-07-04T08:14:57","slug":"ingatlan-com-lassult-az-aremelkedes-uteme-a-lakaspiacon","status":"publish","type":"post","link":"https:\/\/gazdasagportal.hu\/index.php\/ingatlan-com-lassult-az-aremelkedes-uteme-a-lakaspiacon\/","title":{"rendered":"Ingatlan.com: lassult az \u00e1remelked\u00e9s \u00fcteme a lak\u00e1spiacon"},"content":{"rendered":"<p><strong>Lassult az \u00e1remelked\u00e9s \u00fcteme a lak\u00e1spiacon, az elm\u00falt egy \u00e9vben orsz\u00e1gosan m\u00e1r csak egysz\u00e1mjegy\u0171 volt az ingatlan\u00e1rak n\u00f6veked\u00e9se &#8211; der\u00fcl ki az ingatlan.com keddi, MTI-nek k\u00fcld\u00f6tt f\u00e9l\u00e9ves elemz\u00e9s\u00e9b\u0151l.<\/strong><!--more--><\/p>\n<div class=\"ads-in-post1\"><div id=\"gazdasagportal.hu_fullbanner_wideboard\"><\/div>\r\n<\/div>\n<p>Balogh L\u00e1szl\u00f3, az ingatlan.com vezet\u0151 gazdas\u00e1gi szak\u00e9rt\u0151je a k\u00f6zlem\u00e9nyben kifejti: orsz\u00e1gos \u00e1tlagban a lak\u00f3ingatlanok \u00f6sszes\u00edtett n\u00e9gyzetm\u00e9ter\u00e1ra j\u00fanius v\u00e9g\u00e9n 223 ezer forint volt, ami 8,8 sz\u00e1zal\u00e9kkal haladja meg az egy \u00e9vvel kor\u00e1bbi szintet. Teh\u00e1t orsz\u00e1gosan m\u00e1r csak egysz\u00e1mjegy\u0171 \u00e1remelked\u00e9sr\u0151l van sz\u00f3 \u00e9ves \u00f6sszevet\u00e9sben, pedig a tavaly j\u00fanius v\u00e9g\u00e9n m\u00e9rt 205 ezer forintos \u00e1tlagos n\u00e9gyzetm\u00e9ter\u00e1r m\u00e9g 18 sz\u00e1zal\u00e9kos dr\u00e1gul\u00e1st jelentett az el\u0151z\u0151 \u00e9vhez k\u00e9pest.<br \/>\nAz elm\u00falt egy \u00e9vben az olcs\u00f3bb lak\u00e1sok fel\u00e9 tol\u00f3dott el a kereslet, ezt jelzi t\u00f6bbek k\u00f6z\u00f6tt az, hogy a panellak\u00e1sok k\u00edn\u00e1lata 14 sz\u00e1zal\u00e9kkal cs\u00f6kkent, mik\u00f6zben a t\u00e9gla\u00e9p\u00edt\u00e9s\u0171ek\u00e9 n\u0151tt &#8211; tette hozz\u00e1 a szak\u00e9rt\u0151.<br \/>\nAz orsz\u00e1gos \u00e1tlagos 8,8 sz\u00e1zal\u00e9kos dr\u00e1gul\u00e1s els\u0151sorban a f\u0151v\u00e1rosi \u00e9s a megyei jog\u00fa v\u00e1rosokban v\u00e9gbement \u00e1remelked\u00e9snek k\u00f6sz\u00f6nhet\u0151. Budapesten a lak\u00f3ingatlanok \u00e1tlagos n\u00e9gyzetm\u00e9ter\u00e1ra 473 ezer forintra, azaz 17 sz\u00e1zal\u00e9kkal emelkedett. A megyei jog\u00fa v\u00e1rosokban 12,5 sz\u00e1zal\u00e9kkal 234 ezer forintra n\u0151tt az \u00e1tlagos n\u00e9gyzetm\u00e9ter\u00e1r. Visszafogottabb, 4 sz\u00e1zal\u00e9kos volt a dr\u00e1gul\u00e1s a vid\u00e9ki v\u00e1rosokban, \u00edgy az \u00e1tlagos n\u00e9gyzetm\u00e9ter\u00e1r itt 159 ezer forint. Ek\u00f6zben a k\u00f6zs\u00e9gekben 3 sz\u00e1zal\u00e9kkal 97 ezer forintra m\u00e9rs\u00e9kl\u0151d\u00f6tt az \u00e1tlag\u00e1r.<br \/>\nBalogh L\u00e1szl\u00f3 szerint a lak\u00e1skeres\u0151k anyagi mozg\u00e1stere az \u00e1remelked\u00e9sn\u00e9l kisebb \u00fctemben b\u0151v\u00fcl, ez\u00e9rt nem csak az olcs\u00f3bb ingatlanok ir\u00e1nt n\u0151tt a kereslet, de a hitelfelv\u00e9teli hajland\u00f3s\u00e1g is emelkedett. A j\u00f6v\u0151ben az olcs\u00f3 lak\u00e1shitelek v\u00e1lhatnak az ingatlanpiaci \u00e1rn\u00f6veked\u00e9s mozgat\u00f3rug\u00f3iv\u00e1, \u00e9s arra lehet sz\u00e1m\u00edtani, hogy a bankok k\u00f6z\u00f6tti verseny egyre \u00e9lesebb\u00e9 v\u00e1lik, aminek nyertesei a hitelfelvev\u0151k lehetnek &#8211; tette hozz\u00e1 az ingatlan.com szak\u00e9rt\u0151je.(MTI)<\/p>\n<p>&nbsp;<\/p><div id=\"gazda-3378038735\" class=\"gazda-tartalomban gazda-entity-placement\"><script async src=\"https:\/\/pagead2.googlesyndication.com\/pagead\/js\/adsbygoogle.js\"><\/script>\r\n<ins class=\"adsbygoogle\"\r\n     style=\"display:block\"\r\n     data-ad-format=\"fluid\"\r\n     data-ad-layout-key=\"-6t+ed+2i-1n-4w\"\r\n     data-ad-client=\"ca-pub-1959107119989764\"\r\n     data-ad-slot=\"4008251320\"><\/ins>\r\n<script>\r\n     (adsbygoogle = window.adsbygoogle || []).push({});\r\n<\/script><\/div>\n","protected":false},"excerpt":{"rendered":"<p>Lassult az \u00e1remelked\u00e9s \u00fcteme a lak\u00e1spiacon, az elm\u00falt egy \u00e9vben orsz\u00e1gosan m\u00e1r csak egysz\u00e1mjegy\u0171 volt az ingatlan\u00e1rak n\u00f6veked\u00e9se &#8211; der\u00fcl ki az ingatlan.com keddi, MTI-nek k\u00fcld\u00f6tt f\u00e9l\u00e9ves elemz\u00e9s\u00e9b\u0151l.<\/p>\n","protected":false},"author":1,"featured_media":0,"comment_status":"closed","ping_status":"open","sticky":false,"template":"","format":"standard","meta":[],"categories":[19,22],"tags":[],"_links":{"self":[{"href":"https:\/\/gazdasagportal.hu\/index.php\/wp-json\/wp\/v2\/posts\/94980"}],"collection":[{"href":"https:\/\/gazdasagportal.hu\/index.php\/wp-json\/wp\/v2\/posts"}],"about":[{"href":"https:\/\/gazdasagportal.hu\/index.php\/wp-json\/wp\/v2\/types\/post"}],"author":[{"embeddable":true,"href":"https:\/\/gazdasagportal.hu\/index.php\/wp-json\/wp\/v2\/users\/1"}],"replies":[{"embeddable":true,"href":"https:\/\/gazdasagportal.hu\/index.php\/wp-json\/wp\/v2\/comments?post=94980"}],"version-history":[{"count":1,"href":"https:\/\/gazdasagportal.hu\/index.php\/wp-json\/wp\/v2\/posts\/94980\/revisions"}],"predecessor-version":[{"id":94981,"href":"https:\/\/gazdasagportal.hu\/index.php\/wp-json\/wp\/v2\/posts\/94980\/revisions\/94981"}],"wp:attachment":[{"href":"https:\/\/gazdasagportal.hu\/index.php\/wp-json\/wp\/v2\/media?parent=94980"}],"wp:term":[{"taxonomy":"category","embeddable":true,"href":"https:\/\/gazdasagportal.hu\/index.php\/wp-json\/wp\/v2\/categories?post=94980"},{"taxonomy":"post_tag","embeddable":true,"href":"https:\/\/gazdasagportal.hu\/index.php\/wp-json\/wp\/v2\/tags?post=94980"}],"curies":[{"name":"wp","href":"https:\/\/api.w.org\/{rel}","templated":true}]}}