{"id":94874,"date":"2017-06-30T17:31:11","date_gmt":"2017-06-30T15:31:11","guid":{"rendered":"http:\/\/gazdasagportal.hu\/?p=94874"},"modified":"2017-06-30T17:31:11","modified_gmt":"2017-06-30T15:31:11","slug":"fel-fokos-felmelegedes-is-szelsoseges-idojarasi-jelensegekhez-vezetett","status":"publish","type":"post","link":"https:\/\/gazdasagportal.hu\/index.php\/fel-fokos-felmelegedes-is-szelsoseges-idojarasi-jelensegekhez-vezetett\/","title":{"rendered":"F\u00e9l fokos felmeleged\u00e9s is sz\u00e9ls\u0151s\u00e9ges id\u0151j\u00e1r\u00e1si jelens\u00e9gekhez vezetett"},"content":{"rendered":"<p><strong>F\u00e9l Celsius-fokos felmeleged\u00e9s is el\u00e9g volt a F\u00f6ld sz\u00e1mos vid\u00e9k\u00e9n ahhoz, hogy sz\u00e9ls\u0151s\u00e9ges id\u0151j\u00e1r\u00e1si jelens\u00e9gek, hossz\u00fa h\u0151hull\u00e1mok \u00e9s s\u00falyos es\u0151z\u00e9sek alakuljanak ki egy p\u00e9nteken megjelent tanulm\u00e1ny szerint.<\/strong><!--more--><\/p>\n<div class=\"ads-in-post1\"><div id=\"gazdasagportal.hu_fullbanner_wideboard\"><\/div>\r\n<\/div>\n<p>    A tud\u00f3sok k\u00e9t h\u00fasz\u00e9ves id\u0151szakot hasonl\u00edtottak \u00f6ssze: az 1960 \u00e9s 1979, valamint az 1991 \u00e9s 2010 k\u00f6z\u00f6tti k\u00e9t \u00e9vtizedet. A glob\u00e1lis \u00e1tlagh\u0151m\u00e9rs\u00e9klet f\u00e9l fokkal volt magasabb a m\u00e1sodik peri\u00f3dusban.<br \/>\n    Meg\u00e1llap\u00edtott\u00e1k, hogy sz\u00e1mos extr\u00e9m id\u0151j\u00e1r\u00e1si jelens\u00e9g hossza \u00e9s intenzit\u00e1sa is fokoz\u00f3dott ezalatt &#8211; \u00edrta a Phys.org a Nature Climate Change c\u00edm\u0171 szaklapban megjelent tanulm\u00e1nyt ismertetve.<br \/>\n    A F\u00f6ld sz\u00e1razf\u00f6ldi ter\u00fcletei negyed\u00e9nek legmagasabb ny\u00e1ri h\u0151m\u00e9rs\u00e9klete t\u00f6bb mint egy fokkal emelkedett, a leghidegebb telek t\u00f6bb mint 2,5 fokkal lettek enyh\u00e9bbek.<br \/>\n    A sz\u00e9ls\u0151s\u00e9ges csapad\u00e9kok intenzit\u00e1sa majdnem 10 sz\u00e1zal\u00e9kkal fokoz\u00f3dott a sz\u00e1razf\u00f6ldek \u00f6sszess\u00e9g\u00e9n, a sok helyen puszt\u00edt\u00f3 er\u0151dt\u00fczeket okoz\u00f3 h\u0151hull\u00e1mok id\u0151tartama egy h\u00e9ttel n\u0151tt a sz\u00e1razf\u00f6ldi ter\u00fcletek fel\u00e9n.<br \/>\n    A kutat\u00f3k szerint a v\u00e1ltoz\u00e1sok messze t\u00falmutatnak a term\u00e9szetes v\u00e1ltoz\u00e9konys\u00e1gon.<br \/>\n    &#8222;Kl\u00edmamodellekre kell hagyatkoznunk, hogy a v\u00e1ltoz\u00e1sokat el\u0151re tudjuk jelezni. Most azonban m\u00e9r\u00e9sen alapul\u00f3 bizony\u00edt\u00e9kunk van az 1 fokos meleged\u00e9sr\u0151l, \u00edgy megvizsg\u00e1lhatjuk, hogy a val\u00f3 \u00e9letben ez milyen hat\u00e1ssal j\u00e1rt&#8221; &#8211; \u00edrta k\u00f6zlem\u00e9ny\u00e9ben Carl-Friedrich Schleussner, a Potsdami Kl\u00edmakutat\u00f3 Int\u00e9zet munkat\u00e1rsa, a kutat\u00e1s vezet\u0151je.<br \/>\n    A f\u0151k\u00e9nt a fosszilis \u00fczemanyagok \u00e9get\u00e9se okozta glob\u00e1lis felmeleged\u00e9s a 19. sz\u00e1zad elej\u00e9n, az iparosod\u00e1ssal indult meg lassan, \u00e1m az elm\u00falt 50-60 \u00e9vben jelent\u0151sen felgyorsult.<br \/>\n    A 2015-\u00f6s p\u00e1rizsi kl\u00edmaegyezm\u00e9ny, amelyet 196 orsz\u00e1g \u00edrt al\u00e1, a F\u00f6ld \u00e1tlagos felsz\u00edni h\u0151m\u00e9rs\u00e9klet\u00e9nek meleged\u00e9s\u00e9t j\u00f3val 2 Celsius-fok alatt akarja tartani, \u00e9s azon van, hogy az er\u0151fesz\u00edt\u00e9sek eredm\u00e9nyek\u00e9nt ne haladja meg az 1,5 fokot.<br \/>\n    Az ENSZ legfels\u0151bb kl\u00edmakutat\u00e1si tudom\u00e1nyos tan\u00e1csad\u00f3 szervezete, az \u00c9ghajlat-v\u00e1ltoz\u00e1si Korm\u00e1nyk\u00f6zi Test\u00fclet (IPCC) 2018 szeptember\u00e9ben jelent\u00e9st bocs\u00e1t ki az 1,5 fokos meleged\u00e9si k\u00fcsz\u00f6b tarthat\u00f3s\u00e1g\u00e1r\u00f3l, valamint arr\u00f3l, hogy milyen k\u00f6vetkezm\u00e9nyek ker\u00fclhet\u0151k el, ha el\u00e9rik ezt a c\u00e9lt.<br \/>\n(MTI)<\/p>\n","protected":false},"excerpt":{"rendered":"<p>F\u00e9l Celsius-fokos felmeleged\u00e9s is el\u00e9g volt a F\u00f6ld sz\u00e1mos vid\u00e9k\u00e9n ahhoz, hogy sz\u00e9ls\u0151s\u00e9ges id\u0151j\u00e1r\u00e1si jelens\u00e9gek, hossz\u00fa h\u0151hull\u00e1mok \u00e9s s\u00falyos es\u0151z\u00e9sek alakuljanak ki egy p\u00e9nteken megjelent tanulm\u00e1ny szerint.<\/p>\n","protected":false},"author":1,"featured_media":0,"comment_status":"closed","ping_status":"open","sticky":false,"template":"","format":"standard","meta":[],"categories":[4,12],"tags":[],"_links":{"self":[{"href":"https:\/\/gazdasagportal.hu\/index.php\/wp-json\/wp\/v2\/posts\/94874"}],"collection":[{"href":"https:\/\/gazdasagportal.hu\/index.php\/wp-json\/wp\/v2\/posts"}],"about":[{"href":"https:\/\/gazdasagportal.hu\/index.php\/wp-json\/wp\/v2\/types\/post"}],"author":[{"embeddable":true,"href":"https:\/\/gazdasagportal.hu\/index.php\/wp-json\/wp\/v2\/users\/1"}],"replies":[{"embeddable":true,"href":"https:\/\/gazdasagportal.hu\/index.php\/wp-json\/wp\/v2\/comments?post=94874"}],"version-history":[{"count":1,"href":"https:\/\/gazdasagportal.hu\/index.php\/wp-json\/wp\/v2\/posts\/94874\/revisions"}],"predecessor-version":[{"id":94875,"href":"https:\/\/gazdasagportal.hu\/index.php\/wp-json\/wp\/v2\/posts\/94874\/revisions\/94875"}],"wp:attachment":[{"href":"https:\/\/gazdasagportal.hu\/index.php\/wp-json\/wp\/v2\/media?parent=94874"}],"wp:term":[{"taxonomy":"category","embeddable":true,"href":"https:\/\/gazdasagportal.hu\/index.php\/wp-json\/wp\/v2\/categories?post=94874"},{"taxonomy":"post_tag","embeddable":true,"href":"https:\/\/gazdasagportal.hu\/index.php\/wp-json\/wp\/v2\/tags?post=94874"}],"curies":[{"name":"wp","href":"https:\/\/api.w.org\/{rel}","templated":true}]}}