{"id":94867,"date":"2017-06-30T15:47:58","date_gmt":"2017-06-30T13:47:58","guid":{"rendered":"http:\/\/gazdasagportal.hu\/?p=94867"},"modified":"2017-06-30T15:47:58","modified_gmt":"2017-06-30T13:47:58","slug":"egy-napjuk-maradt-adategyeztetesre-a-feltoltokartyas-mobilelofizetoknek","status":"publish","type":"post","link":"https:\/\/gazdasagportal.hu\/index.php\/egy-napjuk-maradt-adategyeztetesre-a-feltoltokartyas-mobilelofizetoknek\/","title":{"rendered":"Egy napjuk maradt adategyeztet\u00e9sre a felt\u00f6lt\u0151k\u00e1rty\u00e1s mobilel\u0151fizet\u0151knek"},"content":{"rendered":"<p><strong>Egy napjuk maradt adategyeztet\u00e9sre a felt\u00f6lt\u0151k\u00e1rty\u00e1s mobiltelefonok el\u0151fizet\u0151inek, a nem azonos\u00edtott SIM-k\u00e1rty\u00e1k el\u0151fizet\u00e9se \u00e9s a hozz\u00e1 tartoz\u00f3 szolg\u00e1ltat\u00e1s szombaton megsz\u0171nik. A hat\u00e1rid\u0151 lej\u00e1rta ut\u00e1n pedig csak \u00faj szerz\u0151d\u00e9ssel adhat\u00f3 vissza megsz\u0171nt el\u0151fizet\u00e9sek h\u00edv\u00f3sz\u00e1ma \u00e9s egyenlege az \u00fcgyfeleknek, ha igazolt\u00e1k a szem\u00e9lyazonoss\u00e1gukat.<\/strong><!--more--><\/p>\n<div class=\"ads-in-post1\"><div id=\"gazdasagportal.hu_fullbanner_wideboard\"><\/div>\r\n<\/div>\n<p>    A mobilszolg\u00e1ltat\u00f3k telefonon \u00e9s az \u00fcgyf\u00e9lszolg\u00e1lataikon, valamint postahivatalokban is lehet\u0151v\u00e9 teszik az \u00fcgyfeleknek az adategyeztet\u00e9st, online azonos\u00edt\u00e1s eset\u00e9n pedig kedvezm\u00e9nyeket is biztos\u00edtanak.<br \/>\n    A Magyar Telekom kor\u00e1bban jelezte, hogy p\u00e9nteken \u00e9s a k\u00f6vetkez\u0151 napokban is a szok\u00e1sosn\u00e1l nagyobb l\u00e9tsz\u00e1mmal fogadj\u00e1k az adategyeztet\u0151 el\u0151fizet\u0151ket az \u00fcgyf\u00e9lszolg\u00e1latokon nyitvatart\u00e1si id\u0151ben. A Telenor k\u00f6z\u00f6lte, hogy egyes \u00fczleteik vas\u00e1rnap is nyitva lesznek \u00e9s irodai alkalmazottak is seg\u00edtik az \u00fcgyf\u00e9lszolg\u00e1latok adategyeztet\u00e9si munk\u00e1j\u00e1t.<br \/>\n    Az azonos\u00edt\u00e1st nemcsak a SIM-k\u00e1rty\u00e1k tulajdonosai, hanem a m\u00e1s tulajdon\u00e1ban \u00e1ll\u00f3 k\u00e1rty\u00e1k haszn\u00e1l\u00f3i is elv\u00e9gezhetik, de egy \u00fczleti el\u0151fizet\u0151nek legfeljebb 50, az egy\u00e9ni el\u0151fizet\u0151knek pedig 10 el\u0151re fizetett (prepaid) k\u00e1rty\u00e1ja lehet az elektronikus h\u00edrk\u00f6zl\u00e9sr\u0151l sz\u00f3l\u00f3 t\u00f6rv\u00e9ny janu\u00e1rban \u00e9letbe l\u00e9pett v\u00e1ltoz\u00e1sai szerint. Az azonos\u00edt\u00e1si k\u00f6telezetts\u00e9g csak a besz\u00e9lget\u00e9sre alkalmas k\u00e1rty\u00e1kra vonatkozik, az adategyeztet\u00e9shez sz\u00fcks\u00e9ges szem\u00e9lyazonos\u00edt\u00f3 okm\u00e1ny \u00e9rv\u00e9nyess\u00e9g\u00e9t a szolg\u00e1ltat\u00f3knak kell ellen\u0151rizni\u00fck, az azonos\u00edt\u00e1st pedig \u00e9vente k\u00f6telesek megism\u00e9telni.<br \/>\n    \u00daj szerz\u0151d\u00e9s megk\u00f6t\u00e9se el\u0151tt a szolg\u00e1ltat\u00f3k az \u00faj el\u0151fizet\u0151k megfelel\u0151 adatait is ellen\u0151rzik: e n\u00e9lk\u00fcl a szerz\u0151d\u00e9st nem lehet megk\u00f6tni. A m\u00f3dos\u00edtott jogszab\u00e1ly rendelkezik arr\u00f3l is, hogy az el\u0151re fizetett szolg\u00e1ltat\u00e1sokat nem lehet \u00e9rt\u00e9kes\u00edteni \u00e9s csak akkor lehet tov\u00e1bbadni m\u00e1snak &#8211; nem sz\u00e1m\u00edtva a k\u00f6zeli hozz\u00e1tartoz\u00f3kat -, ha a tulajdonos a beazonos\u00edt\u00e1shoz sz\u00fcks\u00e9ges adatokat egyeztetette a szolg\u00e1ltat\u00f3val: ennek hi\u00e1ny\u00e1ban a szerz\u0151d\u00e9s 15 napos hat\u00e1rid\u0151vel megsz\u00fcntethet\u0151.<br \/>\n    A Nemzeti M\u00e9dia- \u00e9s H\u00edrk\u00f6zl\u00e9si Hat\u00f3s\u00e1g (NMHH) kor\u00e1bban azt k\u00f6z\u00f6lte: \u00faj szerz\u0151d\u00e9ssel a hat\u00e1rid\u0151 lej\u00e1rta ut\u00e1n is visszaadhat\u00f3 a megsz\u0171nt el\u0151fizet\u00e9sek h\u00edv\u00f3sz\u00e1ma \u00e9s egyenlege az \u00fcgyfeleknek, ha igazolt\u00e1k a szem\u00e9lyazonoss\u00e1gukat. A h\u00edv\u00f3sz\u00e1mok ut\u00f3lagos visszakapcsol\u00e1s\u00e1t a k\u00f6vetkez\u0151 h\u00f3napok sor\u00e1n a Magyar Telekom, a Telenor \u00e9s Vodafone is lehet\u0151v\u00e9 teszi az el\u0151fizet\u0151i sz\u00e1m\u00e1ra.(MTI)<\/p>\n","protected":false},"excerpt":{"rendered":"<p>Egy napjuk maradt adategyeztet\u00e9sre a felt\u00f6lt\u0151k\u00e1rty\u00e1s mobiltelefonok el\u0151fizet\u0151inek, a nem azonos\u00edtott SIM-k\u00e1rty\u00e1k el\u0151fizet\u00e9se \u00e9s a hozz\u00e1 tartoz\u00f3 szolg\u00e1ltat\u00e1s szombaton megsz\u0171nik. A hat\u00e1rid\u0151 lej\u00e1rta ut\u00e1n pedig csak \u00faj szerz\u0151d\u00e9ssel adhat\u00f3 vissza megsz\u0171nt el\u0151fizet\u00e9sek h\u00edv\u00f3sz\u00e1ma \u00e9s egyenlege az \u00fcgyfeleknek, ha igazolt\u00e1k a szem\u00e9lyazonoss\u00e1gukat.<\/p>\n","protected":false},"author":1,"featured_media":0,"comment_status":"closed","ping_status":"open","sticky":false,"template":"","format":"standard","meta":[],"categories":[4],"tags":[],"_links":{"self":[{"href":"https:\/\/gazdasagportal.hu\/index.php\/wp-json\/wp\/v2\/posts\/94867"}],"collection":[{"href":"https:\/\/gazdasagportal.hu\/index.php\/wp-json\/wp\/v2\/posts"}],"about":[{"href":"https:\/\/gazdasagportal.hu\/index.php\/wp-json\/wp\/v2\/types\/post"}],"author":[{"embeddable":true,"href":"https:\/\/gazdasagportal.hu\/index.php\/wp-json\/wp\/v2\/users\/1"}],"replies":[{"embeddable":true,"href":"https:\/\/gazdasagportal.hu\/index.php\/wp-json\/wp\/v2\/comments?post=94867"}],"version-history":[{"count":1,"href":"https:\/\/gazdasagportal.hu\/index.php\/wp-json\/wp\/v2\/posts\/94867\/revisions"}],"predecessor-version":[{"id":94868,"href":"https:\/\/gazdasagportal.hu\/index.php\/wp-json\/wp\/v2\/posts\/94867\/revisions\/94868"}],"wp:attachment":[{"href":"https:\/\/gazdasagportal.hu\/index.php\/wp-json\/wp\/v2\/media?parent=94867"}],"wp:term":[{"taxonomy":"category","embeddable":true,"href":"https:\/\/gazdasagportal.hu\/index.php\/wp-json\/wp\/v2\/categories?post=94867"},{"taxonomy":"post_tag","embeddable":true,"href":"https:\/\/gazdasagportal.hu\/index.php\/wp-json\/wp\/v2\/tags?post=94867"}],"curies":[{"name":"wp","href":"https:\/\/api.w.org\/{rel}","templated":true}]}}