{"id":94855,"date":"2017-06-30T11:21:59","date_gmt":"2017-06-30T09:21:59","guid":{"rendered":"http:\/\/gazdasagportal.hu\/?p=94855"},"modified":"2017-06-30T11:21:59","modified_gmt":"2017-06-30T09:21:59","slug":"metrofelujitas-bocsanatot-kert-a-budapestiektol-az-orosz-ceg-vezerigazgatoja","status":"publish","type":"post","link":"https:\/\/gazdasagportal.hu\/index.php\/metrofelujitas-bocsanatot-kert-a-budapestiektol-az-orosz-ceg-vezerigazgatoja\/","title":{"rendered":"Metr\u00f3fel\u00faj\u00edt\u00e1s &#8211; Bocs\u00e1natot k\u00e9rt a budapestiekt\u0151l az orosz c\u00e9g vez\u00e9rigazgat\u00f3ja"},"content":{"rendered":"<p><strong>Bocs\u00e1natot k\u00e9rt a budapesti metr\u00f3 utasait\u00f3l a metr\u00f3szerelv\u00e9nyek fel\u00faj\u00edt\u00e1s\u00e1t v\u00e9gz\u0151 orosz c\u00e9g vez\u00e9rigazgat\u00f3ja, aki b\u00edzik abban, hogy a metr\u00f3kocsik hamarosan visszaker\u00fclhetnek az M3-as vonalra.<\/strong><!--more--><\/p>\n<div class=\"ads-in-post1\"><div id=\"gazdasagportal.hu_fullbanner_wideboard\"><\/div>\r\n<\/div>\n<p>    Borisz Bogatirjev a budapesti utaz\u00f3knak c\u00edmzett, az MTI-hez p\u00e9nteken eljuttatott k\u00f6zlem\u00e9ny\u00e9ben azt \u00edrta: &#8222;a Metrovagonmas v\u00e1llalat csapata \u00e9s vezet\u00e9se nev\u00e9ben szeretn\u00e9k bocs\u00e1natot k\u00e9rni a budapesti metr\u00f3 utasait\u00f3l azok\u00e9rt a kellemetlens\u00e9gek\u00e9rt, amelyek a gy\u00e1runkban fel\u00faj\u00edtott \u00e9s korszer\u0171s\u00edtett metr\u00f3szerelv\u00e9nyekkel t\u00f6rt\u00e9ntek az elm\u00falt hetekben&#8221;.<br \/>\n    Hozz\u00e1tette, a Metrovagonmas folyamatosan egyeztet \u00e9s kommunik\u00e1l az M3-as metr\u00f3t \u00fczemeltet\u0151 BKV-val, valamint a magyar k\u00f6zleked\u00e9si hat\u00f3s\u00e1ggal. Ennek r\u00e9szek\u00e9nt k\u00f6z\u00f6s munkacsoportok j\u00f6ttek l\u00e9tre, amelyek c\u00e9lja a jelenlegi helyzet elemz\u00e9se, a beazonos\u00edtott hib\u00e1kra alapozva tov\u00e1bbi cselekv\u00e9si tervek kidolgoz\u00e1sa. A hat\u00e9kony \u00e9s pontos munkav\u00e9gz\u00e9s \u00e9rdek\u00e9ben a Metrovagonmas Budapesten dolgoz\u00f3 szak\u00e9rt\u0151it &#8211; akik r\u00e9szt vesznek a szerelv\u00e9nyek \u00fczembe helyez\u00e9s\u00e9ben \u00e9s t\u00e1mogatj\u00e1k azoknak a BKV \u00e1ltali \u00fczemeltet\u00e9s\u00e9t &#8211; a v\u00e1llalat f\u0151konstrukt\u0151re ir\u00e1ny\u00edtja &#8211; k\u00f6z\u00f6lte Borisz Bogatirjev.<br \/>\n    Kiemelte: els\u0151dleges feladatuknak &#8211; a kor\u00e1bbi probl\u00e9m\u00e1k beazonos\u00edt\u00e1sa alapj\u00e1n &#8211; olyan megold\u00e1sok keres\u00e9s\u00e9t tartj\u00e1k, amelyek n\u00f6velik az \u00fczemeltet\u00e9s megb\u00edzhat\u00f3s\u00e1g\u00e1t, \u00e9s megakad\u00e1lyozz\u00e1k hasonl\u00f3 esetek ism\u00e9telt el\u0151fordul\u00e1s\u00e1t.<br \/>\n    &#8222;Ez\u00e9rt b\u00edzunk abban, hogy a fel\u00faj\u00edtott vonatok hamarosan ism\u00e9t visszaker\u00fclhetnek a vonalra, mivel a fent v\u00e1zolt int\u00e9zked\u00e9seknek k\u00f6sz\u00f6nhet\u0151en \u00fczemeltet\u00e9s\u00fck felt\u00e9tel n\u00e9lk\u00fcli biztons\u00e1g\u00e1t \u00e9s az utaz\u00e1s k\u00e9nyelm\u00e9t hamarosan garant\u00e1lni tudjuk&#8221; &#8211; tette hozz\u00e1 a vez\u00e9rigazgat\u00f3.<br \/>\n    A Nemzeti K\u00f6zleked\u00e9si Hat\u00f3s\u00e1g m\u00falt h\u00e9ten p\u00e9nteken azonnali hat\u00e1llyal kivonatta a forgalomb\u00f3l mind a hat fel\u00faj\u00edtott metr\u00f3szerelv\u00e9nyt, miut\u00e1n reggel a Nyugati p\u00e1lyaudvarn\u00e1l ism\u00e9t meghib\u00e1sodott egy j\u00e1rm\u0171, amely t\u00f6bb percig nem tudott ajt\u00f3t nyitni. Ugyanezen a napon a BKV t\u00f6bb mint 800 milli\u00f3 forintos k\u00f6tb\u00e9rig\u00e9nyt jelentett be k\u00e9sedelmek miatt a 3-as metr\u00f3 vonal\u00e1n fut\u00f3 szerelv\u00e9nyek gy\u00e1rt\u00f3ja \u00e9s fel\u00faj\u00edt\u00f3ja, a Metrovagonmas fel\u00e9, \u00e9s azonnali hat\u00e1llyal Magyarorsz\u00e1gra k\u00e9rette a t\u00e1rsas\u00e1g vezet\u00e9s\u00e9t.<br \/>\n    A BKV kedden k\u00f6z\u00f6lte: megtal\u00e1lt\u00e1k \u00e9s elh\u00e1r\u00edtott\u00e1k a fel\u00faj\u00edtott metr\u00f3szerelv\u00e9ny hib\u00e1j\u00e1t, a szerelv\u00e9nyek egyik alkatr\u00e9sz\u00e9vel, az optikai csatol\u00f3 elemmel volt probl\u00e9ma. A BKV k\u00f6z\u00f6lte azt is, ha minden az elv\u00e1rtaknak megfelel\u0151en alakul, a j\u00f6v\u0151 h\u00e9ten megkezd\u0151dhet a j\u00e1rm\u0171vek fokozatos, \u00fajb\u00f3li \u00fczembe \u00e1ll\u00edt\u00e1sa.<br \/>\n    Az els\u0151 fel\u00faj\u00edtott metr\u00f3szerelv\u00e9ny m\u00e1rcius 20-\u00e1n \u00e1llt forgalomba Budapesten, de m\u00e1r az els\u0151 napokban probl\u00e9ma ad\u00f3dott vele. Tarl\u00f3s Istv\u00e1n f\u0151polg\u00e1rmester a kezdeti hib\u00e1k ut\u00e1n azt mondta, azok a fel\u00faj\u00edtott j\u00e1rm\u0171vek eset\u00e9ben is elker\u00fclhetetlenek. M\u00e1rcius v\u00e9g\u00e9n k\u00f6z\u00f6lte, akkor lesz baj, ha egy h\u00f3nap m\u00falva is vannak hib\u00e1k a vonatokkal. A BKV j\u00fanius elej\u00e9n a meghib\u00e1sod\u00e1sok miatt egy id\u0151re az \u00f6sszes fel\u00faj\u00edtott szerelv\u00e9nyt kivonta a forgalomb\u00f3l.<br \/>\n    A szerz\u0151d\u00e9s szerint 222 metr\u00f3kocsi fel\u00faj\u00edt\u00e1sa csaknem 220 milli\u00f3 eur\u00f3ba ker\u00fcl.(MTI)<\/p>\n","protected":false},"excerpt":{"rendered":"<p>Bocs\u00e1natot k\u00e9rt a budapesti metr\u00f3 utasait\u00f3l a metr\u00f3szerelv\u00e9nyek fel\u00faj\u00edt\u00e1s\u00e1t v\u00e9gz\u0151 orosz c\u00e9g vez\u00e9rigazgat\u00f3ja, aki b\u00edzik abban, hogy a metr\u00f3kocsik hamarosan visszaker\u00fclhetnek az M3-as vonalra.<\/p>\n","protected":false},"author":1,"featured_media":0,"comment_status":"closed","ping_status":"open","sticky":false,"template":"","format":"standard","meta":[],"categories":[4],"tags":[],"_links":{"self":[{"href":"https:\/\/gazdasagportal.hu\/index.php\/wp-json\/wp\/v2\/posts\/94855"}],"collection":[{"href":"https:\/\/gazdasagportal.hu\/index.php\/wp-json\/wp\/v2\/posts"}],"about":[{"href":"https:\/\/gazdasagportal.hu\/index.php\/wp-json\/wp\/v2\/types\/post"}],"author":[{"embeddable":true,"href":"https:\/\/gazdasagportal.hu\/index.php\/wp-json\/wp\/v2\/users\/1"}],"replies":[{"embeddable":true,"href":"https:\/\/gazdasagportal.hu\/index.php\/wp-json\/wp\/v2\/comments?post=94855"}],"version-history":[{"count":1,"href":"https:\/\/gazdasagportal.hu\/index.php\/wp-json\/wp\/v2\/posts\/94855\/revisions"}],"predecessor-version":[{"id":94856,"href":"https:\/\/gazdasagportal.hu\/index.php\/wp-json\/wp\/v2\/posts\/94855\/revisions\/94856"}],"wp:attachment":[{"href":"https:\/\/gazdasagportal.hu\/index.php\/wp-json\/wp\/v2\/media?parent=94855"}],"wp:term":[{"taxonomy":"category","embeddable":true,"href":"https:\/\/gazdasagportal.hu\/index.php\/wp-json\/wp\/v2\/categories?post=94855"},{"taxonomy":"post_tag","embeddable":true,"href":"https:\/\/gazdasagportal.hu\/index.php\/wp-json\/wp\/v2\/tags?post=94855"}],"curies":[{"name":"wp","href":"https:\/\/api.w.org\/{rel}","templated":true}]}}