{"id":94833,"date":"2017-06-30T02:28:41","date_gmt":"2017-06-30T00:28:41","guid":{"rendered":"http:\/\/gazdasagportal.hu\/?p=94833"},"modified":"2017-06-29T21:29:53","modified_gmt":"2017-06-29T19:29:53","slug":"a-nyari-felhozet-csokkenese-felelos-nagyreszt-a-gronlandi-jegtakaro-olvadasaert","status":"publish","type":"post","link":"https:\/\/gazdasagportal.hu\/index.php\/a-nyari-felhozet-csokkenese-felelos-nagyreszt-a-gronlandi-jegtakaro-olvadasaert\/","title":{"rendered":"A ny\u00e1ri felh\u0151zet cs\u00f6kken\u00e9se felel\u0151s nagyr\u00e9szt a gr\u00f6nlandi j\u00e9gtakar\u00f3 olvad\u00e1s\u00e1\u00e9rt"},"content":{"rendered":"<p><strong>A ny\u00e1ri felh\u0151zet megfogyatkoz\u00e1sa jelent\u0151sen feler\u0151s\u00edtette a gr\u00f6nlandi j\u00e9gtakar\u00f3 olvad\u00e1s\u00e1t az elm\u00falt h\u00fasz \u00e9vben &#8211; \u00e1llap\u00edtott\u00e1k meg a Bristoli Egyetem munkat\u00e1rsai.<\/strong><!--more--><\/p>\n<div class=\"ads-in-post1\"><div id=\"gazdasagportal.hu_fullbanner_wideboard\"><\/div>\r\n<\/div>\n<p>    A szakemberek m\u0171holdfelv\u00e9telekb\u0151l \u00e9s \u00e9ghajlati modellekb\u0151l nyert adatok elemz\u00e9se r\u00e9v\u00e9n \u00e1llap\u00edtott\u00e1k meg, hogy 1995 \u00f3ta fokozatosan cs\u00f6kken a ny\u00e1ri felh\u0151zet a t\u00e9rs\u00e9gben &#8211; \u00edrta a Physorg tudom\u00e1nyos-ismeretterjeszt\u0151 h\u00edrport\u00e1l.<br \/>\n    A Science Advances c\u00edm\u0171 foly\u00f3iratban k\u00f6z\u00f6lt eredm\u00e9nyek szerint a ny\u00e1ri felh\u0151zet mind\u00f6ssze 1 sz\u00e1zal\u00e9knyi cs\u00f6kken\u00e9se 27 gigatonn\u00e1nyival t\u00f6bb j\u00e9g elolvad\u00e1s\u00e1t eredm\u00e9nyezi Gr\u00f6nlandon. Az elm\u00falt 22 \u00e9vben nagyj\u00e1b\u00f3l n\u00e9gyezer gigatonn\u00e1nyi jeget vesz\u00edtett a F\u00f6ld legnagyobb szigete, amivel a legjelent\u0151sebb k\u00f6zrem\u0171k\u00f6d\u0151j\u00e9v\u00e9 v\u00e1lt a glob\u00e1lis tengerszint-emelked\u00e9snek.<br \/>\n    A szakemberek szerint a ny\u00e1ri h\u00f3napokban a kevesebb felh\u0151 \u00e9s a t\u00f6bb naps\u00fct\u00e9s k\u00f6vetkezt\u00e9ben nagyobb mennyis\u00e9g\u0171 napsug\u00e1rz\u00e1s \u00e9ri a felsz\u00ednt, feler\u0151s\u00edtve az olvad\u00e1st. A kutat\u00e1st vezet\u0151 Stefan Hofer, az egyetem f\u00f6ldrajztudom\u00e1nyi kar\u00e1nak doktorandusza szerint a megn\u00f6vekedett ny\u00e1ri napsug\u00e1rz\u00e1s a felel\u0151s a gr\u00f6nlandi j\u00e9golvad\u00e1s nagyj\u00e1b\u00f3l k\u00e9tharmad\u00e1\u00e9rt az elm\u00falt \u00e9vtizedekben.<br \/>\n    &#8222;Eg\u00e9szen mostan\u00e1ig azt hitt\u00fck, hogy a gr\u00f6nlandi j\u00e9gtakar\u00f3 k\u00f6zelm\u00faltbeli olvad\u00e1s\u00e1nak h\u00e1tter\u00e9ben kiz\u00e1r\u00f3lag a magasabb h\u0151m\u00e9rs\u00e9klet \u00e9s annak k\u00f6vetkezm\u00e9nyei \u00e1llnak. A tanulm\u00e1nyunk azonban azt mutatja, hogy a t\u00f6rt\u00e9net bizony t\u00f6bbr\u0151l sz\u00f3l, mint a helyi h\u0151m\u00e9rs\u00e9klet emelked\u00e9se, \u00e9s a felh\u0151zet megv\u00e1ltoz\u00e1sa kor\u00e1ntsem \u00e1tmeneti dolog, hanem olyasvalami, ami imm\u00e1r k\u00e9t \u00e9vtizede zajlik&#8221; &#8211; h\u00fazta al\u00e1 a szakember, &#8222;\u00f3ri\u00e1si meglepet\u00e9snek&#8221; nevezve eredm\u00e9nyeiket.<br \/>\n    A kutat\u00f3k olyan, az 1850-ben megkezdett megfigyel\u00e9sek \u00f3ta nem tapasztalt v\u00e1ltoz\u00e1sokat \u00e9szleltek a bolyg\u00f3 l\u00e9g\u00e1ramlataiban is, amelyek a ny\u00e1ri h\u00f3napokban els\u0151sorban az \u00e9szaki-sarkvid\u00e9ken \u00e9s az Atlanti-\u00f3ce\u00e1n \u00e9szaki r\u00e9sz\u00e9n \u00e9reztetik a hat\u00e1sukat.(MTI)<\/p>\n","protected":false},"excerpt":{"rendered":"<p>A ny\u00e1ri felh\u0151zet megfogyatkoz\u00e1sa jelent\u0151sen feler\u0151s\u00edtette a gr\u00f6nlandi j\u00e9gtakar\u00f3 olvad\u00e1s\u00e1t az elm\u00falt h\u00fasz \u00e9vben &#8211; \u00e1llap\u00edtott\u00e1k meg a Bristoli Egyetem munkat\u00e1rsai.<\/p>\n","protected":false},"author":1,"featured_media":0,"comment_status":"closed","ping_status":"open","sticky":false,"template":"","format":"standard","meta":[],"categories":[12],"tags":[],"_links":{"self":[{"href":"https:\/\/gazdasagportal.hu\/index.php\/wp-json\/wp\/v2\/posts\/94833"}],"collection":[{"href":"https:\/\/gazdasagportal.hu\/index.php\/wp-json\/wp\/v2\/posts"}],"about":[{"href":"https:\/\/gazdasagportal.hu\/index.php\/wp-json\/wp\/v2\/types\/post"}],"author":[{"embeddable":true,"href":"https:\/\/gazdasagportal.hu\/index.php\/wp-json\/wp\/v2\/users\/1"}],"replies":[{"embeddable":true,"href":"https:\/\/gazdasagportal.hu\/index.php\/wp-json\/wp\/v2\/comments?post=94833"}],"version-history":[{"count":1,"href":"https:\/\/gazdasagportal.hu\/index.php\/wp-json\/wp\/v2\/posts\/94833\/revisions"}],"predecessor-version":[{"id":94834,"href":"https:\/\/gazdasagportal.hu\/index.php\/wp-json\/wp\/v2\/posts\/94833\/revisions\/94834"}],"wp:attachment":[{"href":"https:\/\/gazdasagportal.hu\/index.php\/wp-json\/wp\/v2\/media?parent=94833"}],"wp:term":[{"taxonomy":"category","embeddable":true,"href":"https:\/\/gazdasagportal.hu\/index.php\/wp-json\/wp\/v2\/categories?post=94833"},{"taxonomy":"post_tag","embeddable":true,"href":"https:\/\/gazdasagportal.hu\/index.php\/wp-json\/wp\/v2\/tags?post=94833"}],"curies":[{"name":"wp","href":"https:\/\/api.w.org\/{rel}","templated":true}]}}