{"id":94721,"date":"2017-06-27T13:00:29","date_gmt":"2017-06-27T11:00:29","guid":{"rendered":"http:\/\/gazdasagportal.hu\/?p=94721"},"modified":"2017-06-27T12:28:03","modified_gmt":"2017-06-27T10:28:03","slug":"meghosszabbitottak-a-masodfoku-hosegriasztast-szerda-ejfelig","status":"publish","type":"post","link":"https:\/\/gazdasagportal.hu\/index.php\/meghosszabbitottak-a-masodfoku-hosegriasztast-szerda-ejfelig\/","title":{"rendered":"Meghosszabb\u00edtott\u00e1k a m\u00e1sodfok\u00fa h\u0151s\u00e9griaszt\u00e1st szerda \u00e9jf\u00e9lig"},"content":{"rendered":"<p><strong>Meghosszabb\u00edtotta a h\u0151s\u00e9griaszt\u00e1st Szentes Tam\u00e1s orsz\u00e1gos tisztif\u0151orvosi feladatok\u00e9rt felel\u0151s helyettes \u00e1llamtitk\u00e1r szerd\u00e1n 24 \u00f3r\u00e1ig &#8211; t\u00e1j\u00e9koztatta az Emberi Er\u0151forr\u00e1sok Miniszt\u00e9riuma (Emmi) kedden az MTI-t.<\/strong><!--more--><\/p>\n<div class=\"ads-in-post1\"><div id=\"gazdasagportal.hu_fullbanner_wideboard\"><\/div>\r\n<\/div>\n<p>A t\u00e1rca eml\u00e9keztetett: a m\u00e1sodfok\u00fa h\u0151s\u00e9griaszt\u00e1s eredetileg m\u00falt cs\u00fct\u00f6rt\u00f6kt\u0151l h\u00e9tf\u0151n 24 \u00f3r\u00e1ig volt \u00e9rv\u00e9nyben.<br \/>\nA hosszabb\u00edt\u00e1sn\u00e1l az Orsz\u00e1gos Meteorol\u00f3giai Szolg\u00e1lat legfrissebb el\u0151rejelz\u00e9seit, illetve az Emmi illet\u00e9kes oszt\u00e1ly\u00e1nak javaslat\u00e1t vett\u00e9k figyelembe.<br \/>\nA m\u00e1sodfok\u00fa h\u0151s\u00e9griaszt\u00e1s az orsz\u00e1g eg\u00e9sz ter\u00fclet\u00e9re vonatkozik &#8211; tett\u00e9k hozz\u00e1.<br \/>\nA k\u00f6zlem\u00e9ny szerint a nagy h\u0151s\u00e9g megterheli az eg\u00e9szs\u00e9ges szervezetet is, \u00edgy b\u00e1rkin\u00e9l okozhat eg\u00e9szs\u00e9g\u00fcgyi panaszokat, kellemetlen t\u00fcneteket, dekoncentr\u00e1ci\u00f3t. K\u00fcl\u00f6n\u00f6sen vesz\u00e9lyeztetettek a kisgyermekek, az id\u0151sek, valamint a sz\u00edv- \u00e9s \u00e9rrendszeri betegs\u00e9gben szenved\u0151k.<br \/>\nA meleg az aut\u00f3sokra is kedvez\u0151tlen hat\u00e1ssal lehet, ez\u00e9rt k\u00e9rik, hogy fokozott \u00f3vatoss\u00e1ggal vezessenek.<br \/>\nEmellett arra k\u00e9rik a lakoss\u00e1got, hogy a k\u00f6vetkez\u0151 napokban mindenki k\u00fcl\u00f6n\u00f6sen \u00fcgyeljen a fokozott folyad\u00e9kbevitelre. Ker\u00fclj\u00e9k a k\u00e1v\u00e9, az alkohol, a magas koffein- \u00e9s cukortartalm\u00fa \u00fcd\u00edt\u0151k \u00e9s zs\u00edros \u00e9telek fogyaszt\u00e1s\u00e1t, \u00e9s lehet\u0151s\u00e9g szerint 11 \u00e9s 15 \u00f3ra k\u00f6z\u00f6tt senki ne tart\u00f3zkodjon a t\u0171z\u0151 napon.<br \/>\nAzon l\u00e9gkondicion\u00e1lt helyis\u00e9gek list\u00e1ja, amelyeket b\u00e1rki ig\u00e9nybe vehet, el\u00e9rhet\u0151 a katasztr\u00f3fav\u00e9delem weboldal\u00e1n az al\u00e1bbi linken:<br \/>\n<strong><a title=\"Hely megnyit\u00e1sa\" href=\"http:\/\/www.katasztrofavedelem.hu\/letoltes\/lakossag\/hoseg\/klimatizalt_helyisegek_listaja_2017.xls\" target=\"_blank\" rel=\"noopener noreferrer\">http:\/\/www.katasztrofavedelem.hu\/letoltes\/lakossag\/hoseg\/klimatizalt_helyisegek_listaja_2017.xls<\/a><\/strong> &#8211; olvashat\u00f3 a k\u00f6zlem\u00e9nyben.(MTI)<\/p>\n<p>&nbsp;<\/p><div id=\"gazda-403229762\" class=\"gazda-tartalomban gazda-entity-placement\"><script async src=\"https:\/\/pagead2.googlesyndication.com\/pagead\/js\/adsbygoogle.js\"><\/script>\r\n<ins class=\"adsbygoogle\"\r\n     style=\"display:block\"\r\n     data-ad-format=\"fluid\"\r\n     data-ad-layout-key=\"-6t+ed+2i-1n-4w\"\r\n     data-ad-client=\"ca-pub-1959107119989764\"\r\n     data-ad-slot=\"4008251320\"><\/ins>\r\n<script>\r\n     (adsbygoogle = window.adsbygoogle || []).push({});\r\n<\/script><\/div>\n","protected":false},"excerpt":{"rendered":"<p>Meghosszabb\u00edtotta a h\u0151s\u00e9griaszt\u00e1st Szentes Tam\u00e1s orsz\u00e1gos tisztif\u0151orvosi feladatok\u00e9rt felel\u0151s helyettes \u00e1llamtitk\u00e1r szerd\u00e1n 24 \u00f3r\u00e1ig &#8211; t\u00e1j\u00e9koztatta az Emberi Er\u0151forr\u00e1sok Miniszt\u00e9riuma (Emmi) kedden az MTI-t.<\/p>\n","protected":false},"author":1,"featured_media":0,"comment_status":"closed","ping_status":"open","sticky":false,"template":"","format":"standard","meta":[],"categories":[4],"tags":[],"_links":{"self":[{"href":"https:\/\/gazdasagportal.hu\/index.php\/wp-json\/wp\/v2\/posts\/94721"}],"collection":[{"href":"https:\/\/gazdasagportal.hu\/index.php\/wp-json\/wp\/v2\/posts"}],"about":[{"href":"https:\/\/gazdasagportal.hu\/index.php\/wp-json\/wp\/v2\/types\/post"}],"author":[{"embeddable":true,"href":"https:\/\/gazdasagportal.hu\/index.php\/wp-json\/wp\/v2\/users\/1"}],"replies":[{"embeddable":true,"href":"https:\/\/gazdasagportal.hu\/index.php\/wp-json\/wp\/v2\/comments?post=94721"}],"version-history":[{"count":1,"href":"https:\/\/gazdasagportal.hu\/index.php\/wp-json\/wp\/v2\/posts\/94721\/revisions"}],"predecessor-version":[{"id":94722,"href":"https:\/\/gazdasagportal.hu\/index.php\/wp-json\/wp\/v2\/posts\/94721\/revisions\/94722"}],"wp:attachment":[{"href":"https:\/\/gazdasagportal.hu\/index.php\/wp-json\/wp\/v2\/media?parent=94721"}],"wp:term":[{"taxonomy":"category","embeddable":true,"href":"https:\/\/gazdasagportal.hu\/index.php\/wp-json\/wp\/v2\/categories?post=94721"},{"taxonomy":"post_tag","embeddable":true,"href":"https:\/\/gazdasagportal.hu\/index.php\/wp-json\/wp\/v2\/tags?post=94721"}],"curies":[{"name":"wp","href":"https:\/\/api.w.org\/{rel}","templated":true}]}}