{"id":94697,"date":"2017-06-26T21:20:33","date_gmt":"2017-06-26T19:20:33","guid":{"rendered":"http:\/\/gazdasagportal.hu\/?p=94697"},"modified":"2017-06-26T21:21:51","modified_gmt":"2017-06-26T19:21:51","slug":"kimentettek-egy-gyereket-a-dunabol-budapesten-tarsat-meg-keresik","status":"publish","type":"post","link":"https:\/\/gazdasagportal.hu\/index.php\/kimentettek-egy-gyereket-a-dunabol-budapesten-tarsat-meg-keresik\/","title":{"rendered":"Kimentettek egy gyereket a Dun\u00e1b\u00f3l Budapesten, t\u00e1rs\u00e1t m\u00e9g keresik"},"content":{"rendered":"<p><strong>Kimentettek egy t\u00edz \u00e9v k\u00f6r\u00fcli kisfi\u00fat a Dun\u00e1b\u00f3l a XXII. ker\u00fcletben h\u00e9tf\u0151 d\u00e9lut\u00e1n, egy hasonl\u00f3 kor\u00fa kisl\u00e1nyt m\u00e9g keresnek &#8211; k\u00f6z\u00f6lte a F\u0151v\u00e1rosi Katasztr\u00f3fav\u00e9delmi Igazgat\u00f3s\u00e1g sz\u00f3viv\u0151je az MTI-vel. A Budapesti Rend\u0151r-f\u0151kapit\u00e1nys\u00e1g (BRFK) k\u00e9s\u0151bb azt k\u00f6z\u00f6lte, a gyermekek k\u00fclf\u00f6ldiek.<\/strong><!--more--><\/p>\n<div class=\"ads-in-post1\"><div id=\"gazdasagportal.hu_fullbanner_wideboard\"><\/div>\r\n<\/div>\n<p>    Kisdi M\u00e1t\u00e9 k\u00f6z\u00f6lte: a k\u00e9t gyerek f\u00fcrdeni ment a Dun\u00e1ba. A fi\u00fat egy k\u00f6zelben horgonyz\u00f3 usz\u00e1ly leg\u00e9nys\u00e9ge mentette ki a foly\u00f3b\u00f3l, a ment\u0151k k\u00f3rh\u00e1zba vitt\u00e9k. A l\u00e1nyt nagy er\u0151kkel keresik. A helysz\u00ednen van a katasztr\u00f3fav\u00e9delem haj\u00f3ja \u00e9s b\u00fav\u00e1rszolg\u00e1lata is.<br \/>\n    A BRFK sajt\u00f3\u00fcgyelete az MTI \u00e9rdekl\u0151d\u00e9s\u00e9re azt k\u00f6z\u00f6lte, a kisgyermekek k\u00fclf\u00f6ldi \u00e1llampolg\u00e1rok.<br \/>\n    A rend\u0151rs\u00e9g honlapj\u00e1ra feltett k\u00f6zlem\u00e9ny szerint gondatlans\u00e1gb\u00f3l elk\u00f6vetett ember\u00f6l\u00e9s miatt a k\u00f6r\u00fclm\u00e9nyek tiszt\u00e1z\u00e1sa \u00e9rdek\u00e9ben nyomoz\u00e1st ind\u00edtottak.(MTI)<\/p>\n","protected":false},"excerpt":{"rendered":"<p>Kimentettek egy t\u00edz \u00e9v k\u00f6r\u00fcli kisfi\u00fat a Dun\u00e1b\u00f3l a XXII. ker\u00fcletben h\u00e9tf\u0151 d\u00e9lut\u00e1n, egy hasonl\u00f3 kor\u00fa kisl\u00e1nyt m\u00e9g keresnek &#8211; k\u00f6z\u00f6lte a F\u0151v\u00e1rosi Katasztr\u00f3fav\u00e9delmi Igazgat\u00f3s\u00e1g sz\u00f3viv\u0151je az MTI-vel. A Budapesti Rend\u0151r-f\u0151kapit\u00e1nys\u00e1g (BRFK) k\u00e9s\u0151bb azt k\u00f6z\u00f6lte, a gyermekek k\u00fclf\u00f6ldiek.<\/p>\n","protected":false},"author":1,"featured_media":0,"comment_status":"closed","ping_status":"open","sticky":false,"template":"","format":"standard","meta":[],"categories":[4],"tags":[],"_links":{"self":[{"href":"https:\/\/gazdasagportal.hu\/index.php\/wp-json\/wp\/v2\/posts\/94697"}],"collection":[{"href":"https:\/\/gazdasagportal.hu\/index.php\/wp-json\/wp\/v2\/posts"}],"about":[{"href":"https:\/\/gazdasagportal.hu\/index.php\/wp-json\/wp\/v2\/types\/post"}],"author":[{"embeddable":true,"href":"https:\/\/gazdasagportal.hu\/index.php\/wp-json\/wp\/v2\/users\/1"}],"replies":[{"embeddable":true,"href":"https:\/\/gazdasagportal.hu\/index.php\/wp-json\/wp\/v2\/comments?post=94697"}],"version-history":[{"count":1,"href":"https:\/\/gazdasagportal.hu\/index.php\/wp-json\/wp\/v2\/posts\/94697\/revisions"}],"predecessor-version":[{"id":94698,"href":"https:\/\/gazdasagportal.hu\/index.php\/wp-json\/wp\/v2\/posts\/94697\/revisions\/94698"}],"wp:attachment":[{"href":"https:\/\/gazdasagportal.hu\/index.php\/wp-json\/wp\/v2\/media?parent=94697"}],"wp:term":[{"taxonomy":"category","embeddable":true,"href":"https:\/\/gazdasagportal.hu\/index.php\/wp-json\/wp\/v2\/categories?post=94697"},{"taxonomy":"post_tag","embeddable":true,"href":"https:\/\/gazdasagportal.hu\/index.php\/wp-json\/wp\/v2\/tags?post=94697"}],"curies":[{"name":"wp","href":"https:\/\/api.w.org\/{rel}","templated":true}]}}