{"id":94685,"date":"2017-06-26T13:51:16","date_gmt":"2017-06-26T11:51:16","guid":{"rendered":"http:\/\/gazdasagportal.hu\/?p=94685"},"modified":"2017-06-26T13:51:16","modified_gmt":"2017-06-26T11:51:16","slug":"reg-nem-latott-pesszimizmus-uralkodik-a-wti-olaj-piacan","status":"publish","type":"post","link":"https:\/\/gazdasagportal.hu\/index.php\/reg-nem-latott-pesszimizmus-uralkodik-a-wti-olaj-piacan\/","title":{"rendered":"R\u00e9g nem l\u00e1tott pesszimizmus uralkodik a WTI olaj piac\u00e1n"},"content":{"rendered":"<p><strong>Meglehet\u0151sen pesszimista k\u00e9pet festett az olaj piaca az elm\u00falt id\u0151szakban, az idei \u00e9v m\u00e9lypontj\u00e1ra esett a WTI. Ugyanakkor kontraindik\u00e1tork\u00e9nt jelen van az a jelens\u00e9g, hogy a piacon jelent\u0151sen lecs\u00f6kkent a nett\u00f3 long poz\u00edci\u00f3n\u00e1lts\u00e1g &#8211; mondta el R\u00f6vid Szabolcs, a Concorde elemz\u0151je.<\/strong><!--more--><\/p>\n<div class=\"ads-in-post1\"><div id=\"gazdasagportal.hu_fullbanner_wideboard\"><\/div>\r\n<\/div>\n<p>Az elm\u00falt hetek l\u00e1tv\u00e1nyos mozg\u00e1sokat eredm\u00e9nyeztek az olaj piac\u00e1n, az idei \u00e9ves m\u00e9lypontj\u00e1ra esett a term\u00e9k, r\u00e9g volt ilyen pesszimista a befektet\u0151i hangulat. A befektet\u0151k els\u0151sorban a t\u00falk\u00edn\u00e1latos piac miatt agg\u00f3dnak, a n\u00f6vekv\u0151 l\u00edbiai \u00e9s nig\u00e9riai termel\u00e9s mellett tov\u00e1bb n\u00f6vekszik az amerikai m\u0171k\u00f6d\u0151 olajf\u00far\u00f3 kutak sz\u00e1ma, mik\u00f6zben a k\u00e9szletek szintje is tov\u00e1bbra is magasan van.<\/p>\n<p>Mindezekkel egy\u00fctt nagyon jelent\u0151sen lecs\u00f6kkent az olajpiacon a nett\u00f3 long poz\u00edcion\u00e1lts\u00e1g, ez alapj\u00e1n elk\u00e9pzelhet\u0151 egy konszolid\u00e1ci\u00f3 az olaj \u00e1rfolyam\u00e1ban a 42-43 doll\u00e1ros szint k\u00f6rny\u00e9k\u00e9n. Fontosak lesznek a h\u00e9ten \u00e9rkez\u0151 k\u00e9szletadatok is, ahhoz, hogy \u00e9rdemben el tudjon indulni az \u00e1rfolyam felfel\u00e9, sz\u00fcks\u00e9g lenne a k\u00e9szletek trendszer\u0171 cs\u00f6kken\u00e9s\u00e9re is, a szerdai nap emiatt fontos lehet.<\/p><div id=\"gazda-2779414849\" class=\"gazda-tartalomban gazda-entity-placement\"><script async src=\"https:\/\/pagead2.googlesyndication.com\/pagead\/js\/adsbygoogle.js\"><\/script>\r\n<ins class=\"adsbygoogle\"\r\n     style=\"display:block\"\r\n     data-ad-format=\"fluid\"\r\n     data-ad-layout-key=\"-6t+ed+2i-1n-4w\"\r\n     data-ad-client=\"ca-pub-1959107119989764\"\r\n     data-ad-slot=\"4008251320\"><\/ins>\r\n<script>\r\n     (adsbygoogle = window.adsbygoogle || []).push({});\r\n<\/script><\/div>\n<p>\u00c9rdemes lesz m\u00e9g figyelni a h\u00e9t utols\u00f3 keresked\u00e9si napj\u00e1n \u00e9rkez\u0151 infl\u00e1ci\u00f3s adatokra is Amerik\u00e1b\u00f3l \u00e9s Eur\u00f3p\u00e1b\u00f3l, a nagy k\u00e9rd\u00e9s, hogy mennyire tekinthet\u0151 \u00e1tmenetinek az infl\u00e1ci\u00f3ban bek\u00f6vetkezett lassul\u00e1s. A FED d\u00f6nt\u00e9shoz\u00f3i t\u00f6bbsz\u00f6r hangs\u00falyozt\u00e1k, hogy kiv\u00e1rnak a k\u00f6vetkez\u0151 kamatemel\u00e9s el\u0151tt, emiatt is fontosak lehetnek a p\u00e9nteki sz\u00e1mok.<\/p>\n<p><iframe loading=\"lazy\" width=\"509\" height=\"319\" src=\"http:\/\/gazdasagtv.hu\/iframe.php?id=11204\" style=\"border: none; overflow: hidden\" scrolling=\"no\"><\/iframe><br \/>Forr\u00e1s: <a href=\"http:\/\/gazdasagtv.hu\" style=\"color: #df1100; font-weight: bold; text-decoration: none;\" target=\"_blank\" rel=\"noopener\">Gazdas\u00e1gTV.hu<\/a><\/p>\n","protected":false},"excerpt":{"rendered":"<p>Meglehet\u0151sen pesszimista k\u00e9pet festett az olaj piaca az elm\u00falt id\u0151szakban, az idei \u00e9v m\u00e9lypontj\u00e1ra esett a WTI. Ugyanakkor kontraindik\u00e1tork\u00e9nt jelen van az a jelens\u00e9g, hogy a piacon jelent\u0151sen lecs\u00f6kkent a nett\u00f3 long poz\u00edci\u00f3n\u00e1lts\u00e1g &#8211; mondta el R\u00f6vid Szabolcs, a Concorde elemz\u0151je.<\/p>\n","protected":false},"author":1,"featured_media":58789,"comment_status":"closed","ping_status":"open","sticky":false,"template":"","format":"standard","meta":[],"categories":[146,8],"tags":[],"_links":{"self":[{"href":"https:\/\/gazdasagportal.hu\/index.php\/wp-json\/wp\/v2\/posts\/94685"}],"collection":[{"href":"https:\/\/gazdasagportal.hu\/index.php\/wp-json\/wp\/v2\/posts"}],"about":[{"href":"https:\/\/gazdasagportal.hu\/index.php\/wp-json\/wp\/v2\/types\/post"}],"author":[{"embeddable":true,"href":"https:\/\/gazdasagportal.hu\/index.php\/wp-json\/wp\/v2\/users\/1"}],"replies":[{"embeddable":true,"href":"https:\/\/gazdasagportal.hu\/index.php\/wp-json\/wp\/v2\/comments?post=94685"}],"version-history":[{"count":1,"href":"https:\/\/gazdasagportal.hu\/index.php\/wp-json\/wp\/v2\/posts\/94685\/revisions"}],"predecessor-version":[{"id":94686,"href":"https:\/\/gazdasagportal.hu\/index.php\/wp-json\/wp\/v2\/posts\/94685\/revisions\/94686"}],"wp:featuredmedia":[{"embeddable":true,"href":"https:\/\/gazdasagportal.hu\/index.php\/wp-json\/wp\/v2\/media\/58789"}],"wp:attachment":[{"href":"https:\/\/gazdasagportal.hu\/index.php\/wp-json\/wp\/v2\/media?parent=94685"}],"wp:term":[{"taxonomy":"category","embeddable":true,"href":"https:\/\/gazdasagportal.hu\/index.php\/wp-json\/wp\/v2\/categories?post=94685"},{"taxonomy":"post_tag","embeddable":true,"href":"https:\/\/gazdasagportal.hu\/index.php\/wp-json\/wp\/v2\/tags?post=94685"}],"curies":[{"name":"wp","href":"https:\/\/api.w.org\/{rel}","templated":true}]}}