{"id":94681,"date":"2017-06-26T12:31:04","date_gmt":"2017-06-26T10:31:04","guid":{"rendered":"http:\/\/gazdasagportal.hu\/?p=94681"},"modified":"2017-06-26T12:31:04","modified_gmt":"2017-06-26T10:31:04","slug":"a-horvat-vasuttarsasag-a-vonattal-a-tengerre-utazast-reklamozza-de-lassuak-a-jaratok","status":"publish","type":"post","link":"https:\/\/gazdasagportal.hu\/index.php\/a-horvat-vasuttarsasag-a-vonattal-a-tengerre-utazast-reklamozza-de-lassuak-a-jaratok\/","title":{"rendered":"A horv\u00e1t vas\u00fatt\u00e1rsas\u00e1g a vonattal a tengerre utaz\u00e1st rekl\u00e1mozza, de lass\u00faak a j\u00e1ratok"},"content":{"rendered":"<p><strong>A t\u00falzs\u00fafolt aut\u00f3p\u00e1ly\u00e1k elker\u00fcl\u00e9se v\u00e9gett Vonattal a tengerre c\u00edmmel hirdetett akci\u00f3t a horv\u00e1t vas\u00fatt\u00e1rsas\u00e1g (HZ) &#8211; \u00edrta a Jutarnji List c\u00edm\u0171 horv\u00e1t napilap h\u00e9tf\u0151n. A szem\u00e9lyg\u00e9pkocsival t\u00f6rt\u00e9n\u0151 utaz\u00e1s \u00e1r\u00e1nak t\u00f6red\u00e9k\u00e9be ker\u00fcl ugyan a vonatjegy az Adriai-tengerre, de egy ilyen \u00fat ak\u00e1r egy napig is eltarthat.<\/strong><!--more--><\/p>\n<div class=\"ads-in-post1\"><div id=\"gazdasagportal.hu_fullbanner_wideboard\"><\/div>\r\n<\/div>\n<p>    A lap szerint a legrosszabbul azok j\u00e1rnak, akik a kelet-horv\u00e1torsz\u00e1gi Esz\u00e9kr\u0151l akarnak az Adria-tenger ment\u00e9n fekv\u0151 Sibenikbe utazni. A mind\u00f6ssze 620 kilom\u00e9ter t\u00e1vols\u00e1g aut\u00f3val \u00f6t \u00f3ra alatt megtehet\u0151, ha valaki m\u00e9gis a horv\u00e1t vas\u00fatt\u00e1rsas\u00e1g mellett d\u00f6nt, \u00e9s vonattal utazik \u00e1t az orsz\u00e1gon, h\u00e1rom \u00e1tsz\u00e1ll\u00e1ssal 25 \u00f3r\u00e1ig tart az \u00fat. Az \u00fajs\u00e1g tov\u00e1bb\u00e1 hozz\u00e1teszi, hogy egy profi ker\u00e9kp\u00e1roz\u00f3 16 \u00f3ra alatt teszi meg ugyanezt a t\u00e1vols\u00e1got. A Varasd (Varazdin)-Split viszonylat vonattal 16 \u00f3ra 22 perc, aut\u00f3val n\u00e9gy \u00e9s f\u00e9l \u00f3ra. A Z\u00e1gr\u00e1b \u00e9s Split k\u00f6z\u00f6tti vonattal h\u00e9t \u00e9s f\u00e9l \u00f3ra, aut\u00f3val viszont h\u00e1rom \u00f3ra 45 perc.<br \/>\n    Az elm\u00falt tizen\u00f6t \u00e9vben Horv\u00e1torsz\u00e1gban a fejleszt\u00e9sek nagy r\u00e9sze a k\u00f6z\u00fati k\u00f6zleked\u00e9s ter\u00e9n t\u00f6rt\u00e9nt, m\u00edg az \u00f6sszes t\u00f6bbi \u00e1gazat (vas\u00fati, l\u00e9gi k\u00f6zleked\u00e9s, v\u00edzi k\u00f6zleked\u00e9s) elhanyagolt \u00e1llapotban van. Emiatt a horv\u00e1t \u00e1llampolg\u00e1roknak mind\u00f6ssze 12 sz\u00e1zal\u00e9ka haszn\u00e1lja a t\u00f6megk\u00f6zleked\u00e9si eszk\u00f6z\u00f6ket.<br \/>\n    A Vecernji List c\u00edm\u0171 horv\u00e1t napilap h\u00e9tf\u0151n arr\u00f3l cikkezett, mennyire elavult a horv\u00e1t t\u00f6megk\u00f6zleked\u00e9sben haszn\u00e1lt j\u00e1rm\u0171park. A horv\u00e1t haj\u00f3k \u00e9s komphaj\u00f3k \u00e1tlag\u00e9letkora 46,2 \u00e9v, a vonatok\u00e9 harminc. A lap szerint a mozdonyok 70 sz\u00e1zal\u00e9k\u00e1t t\u00edz \u00e9ven bel\u00fcl le kell cser\u00e9lni, mert haszn\u00e1lhatatlann\u00e1 v\u00e1lnak. A villamosok \u00e1tlag\u00e9letkora 30 \u00e9v k\u00f6r\u00fcli, az aut\u00f3buszok ter\u00e9n azonban jobb a helyzet, ott 10,6 \u00e9v a j\u00e1rm\u0171vek \u00e1tlag\u00e9letkora, m\u00edg a rep\u00fcl\u0151g\u00e9pek\u00e9 12,8 \u00e9v.<br \/>\n    Az egymilli\u00f3 lakosra jut\u00f3 aut\u00f3p\u00e1lya-hossz alapj\u00e1n Horv\u00e1torsz\u00e1g a negyedik helyen \u00e1ll az Eur\u00f3pai Uni\u00f3ban (EU), \u00f6sszesen k\u00f6zel 1330 kilom\u00e9ter aut\u00f3p\u00e1lya \u00e9p\u00fclt az orsz\u00e1gban. Ugyanakkor egyike a legdr\u00e1g\u00e1bb aut\u00f3p\u00e1ly\u00e1knak is az EU-ban. A k\u00f6zleked\u00e9st tov\u00e1bb nehez\u00edti, hogy fizet\u0151kapus rendszer m\u0171k\u00f6dik az orsz\u00e1gban, ami miatt a turista szezonban, v\u00e1lt\u00f3napokon, t\u00f6bb kilom\u00e9teres sorok is feltorl\u00f3dnak az aut\u00f3p\u00e1ly\u00e1n.<br \/>\n    A horv\u00e1t korm\u00e1ny azt tervezi, hogy 2030-ig felfejleszti a t\u00f6megk\u00f6zleked\u00e9st, ami v\u00e1rhat\u00f3an cs\u00f6kkenti majd a szem\u00e9lyg\u00e9pkocsi forgalmat.<br \/>\n    Az egy f\u0151re jut\u00f3 g\u00e9pkocsik sz\u00e1ma alapj\u00e1n Horv\u00e1torsz\u00e1g az \u00e9len j\u00e1r az uni\u00f3ban, ennek oka azonban r\u00e9szben az, hogy rosszul szervezett a t\u00f6megk\u00f6zleked\u00e9s az orsz\u00e1gban. A horv\u00e1t f\u0151v\u00e1rosban p\u00e9ld\u00e1ul nincs metr\u00f3h\u00e1l\u00f3zat, ez\u00e9rt villamossal eljutni a v\u00e1ros egyik fel\u00e9r\u0151l a m\u00e1sikra t\u00f6bb \u00f3r\u00e1n \u00e1t is tarthat.(MTI)<\/p>\n","protected":false},"excerpt":{"rendered":"<p>A t\u00falzs\u00fafolt aut\u00f3p\u00e1ly\u00e1k elker\u00fcl\u00e9se v\u00e9gett Vonattal a tengerre c\u00edmmel hirdetett akci\u00f3t a horv\u00e1t vas\u00fatt\u00e1rsas\u00e1g (HZ) &#8211; \u00edrta a Jutarnji List c\u00edm\u0171 horv\u00e1t napilap h\u00e9tf\u0151n. A szem\u00e9lyg\u00e9pkocsival t\u00f6rt\u00e9n\u0151 utaz\u00e1s \u00e1r\u00e1nak t\u00f6red\u00e9k\u00e9be ker\u00fcl ugyan a vonatjegy az Adriai-tengerre, de egy ilyen \u00fat ak\u00e1r egy napig is eltarthat.<\/p>\n","protected":false},"author":1,"featured_media":0,"comment_status":"closed","ping_status":"open","sticky":false,"template":"","format":"standard","meta":[],"categories":[12,246],"tags":[],"_links":{"self":[{"href":"https:\/\/gazdasagportal.hu\/index.php\/wp-json\/wp\/v2\/posts\/94681"}],"collection":[{"href":"https:\/\/gazdasagportal.hu\/index.php\/wp-json\/wp\/v2\/posts"}],"about":[{"href":"https:\/\/gazdasagportal.hu\/index.php\/wp-json\/wp\/v2\/types\/post"}],"author":[{"embeddable":true,"href":"https:\/\/gazdasagportal.hu\/index.php\/wp-json\/wp\/v2\/users\/1"}],"replies":[{"embeddable":true,"href":"https:\/\/gazdasagportal.hu\/index.php\/wp-json\/wp\/v2\/comments?post=94681"}],"version-history":[{"count":1,"href":"https:\/\/gazdasagportal.hu\/index.php\/wp-json\/wp\/v2\/posts\/94681\/revisions"}],"predecessor-version":[{"id":94682,"href":"https:\/\/gazdasagportal.hu\/index.php\/wp-json\/wp\/v2\/posts\/94681\/revisions\/94682"}],"wp:attachment":[{"href":"https:\/\/gazdasagportal.hu\/index.php\/wp-json\/wp\/v2\/media?parent=94681"}],"wp:term":[{"taxonomy":"category","embeddable":true,"href":"https:\/\/gazdasagportal.hu\/index.php\/wp-json\/wp\/v2\/categories?post=94681"},{"taxonomy":"post_tag","embeddable":true,"href":"https:\/\/gazdasagportal.hu\/index.php\/wp-json\/wp\/v2\/tags?post=94681"}],"curies":[{"name":"wp","href":"https:\/\/api.w.org\/{rel}","templated":true}]}}