{"id":94679,"date":"2017-06-26T12:04:50","date_gmt":"2017-06-26T10:04:50","guid":{"rendered":"http:\/\/gazdasagportal.hu\/?p=94679"},"modified":"2017-06-26T12:04:50","modified_gmt":"2017-06-26T10:04:50","slug":"negy-szazalek-alatt-a-munkanelkuliseg-komarom-esztergom-megyeben","status":"publish","type":"post","link":"https:\/\/gazdasagportal.hu\/index.php\/negy-szazalek-alatt-a-munkanelkuliseg-komarom-esztergom-megyeben\/","title":{"rendered":"N\u00e9gy sz\u00e1zal\u00e9k alatt a munkan\u00e9lk\u00fclis\u00e9g Kom\u00e1rom-Esztergom megy\u00e9ben"},"content":{"rendered":"<p><strong>Kom\u00e1rom-Esztergom megy\u00e9ben 2017 j\u00fanius elej\u00e9re 3,5 sz\u00e1zal\u00e9kra cs\u00f6kkent az \u00e1ll\u00e1skeres\u0151k ar\u00e1nya &#8211; mondta el a megyei korm\u00e1nyhivatal vezet\u0151je h\u00e9tf\u0151i sajt\u00f3t\u00e1j\u00e9koztat\u00f3j\u00e1n.<\/strong><!--more--><\/p>\n<div class=\"ads-in-post1\"><div id=\"gazdasagportal.hu_fullbanner_wideboard\"><\/div>\r\n<\/div>\n<p>    Kancz Csaba korm\u00e1nymegb\u00edzott szerint ezzel az \u00e9rt\u00e9kkel Kom\u00e1rom-Esztergom megye az orsz\u00e1gos rangsor harmadik hely\u00e9n \u00e1ll, Gy\u0151r-Moson-Sopron \u00e9s Vas megye m\u00f6g\u00f6tt.<br \/>\n    A j\u00e1r\u00e1si hivatalok foglalkoztat\u00e1si oszt\u00e1lyai 5322 \u00e1ll\u00e1skeres\u0151t tartottak nyilv\u00e1n, sz\u00e1mukra 1497 \u00e1ll\u00e1saj\u00e1nlatot k\u00edn\u00e1ltak. A nyilv\u00e1ntartott \u00e1ll\u00e1skeres\u0151k \u00e1llom\u00e1ny\u00e1b\u00f3l m\u00e1jusban 1323 ember ker\u00fclt ki, k\u00f6zvet\u00edt\u00e9s r\u00e9v\u00e9n 527 \u00e1ll\u00e1skeres\u0151t siker\u00fclt munk\u00e1hoz juttatni.<br \/>\n    A megye meghat\u00e1roz\u00f3 munk\u00e1ltat\u00f3i el\u0151rejelz\u00e9seik szerint 2018 m\u00e1rcius\u00e1nak v\u00e9g\u00e9ig t\u00f6bb mint 2600-zal szeretn\u00e9k b\u0151v\u00edteni saj\u00e1t \u00e1llom\u00e1ny\u00fa munkav\u00e1llal\u00f3ik l\u00e9tsz\u00e1m\u00e1t. Jelent\u0151s emelked\u00e9s v\u00e1rhat\u00f3 a j\u00e1rm\u0171iparban, az elektronikai term\u00e9kek gy\u00e1rt\u00e1s\u00e1nak ter\u00fclet\u00e9n \u00e9s a gumiiparban.<br \/>\n    Az &#8222;\u00dat a munkaer\u0151piacra&#8221; projektben 2 h\u00f3nap alatt 9 k\u00e9pz\u00e9st ind\u00edtottak el, ezeken 132 ember vesz r\u00e9szt. Az Ifj\u00fas\u00e1gi garanciaprogramban 53 embert k\u00e9peznek, mindk\u00e9t k\u00e9pz\u00e9si form\u00e1ban v\u00e1rnak m\u00e9g jelentkez\u0151ket, akik t\u00f6bb szakma k\u00f6z\u00fcl v\u00e1laszthatnak.<br \/>\n    Az el\u0151z\u0151 \u00e9v hasonl\u00f3 id\u0151szak\u00e1hoz k\u00e9pest 16,3 sz\u00e1zal\u00e9kkal cs\u00f6kkent az \u00e1ll\u00e1skeres\u0151 p\u00e1lyakezd\u0151 fiatalok sz\u00e1ma, a teljes nyilv\u00e1ntartott \u00e1llom\u00e1nyban ar\u00e1nyuk 5,7 sz\u00e1zal\u00e9kos.(MTI)<\/p>\n","protected":false},"excerpt":{"rendered":"<p>Kom\u00e1rom-Esztergom megy\u00e9ben 2017 j\u00fanius elej\u00e9re 3,5 sz\u00e1zal\u00e9kra cs\u00f6kkent az \u00e1ll\u00e1skeres\u0151k ar\u00e1nya &#8211; mondta el a megyei korm\u00e1nyhivatal vezet\u0151je h\u00e9tf\u0151i sajt\u00f3t\u00e1j\u00e9koztat\u00f3j\u00e1n.<\/p>\n","protected":false},"author":1,"featured_media":0,"comment_status":"closed","ping_status":"open","sticky":false,"template":"","format":"standard","meta":[],"categories":[19],"tags":[],"_links":{"self":[{"href":"https:\/\/gazdasagportal.hu\/index.php\/wp-json\/wp\/v2\/posts\/94679"}],"collection":[{"href":"https:\/\/gazdasagportal.hu\/index.php\/wp-json\/wp\/v2\/posts"}],"about":[{"href":"https:\/\/gazdasagportal.hu\/index.php\/wp-json\/wp\/v2\/types\/post"}],"author":[{"embeddable":true,"href":"https:\/\/gazdasagportal.hu\/index.php\/wp-json\/wp\/v2\/users\/1"}],"replies":[{"embeddable":true,"href":"https:\/\/gazdasagportal.hu\/index.php\/wp-json\/wp\/v2\/comments?post=94679"}],"version-history":[{"count":1,"href":"https:\/\/gazdasagportal.hu\/index.php\/wp-json\/wp\/v2\/posts\/94679\/revisions"}],"predecessor-version":[{"id":94680,"href":"https:\/\/gazdasagportal.hu\/index.php\/wp-json\/wp\/v2\/posts\/94679\/revisions\/94680"}],"wp:attachment":[{"href":"https:\/\/gazdasagportal.hu\/index.php\/wp-json\/wp\/v2\/media?parent=94679"}],"wp:term":[{"taxonomy":"category","embeddable":true,"href":"https:\/\/gazdasagportal.hu\/index.php\/wp-json\/wp\/v2\/categories?post=94679"},{"taxonomy":"post_tag","embeddable":true,"href":"https:\/\/gazdasagportal.hu\/index.php\/wp-json\/wp\/v2\/tags?post=94679"}],"curies":[{"name":"wp","href":"https:\/\/api.w.org\/{rel}","templated":true}]}}