{"id":94675,"date":"2017-06-26T11:14:31","date_gmt":"2017-06-26T09:14:31","guid":{"rendered":"http:\/\/gazdasagportal.hu\/?p=94675"},"modified":"2017-06-26T11:14:31","modified_gmt":"2017-06-26T09:14:31","slug":"tortenelmi-csucsra-emelkedett-az-ifo-nemetorszagi-uzleti-hangulatindexe","status":"publish","type":"post","link":"https:\/\/gazdasagportal.hu\/index.php\/tortenelmi-csucsra-emelkedett-az-ifo-nemetorszagi-uzleti-hangulatindexe\/","title":{"rendered":"T\u00f6rt\u00e9nelmi cs\u00facsra emelkedett az ifo n\u00e9metorsz\u00e1gi \u00fczleti hangulatindexe"},"content":{"rendered":"<p><strong>T\u00f6rt\u00e9nelmi cs\u00facsra emelkedett az ifo gazdas\u00e1gkutat\u00f3 int\u00e9zet n\u00e9metorsz\u00e1gi \u00fczleti hangulatindexe j\u00faniusban, \u00fajabb jelek\u00e9nt annak, hogy az eur\u00f3\u00f6vezet legnagyobb gazdas\u00e1ga er\u0151s maradt a m\u00e1sodik f\u00e9l\u00e9v kezdet\u00e9re.<\/strong><!--more--><\/p>\n<div class=\"ads-in-post1\"><div id=\"gazdasagportal.hu_fullbanner_wideboard\"><\/div>\r\n<\/div>\n<p>    Az int\u00e9zet h\u00e9tf\u0151n kiadott jelent\u00e9se szerint az \u00fczleti hangulatindex 115,1 pontra n\u0151tt a m\u00e1jusi 114,6 pontr\u00f3l. Elemz\u0151k 114,4 pontra sz\u00e1m\u00edtottak.<br \/>\n    Az index aktu\u00e1lis gazdas\u00e1gi k\u00f6rnyezetet sz\u00e1mszer\u0171s\u00edt\u0151 almutat\u00f3ja 124,1 pontra emelkedett az el\u0151z\u0151 havi, a fel\u00fclvizsg\u00e1lat ut\u00e1n 0,1 ponttal, 123,2 pontr\u00f3l 123,3 pontra m\u00f3dos\u00edtott \u00e9rt\u00e9kr\u0151l. Elemz\u0151k enyhe emelked\u00e9st, 123,3 pontot v\u00e1rtak.<br \/>\n    A k\u00f6vetkez\u0151 hat h\u00f3napra vonatkoz\u00f3 v\u00e1rakoz\u00e1sokat m\u00e9r\u0151 almutat\u00f3 is emelkedett, a m\u00e1jusi 106,5 pontr\u00f3l 106,8 pontra, m\u00edg elemz\u0151k visszaes\u00e9sre, 106,4 pontra sz\u00e1m\u00edtottak.<br \/>\n    Az eur\u00f3 doll\u00e1rhoz viszony\u00edtott \u00e1rfolyama gyakorlatilag meg sem mozdult a v\u00e1rtn\u00e1l jobb adatokra, az adatok k\u00f6zz\u00e9t\u00e9tele el\u0151tt \u00e9s ut\u00e1n is az 1,1200 doll\u00e1r k\u00f6z\u00f6tti szinten mozgott.<br \/>\n    A m\u00fcncheni egyetem ifo gazdas\u00e1gkutat\u00f3 int\u00e9zete (ifo Institut &#8211; Leibniz-Institut f\u00fcr Wirtschaftsforschung an der Universit\u00e4t M\u00fcnchen e. V.) havi rendszeress\u00e9ggel \u00e1ll\u00edtja \u00f6ssze mintegy h\u00e9tezer gazdas\u00e1gi szerepl\u0151 bevon\u00e1s\u00e1val \u00fczleti hangulatindex\u00e9t.<br \/>\n    A n\u00e9met gazdas\u00e1g m\u00e1r kicsattan\u00f3 eg\u00e9szs\u00e9gnek \u00f6rvend: a munkan\u00e9lk\u00fclis\u00e9g rekordm\u00e9lys\u00e9gben \u00e1ll, a hazai \u00f6sszterm\u00e9k pedig negyed\u00e9ves \u00f6sszevet\u00e9sben 0,6 sz\u00e1zal\u00e9kkal n\u0151tt janu\u00e1r-m\u00e1rciusban. Elemz\u0151k arra sz\u00e1m\u00edtanak, hogy a m\u00e1sodik negyed\u00e9vben hasonl\u00f3an er\u0151s \u00fctemben b\u0151v\u00fcl a gazdas\u00e1g.<br \/>\n    Carsten Brzeski, az ING Ausztri\u00e1\u00e9rt \u00e9s N\u00e9metorsz\u00e1g\u00e9rt felel\u0151s k\u00f6zgazd\u00e1sza kiemelte, hogy k\u00fcl\u00f6n\u00f6sen er\u0151s jelent\u00e9sekkel rukkoltak el\u0151 az ipari termel\u0151k, a n\u00e9met gazdas\u00e1gban az \u00e9v meglepet\u00e9se lehet az ipar \u00fajj\u00e1sz\u00fclet\u00e9se. &#8222;A francia parlamenti v\u00e1laszt\u00e1sok ut\u00e1ni bizonyos megnyugv\u00e1s \u00e9s eu(ro)f\u00f3ria, valamint a n\u00e9met ipar f\u00e9nyes kil\u00e1t\u00e1sai&#8221; voltak a f\u0151 t\u00e9nyez\u0151k abban, hogy az ifo n\u00e9metorsz\u00e1gi \u00fczleti hangulatindexe rekordszintre emelkedett j\u00faniusban &#8211; mutatott r\u00e1 Brzeski, hangs\u00falyozva, hogy egyre t\u00f6bb bizony\u00edt\u00e9k utal arra, hogy az \u00e9v m\u00e1sodik fel\u00e9ben a befektet\u00e9sek is er\u0151s \u00fctemben n\u00f6vekedhetnek.<br \/>\n(MTI)<\/p>\n","protected":false},"excerpt":{"rendered":"<p>T\u00f6rt\u00e9nelmi cs\u00facsra emelkedett az ifo gazdas\u00e1gkutat\u00f3 int\u00e9zet n\u00e9metorsz\u00e1gi \u00fczleti hangulatindexe j\u00faniusban, \u00fajabb jelek\u00e9nt annak, hogy az eur\u00f3\u00f6vezet legnagyobb gazdas\u00e1ga er\u0151s maradt a m\u00e1sodik f\u00e9l\u00e9v kezdet\u00e9re.<\/p>\n","protected":false},"author":1,"featured_media":0,"comment_status":"closed","ping_status":"open","sticky":false,"template":"","format":"standard","meta":[],"categories":[246],"tags":[],"_links":{"self":[{"href":"https:\/\/gazdasagportal.hu\/index.php\/wp-json\/wp\/v2\/posts\/94675"}],"collection":[{"href":"https:\/\/gazdasagportal.hu\/index.php\/wp-json\/wp\/v2\/posts"}],"about":[{"href":"https:\/\/gazdasagportal.hu\/index.php\/wp-json\/wp\/v2\/types\/post"}],"author":[{"embeddable":true,"href":"https:\/\/gazdasagportal.hu\/index.php\/wp-json\/wp\/v2\/users\/1"}],"replies":[{"embeddable":true,"href":"https:\/\/gazdasagportal.hu\/index.php\/wp-json\/wp\/v2\/comments?post=94675"}],"version-history":[{"count":1,"href":"https:\/\/gazdasagportal.hu\/index.php\/wp-json\/wp\/v2\/posts\/94675\/revisions"}],"predecessor-version":[{"id":94676,"href":"https:\/\/gazdasagportal.hu\/index.php\/wp-json\/wp\/v2\/posts\/94675\/revisions\/94676"}],"wp:attachment":[{"href":"https:\/\/gazdasagportal.hu\/index.php\/wp-json\/wp\/v2\/media?parent=94675"}],"wp:term":[{"taxonomy":"category","embeddable":true,"href":"https:\/\/gazdasagportal.hu\/index.php\/wp-json\/wp\/v2\/categories?post=94675"},{"taxonomy":"post_tag","embeddable":true,"href":"https:\/\/gazdasagportal.hu\/index.php\/wp-json\/wp\/v2\/tags?post=94675"}],"curies":[{"name":"wp","href":"https:\/\/api.w.org\/{rel}","templated":true}]}}