{"id":94489,"date":"2017-06-21T15:08:20","date_gmt":"2017-06-21T13:08:20","guid":{"rendered":"http:\/\/gazdasagportal.hu\/?p=94489"},"modified":"2017-06-21T06:28:59","modified_gmt":"2017-06-21T04:28:59","slug":"megkezdik-a-paloc-nagykereskedelmi-kft-dolgozoinak-kifizeteset","status":"publish","type":"post","link":"https:\/\/gazdasagportal.hu\/index.php\/megkezdik-a-paloc-nagykereskedelmi-kft-dolgozoinak-kifizeteset\/","title":{"rendered":"Megkezdik a Pal\u00f3c Nagykereskedelmi Kft. dolgoz\u00f3inak kifizet\u00e9s\u00e9t"},"content":{"rendered":"<p><strong>Megkezdik a felsz\u00e1mol\u00e1s alatt \u00e1ll\u00f3 salg\u00f3tarj\u00e1ni Pal\u00f3c Nagykereskedelmi Kft. dolgoz\u00f3inak kifizet\u00e9s\u00e9t, az elmaradt b\u00e9rek rendez\u00e9sek\u00e9nt az els\u0151 k\u00f6rben t\u00f6bb mint 121 milli\u00f3 forintot fizetnek ki 359 munkav\u00e1llal\u00f3nak &#8211; t\u00e1j\u00e9koztatta a N\u00f3gr\u00e1d Megyei Korm\u00e1nyhivatal foglalkoztat\u00e1si f\u0151oszt\u00e1ly\u00e1nak vezet\u0151je kedden az MTI-t.<\/strong><!--more--><\/p>\n<div class=\"ads-in-post1\"><div id=\"gazdasagportal.hu_fullbanner_wideboard\"><\/div>\r\n<\/div>\n<p>    Tam\u00e1si Ildik\u00f3 k\u00f6z\u00f6lte: a felsz\u00e1mol\u00f3 j\u00fanius 9-\u00e9n terjesztette el\u0151 a b\u00e9rgarancia-t\u00e1mogat\u00e1s ir\u00e1nti k\u00e9relm\u00e9t a N\u00f3gr\u00e1d Megyei Korm\u00e1nyhivatal foglalkoztat\u00e1si f\u0151oszt\u00e1ly\u00e1hoz 359 alkalmazott elmaradt munkab\u00e9r\u00e9nek rendez\u00e9s\u00e9hez. A k\u00e9relemben 121 milli\u00f3 525 ezer 182 ezer forintos t\u00e1mogat\u00e1si ig\u00e9nyt jeleztek.<br \/>\n    Hozz\u00e1tette: a korm\u00e1nyhivatal meghozta a t\u00e1mogat\u00f3 hat\u00e1rozatot, kedden pedig int\u00e9zkedtek a t\u00e1mogat\u00e1s kiutal\u00e1s\u00e1r\u00f3l. Elmondta, a t\u00f6rv\u00e9ny szerint a nett\u00f3 j\u00e1rand\u00f3s\u00e1got k\u00f6zvetlen\u00fcl a munkav\u00e1llal\u00f3k kapj\u00e1k.<br \/>\n    Az ig\u00e9nyelt t\u00e1mogat\u00e1s els\u0151 r\u00e9sze az elmaradt b\u00e9rtartoz\u00e1snak; a felmond\u00e1sok lebonyol\u00edt\u00e1sa, a v\u00e9gkiel\u00e9g\u00edt\u00e9sek sz\u00e1mfejt\u00e9se ut\u00e1n, \u00fajabb ig\u00e9nyl\u00e9st k\u00f6vet\u0151en, a korm\u00e1nyhivatalnak ism\u00e9t lesz lehet\u0151s\u00e9ge t\u00e1mogat\u00e1st ny\u00fajtani a b\u00e9rgarancia alapb\u00f3l &#8211; tette hozz\u00e1 a f\u0151oszt\u00e1lyvezet\u0151.<br \/>\n    Tam\u00e1si Ildik\u00f3 arr\u00f3l is t\u00e1j\u00e9koztat\u00e1st adott, hogy a b\u00edr\u00f3s\u00e1g \u00e1ltal kirendelt felsz\u00e1mol\u00f3, a budapesti sz\u00e9khely\u0171 Green Adviser Kft. a munka t\u00f6rv\u00e9nyk\u00f6nyv\u00e9ben foglalt k\u00f6telezetts\u00e9g\u00e9nek eleget t\u00e9ve, j\u00fanius elsej\u00e9n 92 dolgoz\u00f3 l\u00e9tsz\u00e1mle\u00e9p\u00edt\u00e9s\u00e9t jelezte a foglalkoztat\u00e1si szervezetnek, amelyet j\u00f3v\u00e1 is hagytak.<br \/>\n    A Pal\u00f3c Nagykereskedelmi Kft.-n\u00e9l 2016. szeptember 23-\u00e1n rendelt\u00e9k el a cs\u0151delj\u00e1r\u00e1st. A c\u00e9g a cs\u0151delj\u00e1r\u00e1s el\u0151tt N\u00f3gr\u00e1d megye legnagyobb munk\u00e1ltat\u00f3ja volt, 1300 embert alkalmazott. A CBA kor\u00e1bbi franchise-partnerek\u00e9nt \u00e9s region\u00e1lis k\u00f6zpontjak\u00e9nt 86 boltot \u00fczemeltetett a t\u00e9rs\u00e9gben, de a CBA Kereskedelmi Kft. tavaly szeptember k\u00f6zep\u00e9n kiz\u00e1rta a h\u00e1l\u00f3zat\u00e1b\u00f3l.<br \/>\n    A Balassagyarmati T\u00f6rv\u00e9nysz\u00e9k \u00e1prilis 4-\u00e9n megsz\u00fcntette a salg\u00f3tarj\u00e1ni Pal\u00f3c Nagykereskedelmi Kft. k\u00e9relm\u00e9re elrendelt cs\u0151delj\u00e1r\u00e1st, mivel az ad\u00f3s \u00e9s a hitelez\u0151k k\u00f6z\u00f6tt nem j\u00f6tt l\u00e9tre egyezs\u00e9g. A felsz\u00e1mol\u00e1si elj\u00e1r\u00e1s m\u00e1jus 4-\u00e9n kezd\u0151d\u00f6tt meg.(MTI)<\/p>\n","protected":false},"excerpt":{"rendered":"<p>Megkezdik a felsz\u00e1mol\u00e1s alatt \u00e1ll\u00f3 salg\u00f3tarj\u00e1ni Pal\u00f3c Nagykereskedelmi Kft. dolgoz\u00f3inak kifizet\u00e9s\u00e9t, az elmaradt b\u00e9rek rendez\u00e9sek\u00e9nt az els\u0151 k\u00f6rben t\u00f6bb mint 121 milli\u00f3 forintot fizetnek ki 359 munkav\u00e1llal\u00f3nak &#8211; t\u00e1j\u00e9koztatta a N\u00f3gr\u00e1d Megyei Korm\u00e1nyhivatal foglalkoztat\u00e1si f\u0151oszt\u00e1ly\u00e1nak vezet\u0151je kedden az MTI-t.<\/p>\n","protected":false},"author":1,"featured_media":0,"comment_status":"closed","ping_status":"open","sticky":false,"template":"","format":"standard","meta":[],"categories":[19],"tags":[],"_links":{"self":[{"href":"https:\/\/gazdasagportal.hu\/index.php\/wp-json\/wp\/v2\/posts\/94489"}],"collection":[{"href":"https:\/\/gazdasagportal.hu\/index.php\/wp-json\/wp\/v2\/posts"}],"about":[{"href":"https:\/\/gazdasagportal.hu\/index.php\/wp-json\/wp\/v2\/types\/post"}],"author":[{"embeddable":true,"href":"https:\/\/gazdasagportal.hu\/index.php\/wp-json\/wp\/v2\/users\/1"}],"replies":[{"embeddable":true,"href":"https:\/\/gazdasagportal.hu\/index.php\/wp-json\/wp\/v2\/comments?post=94489"}],"version-history":[{"count":1,"href":"https:\/\/gazdasagportal.hu\/index.php\/wp-json\/wp\/v2\/posts\/94489\/revisions"}],"predecessor-version":[{"id":94490,"href":"https:\/\/gazdasagportal.hu\/index.php\/wp-json\/wp\/v2\/posts\/94489\/revisions\/94490"}],"wp:attachment":[{"href":"https:\/\/gazdasagportal.hu\/index.php\/wp-json\/wp\/v2\/media?parent=94489"}],"wp:term":[{"taxonomy":"category","embeddable":true,"href":"https:\/\/gazdasagportal.hu\/index.php\/wp-json\/wp\/v2\/categories?post=94489"},{"taxonomy":"post_tag","embeddable":true,"href":"https:\/\/gazdasagportal.hu\/index.php\/wp-json\/wp\/v2\/tags?post=94489"}],"curies":[{"name":"wp","href":"https:\/\/api.w.org\/{rel}","templated":true}]}}