{"id":94485,"date":"2017-06-21T13:46:00","date_gmt":"2017-06-21T11:46:00","guid":{"rendered":"http:\/\/gazdasagportal.hu\/?p=94485"},"modified":"2017-06-21T06:26:38","modified_gmt":"2017-06-21T04:26:38","slug":"az-amerikai-kormany-kibovitette-az-oroszorszag-elleni-szankciokat","status":"publish","type":"post","link":"https:\/\/gazdasagportal.hu\/index.php\/az-amerikai-kormany-kibovitette-az-oroszorszag-elleni-szankciokat\/","title":{"rendered":"Az amerikai korm\u00e1ny kib\u0151v\u00edtette az Oroszorsz\u00e1g elleni szankci\u00f3kat"},"content":{"rendered":"<p><strong>Az amerikai korm\u00e1ny \u00fajabb emberekre \u00e9s c\u00e9gekre terjesztette ki az Oroszorsz\u00e1g ellen az ukrajnai szakad\u00e1rok felt\u00e9telezett t\u00e1mogat\u00e1sa miatt kiszabott szankci\u00f3kat kedden.<\/strong><!--more--><\/p>\n<div class=\"ads-in-post1\"><div id=\"gazdasagportal.hu_fullbanner_wideboard\"><\/div>\r\n<\/div>\n<p>    A d\u00f6nt\u00e9st bejelent\u0151 p\u00e9nz\u00fcgyminiszt\u00e9rium k\u00f6zlem\u00e9ny\u00e9ben tov\u00e1bbi 19 szem\u00e9lyt \u00e9s 19 v\u00e1llalatot jel\u00f6lt meg, akiket, illetve amelyeket felvett a kor\u00e1bban m\u00e1r szankci\u00f3val s\u00fajtottak list\u00e1j\u00e1ra. A miniszt\u00e9rium az int\u00e9zked\u00e9s okak\u00e9nt azt jel\u00f6lte meg, hogy valamilyen m\u00f3don valamennyien r\u00e9szt vesznek az orosz-ukr\u00e1n konfliktusban, amely miatt az Egyes\u00fclt \u00c1llamok kor\u00e1bban szankci\u00f3kat vezetett be Oroszorsz\u00e1g ellen.<br \/>\n    A szankci\u00f3kkal most s\u00fajtottak k\u00f6z\u00f6tt k\u00e9t orosz korm\u00e1nytisztvisel\u0151, valamint a Kr\u00edm f\u00e9lszigeten tev\u00e9kenyked\u0151 egy tucat ember \u00e9s c\u00e9g is szerepel.<br \/>\n        &#8222;Mai d\u00f6nt\u00e9s\u00fcnk c\u00e9lja, hogy elej\u00e9t vegy\u00fck az Egyes\u00fclt \u00c1llamok szankci\u00f3it megker\u00fclni sz\u00e1nd\u00e9koz\u00f3 t\u00f6rekv\u00e9seknek&#8221; &#8211; fogalmazott a p\u00e9nz\u00fcgyminiszt\u00e9rium k\u00f6zlem\u00e9nye, amely hangs\u00falyozza azt is, hogy az amerikai int\u00e9zked\u00e9s illeszkedik az Egyes\u00fclt \u00c1llamok k\u00fclf\u00f6ldi partnereinek int\u00e9zked\u00e9seihez.         A t\u00e1rca \u00e1ll\u00e1sfoglal\u00e1sa szerint a szankci\u00f3kkal s\u00fajtottak k\u00f6r\u00e9nek kib\u0151v\u00edt\u00e9se szint\u00e9n azt jelzi, hogy &#8222;Washington elk\u00f6telezett az ukrajnai v\u00e1ls\u00e1g diplom\u00e1ciai megold\u00e1sa \u00e9s a Kr\u00edm f\u00e9lsziget Ukrajn\u00e1hoz t\u00f6rt\u00e9n\u0151 visszat\u00e9r\u00e9s\u00e9nek megk\u00f6nny\u00edt\u00e9se mellett&#8221;.     &#8222;A jelenlegi amerikai korm\u00e1nyzat elk\u00f6telezett az ukr\u00e1n szuverenit\u00e1st garant\u00e1l\u00f3 diplom\u00e1ciai folyamat mellett, \u00e9s addig nem lehet sz\u00f3 a szankci\u00f3k enyh\u00edt\u00e9s\u00e9r\u0151l, am\u00edg Oroszorsz\u00e1g nem hajtja v\u00e9gre marad\u00e9ktalanul a minszki meg\u00e1llapod\u00e1sban foglalt k\u00f6telezetts\u00e9geit&#8221; &#8211; fogalmaz Steven Mnuchin p\u00e9nz\u00fcgyminiszter a k\u00f6zlem\u00e9nyben.<br \/>\n    A szankci\u00f3val s\u00fajtottak egyes\u00fclt \u00e1llamokbeli vagyon\u00e1t befagyasztj\u00e1k, amerikai \u00e1llampolg\u00e1rok \u00e9s c\u00e9gek nem \u00fczletelhetnek vel\u00fck.<br \/>\n    Az Egyes\u00fclt \u00c1llamok 2014 m\u00e1rcius\u00e1ban, a Kr\u00edm f\u00e9lsziget orosz bekebelez\u00e9se ut\u00e1n hozott szankci\u00f3kat, amelyek akkor a Vlagyimir Putyin orosz eln\u00f6k k\u00f6rnyezet\u00e9ben l\u00e9v\u0151 tiszts\u00e9gvisel\u0151ket, \u00fczletembereket \u00e9s orosz \u00e1llami v\u00e1llalatokat \u00e9rintettek. Az akkori amerikai eln\u00f6k, Barack Obama rendelete azzal indokolta a l\u00e9p\u00e9st, hogy Moszkva ukrajnai szerepv\u00e1llal\u00e1sa &#8222;szokatlan \u00e9s rendk\u00edv\u00fcli vesz\u00e9lyt&#8221; jelent az amerikai nemzetbiztons\u00e1gra. 2016 m\u00e1rcius\u00e1ban Obama egy \u00e9vvel meghosszabb\u00edtotta a szankci\u00f3k \u00e9rv\u00e9nyess\u00e9g\u00e9t. Az amerikai szen\u00e1tus a m\u00falt h\u00e9ten els\u00f6pr\u0151 t\u00f6bbs\u00e9ggel megszavazta, hogy Donald Trump jelenlegi eln\u00f6knek a szankci\u00f3k b\u00e1rmilyen k\u00f6nny\u00edt\u00e9s\u00e9t el\u0151zetesen j\u00f3v\u00e1 kell hagyatnia a t\u00f6rv\u00e9nyhoz\u00e1ssal.(MTI)<\/p>\n","protected":false},"excerpt":{"rendered":"<p>Az amerikai korm\u00e1ny \u00fajabb emberekre \u00e9s c\u00e9gekre terjesztette ki az Oroszorsz\u00e1g ellen az ukrajnai szakad\u00e1rok felt\u00e9telezett t\u00e1mogat\u00e1sa miatt kiszabott szankci\u00f3kat kedden.<\/p>\n","protected":false},"author":1,"featured_media":0,"comment_status":"closed","ping_status":"open","sticky":false,"template":"","format":"standard","meta":[],"categories":[246],"tags":[],"_links":{"self":[{"href":"https:\/\/gazdasagportal.hu\/index.php\/wp-json\/wp\/v2\/posts\/94485"}],"collection":[{"href":"https:\/\/gazdasagportal.hu\/index.php\/wp-json\/wp\/v2\/posts"}],"about":[{"href":"https:\/\/gazdasagportal.hu\/index.php\/wp-json\/wp\/v2\/types\/post"}],"author":[{"embeddable":true,"href":"https:\/\/gazdasagportal.hu\/index.php\/wp-json\/wp\/v2\/users\/1"}],"replies":[{"embeddable":true,"href":"https:\/\/gazdasagportal.hu\/index.php\/wp-json\/wp\/v2\/comments?post=94485"}],"version-history":[{"count":1,"href":"https:\/\/gazdasagportal.hu\/index.php\/wp-json\/wp\/v2\/posts\/94485\/revisions"}],"predecessor-version":[{"id":94486,"href":"https:\/\/gazdasagportal.hu\/index.php\/wp-json\/wp\/v2\/posts\/94485\/revisions\/94486"}],"wp:attachment":[{"href":"https:\/\/gazdasagportal.hu\/index.php\/wp-json\/wp\/v2\/media?parent=94485"}],"wp:term":[{"taxonomy":"category","embeddable":true,"href":"https:\/\/gazdasagportal.hu\/index.php\/wp-json\/wp\/v2\/categories?post=94485"},{"taxonomy":"post_tag","embeddable":true,"href":"https:\/\/gazdasagportal.hu\/index.php\/wp-json\/wp\/v2\/tags?post=94485"}],"curies":[{"name":"wp","href":"https:\/\/api.w.org\/{rel}","templated":true}]}}