{"id":94479,"date":"2017-06-21T11:12:18","date_gmt":"2017-06-21T09:12:18","guid":{"rendered":"http:\/\/gazdasagportal.hu\/?p=94479"},"modified":"2017-06-21T06:23:17","modified_gmt":"2017-06-21T04:23:17","slug":"a-pentagon-megerositette-hogy-sziriaban-legicsapasban-vegeztek-az-iszlam-allam-fomuftijaval","status":"publish","type":"post","link":"https:\/\/gazdasagportal.hu\/index.php\/a-pentagon-megerositette-hogy-sziriaban-legicsapasban-vegeztek-az-iszlam-allam-fomuftijaval\/","title":{"rendered":"A Pentagon meger\u0151s\u00edtette, hogy Sz\u00edri\u00e1ban l\u00e9gicsap\u00e1sban v\u00e9geztek az Iszl\u00e1m \u00c1llam f\u0151muftij\u00e1val"},"content":{"rendered":"<p><strong>Az amerikai v\u00e9delmi miniszt\u00e9rium sz\u00f3viv\u0151je kedden meger\u0151s\u00edtette, hogy egy Sz\u00edri\u00e1ban v\u00e9grehajtott l\u00e9gicsap\u00e1sban v\u00e9geztek az Iszl\u00e1m \u00c1llam terrorszervezet &#8222;f\u0151muftij\u00e1val&#8221;.<\/strong><!--more--><\/p>\n<div class=\"ads-in-post1\"><div id=\"gazdasagportal.hu_fullbanner_wideboard\"><\/div>\r\n<\/div>\n<p>    Jeff Davis \u00fajs\u00e1g\u00edr\u00f3knak elmondta, hogy Turki al-Binali, a terrorszervezet vezet\u0151 ideol\u00f3gusa, aki &#8222;f\u0151muftinak&#8221; nevezte mag\u00e1t, a l\u00e9gicsap\u00e1sban halt meg.<br \/>\n    A t\u00e1mad\u00e1st m\u00e9g m\u00e1jus 31-\u00e9n, a kelet-sz\u00edriai Maj\u00e1d\u00edn v\u00e1rosban hajtotta v\u00e9gre az amerikaiak vezette nemzetk\u00f6zi koal\u00edci\u00f3.<br \/>\n    Al-Binalit a Pentagonban a terrorszervezet vezet\u0151je, Abu Bakr al-Bagdadi bizalmasak\u00e9nt tartj\u00e1k sz\u00e1mon, s h\u00edrszerz\u00e9si forr\u00e1sok szerint \u0151 ir\u00e1ny\u00edtotta az Iszl\u00e1m \u00c1llam k\u00fclf\u00f6ldi harcosainak toborz\u00e1s\u00e1t. &#8222;\u0150 gondoskodott a gyilkoss\u00e1gokra \u00e9s m\u00e1s atrocit\u00e1sokra buzd\u00edt\u00f3 propagand\u00e1r\u00f3l is&#8221; &#8211; mondta el Jeff Davis. A sz\u00f3viv\u0151 hozz\u00e1tette: al-Binali vide\u00f3n r\u00f6gz\u00edtett t\u00f6bb, saj\u00e1t maga \u00e1ltal kifejtett \u00e9rvel\u00e9st, amellyel megpr\u00f3b\u00e1lta igazolni \u00e9s b\u00e1tor\u00edtani \u00e1rtatlanok lem\u00e9sz\u00e1rl\u00e1s\u00e1t.<br \/>\n    Sajt\u00f3jelent\u00e9sek kor\u00e1bban besz\u00e1moltak arr\u00f3l is, hogy al-Binali vall\u00e1sos k\u00f6nt\u00f6sbe burkolt igazol\u00e1sk\u00e9nt fogalmazta meg, hogy mi\u00e9rt &#8222;jogos&#8221; az iraki jazidi kisebbs\u00e9ghez tartoz\u00f3 n\u0151k rabszolgasorba tasz\u00edt\u00e1sa.<br \/>\n    A bahreini sz\u00fclet\u00e9s\u0171 al-Binali hal\u00e1l\u00e1r\u00f3l m\u00e1r kor\u00e1bban is elterjedtek h\u00edrek, azonban azokat soha nem er\u0151s\u00edtett\u00e9k meg. A Pentagon szerint hal\u00e1la jelent\u0151s csap\u00e1s az Iszl\u00e1m \u00c1llam terrorszervezetre.<br \/>\n    A Pentagon sz\u00f3viv\u0151je azt is elmondta, hogy a terrorist\u00e1k j\u00f3 r\u00e9sze Rakk\u00e1b\u00f3l \u00e9ppen Maj\u00e1d\u00ednba menek\u00fclt.(MTI)<\/p>\n","protected":false},"excerpt":{"rendered":"<p>Az amerikai v\u00e9delmi miniszt\u00e9rium sz\u00f3viv\u0151je kedden meger\u0151s\u00edtette, hogy egy Sz\u00edri\u00e1ban v\u00e9grehajtott l\u00e9gicsap\u00e1sban v\u00e9geztek az Iszl\u00e1m \u00c1llam terrorszervezet &#8222;f\u0151muftij\u00e1val&#8221;.<\/p>\n","protected":false},"author":1,"featured_media":0,"comment_status":"closed","ping_status":"open","sticky":false,"template":"","format":"standard","meta":[],"categories":[16],"tags":[],"_links":{"self":[{"href":"https:\/\/gazdasagportal.hu\/index.php\/wp-json\/wp\/v2\/posts\/94479"}],"collection":[{"href":"https:\/\/gazdasagportal.hu\/index.php\/wp-json\/wp\/v2\/posts"}],"about":[{"href":"https:\/\/gazdasagportal.hu\/index.php\/wp-json\/wp\/v2\/types\/post"}],"author":[{"embeddable":true,"href":"https:\/\/gazdasagportal.hu\/index.php\/wp-json\/wp\/v2\/users\/1"}],"replies":[{"embeddable":true,"href":"https:\/\/gazdasagportal.hu\/index.php\/wp-json\/wp\/v2\/comments?post=94479"}],"version-history":[{"count":1,"href":"https:\/\/gazdasagportal.hu\/index.php\/wp-json\/wp\/v2\/posts\/94479\/revisions"}],"predecessor-version":[{"id":94480,"href":"https:\/\/gazdasagportal.hu\/index.php\/wp-json\/wp\/v2\/posts\/94479\/revisions\/94480"}],"wp:attachment":[{"href":"https:\/\/gazdasagportal.hu\/index.php\/wp-json\/wp\/v2\/media?parent=94479"}],"wp:term":[{"taxonomy":"category","embeddable":true,"href":"https:\/\/gazdasagportal.hu\/index.php\/wp-json\/wp\/v2\/categories?post=94479"},{"taxonomy":"post_tag","embeddable":true,"href":"https:\/\/gazdasagportal.hu\/index.php\/wp-json\/wp\/v2\/tags?post=94479"}],"curies":[{"name":"wp","href":"https:\/\/api.w.org\/{rel}","templated":true}]}}