{"id":94465,"date":"2017-06-21T09:52:57","date_gmt":"2017-06-21T07:52:57","guid":{"rendered":"http:\/\/gazdasagportal.hu\/?p=94465"},"modified":"2017-06-20T22:03:46","modified_gmt":"2017-06-20T20:03:46","slug":"waberer-gyorgy-felmondja-a-waberers-nev-hasznalati-jogat","status":"publish","type":"post","link":"https:\/\/gazdasagportal.hu\/index.php\/waberer-gyorgy-felmondja-a-waberers-nev-hasznalati-jogat\/","title":{"rendered":"W\u00e1berer Gy\u00f6rgy felmondja a Waberer&#8217;s n\u00e9v haszn\u00e1lati jog\u00e1t"},"content":{"rendered":"<p><strong>W\u00e1berer Gy\u00f6rgy az err\u0151l rendelkez\u0151 szerz\u0151d\u00e9s lej\u00e1rtakor, 2018 nyar\u00e1n felmondja a Waberer&#8217;s m\u00e1rkan\u00e9v \u00e9s c\u00e9gn\u00e9v haszn\u00e1lat\u00e1nak jog\u00e1t.<\/strong><!--more--><\/p>\n<div class=\"ads-in-post1\"><div id=\"gazdasagportal.hu_fullbanner_wideboard\"><\/div>\r\n<\/div>\n<p>    A h\u00edrt a v\u00e1llalkoz\u00f3 sajt\u00f3k\u00f6zlem\u00e9nyben jelentette be kedden. A Waberer&#8217;s International Zrt. alap\u00edt\u00f3ja \u00e9s kor\u00e1bbi t\u00e1rstulajdonosa 2016 j\u00fanius\u00e1ban v\u00e1lt meg r\u00e9szesed\u00e9s\u00e9t\u0151l a t\u00e1rsas\u00e1gban.<br \/>\n    A k\u00f6zlem\u00e9ny ismerteti: az eur\u00f3pai nemzetk\u00f6zi k\u00f6z\u00fati fuvaroz\u00e1s egyik legjobban ismert m\u00e1rkanev\u00e9nek haszn\u00e1lat\u00e1r\u00f3l sz\u00f3l\u00f3 megegyez\u00e9s a tulajdon \u00e1truh\u00e1z\u00e1s\u00e1r\u00f3l k\u00f6t\u00f6tt meg\u00e1llapod\u00e1s elv\u00e1laszthatatlan eleme volt. A Waberer&#8217;s feliratot az \u00faj tulajdonosi szerkezetben is t\u00f6bb mint 3500 p\u00f3tkocsi viseli.<br \/>\n    W\u00e1berer Gy\u00f6rgy r\u00e9szv\u00e9nyeit a Mid Europa Partners mag\u00e1nt\u0151ke-befektet\u00e9si alap v\u00e1s\u00e1rolta meg 2016-ban, amely 2011 \u00f3ta volt a v\u00e1llalkoz\u00f3 p\u00e9nz\u00fcgyi befektet\u0151 partnere a Waberer&#8217;s-ben. A Mid Europa Partners ezzel 56,8 sz\u00e1zal\u00e9kos r\u00e9szesed\u00e9s\u00e9t 97,1 sz\u00e1zal\u00e9kra n\u00f6velte, amivel teljes ellen\u0151rz\u00e9st szerzett a Waberer&#8217;s-ben. W\u00e1berer Gy\u00f6rgy a r\u00e9szv\u00e9ny\u00e9rt\u00e9kes\u00edt\u00e9ssel egyidej\u0171leg lemondott a t\u00e1rsas\u00e1gban bet\u00f6lt\u00f6tt \u00f6sszes tiszts\u00e9g\u00e9r\u0151l.<br \/>\n    A t\u00e1rsas\u00e1g j\u00fanius 19-\u00e9n jelentette be, hogy nyilv\u00e1nos r\u00e9szv\u00e9ny\u00e9rt\u00e9kes\u00edt\u00e9st ind\u00edtott, \u00e9s k\u00e9relmezi r\u00e9szv\u00e9nyeinek bevezet\u00e9s\u00e9t a B\u00c9T pr\u00e9mium kateg\u00f3ri\u00e1j\u00e1ba. A t\u00e1rsas\u00e1g nyilv\u00e1nosan r\u00e9szben \u00faj kibocs\u00e1t\u00e1s\u00fa, r\u00e9szben megl\u00e9v\u0151 r\u00e9szv\u00e9nyeket ad el, emellett int\u00e9zm\u00e9nyi befektet\u0151knek z\u00e1rtk\u00f6r\u0171 \u00e9rt\u00e9kes\u00edt\u00e9st is szervez.<br \/>\n    A Waberer&#8217;s International Zrt. 2016-ban 9,5 sz\u00e1zal\u00e9kkal, 572,4 milli\u00f3 eur\u00f3ra n\u00f6velte \u00e1rbev\u00e9tel\u00e9t az el\u0151z\u0151 \u00e9vhez k\u00e9pest, kamatfizet\u00e9s, ad\u00f3z\u00e1s \u00e9s \u00e9rt\u00e9kcs\u00f6kkent\u00e9si le\u00edr\u00e1s el\u0151tti \u00fczemi eredm\u00e9ny\u00e9t (EBITDA) pedig 12,1 sz\u00e1zal\u00e9kkal, 73,6 milli\u00f3 eur\u00f3ra n\u00f6velte. A c\u00e9gn\u00e9l hozz\u00e1vet\u0151leg 6500-an dolgoznak. A nemzetk\u00f6zi fuvaroz\u00f3 c\u00e9g 2016 els\u0151 fel\u00e9ben felv\u00e1s\u00e1rolta a WHB biztos\u00edt\u00f3t\u00e1rsas\u00e1got, id\u00e9n m\u00e1jusban pedig ad\u00e1sv\u00e9teli szerz\u0151d\u00e9st \u00edrt al\u00e1 a lengyel Link fuvaroz\u00f3c\u00e9g megv\u00e1s\u00e1rl\u00e1s\u00e1r\u00f3l.(MTI)<\/p>\n","protected":false},"excerpt":{"rendered":"<p>W\u00e1berer Gy\u00f6rgy az err\u0151l rendelkez\u0151 szerz\u0151d\u00e9s lej\u00e1rtakor, 2018 nyar\u00e1n felmondja a Waberer&#8217;s m\u00e1rkan\u00e9v \u00e9s c\u00e9gn\u00e9v haszn\u00e1lat\u00e1nak jog\u00e1t.<\/p>\n","protected":false},"author":1,"featured_media":0,"comment_status":"closed","ping_status":"open","sticky":false,"template":"","format":"standard","meta":[],"categories":[19],"tags":[],"_links":{"self":[{"href":"https:\/\/gazdasagportal.hu\/index.php\/wp-json\/wp\/v2\/posts\/94465"}],"collection":[{"href":"https:\/\/gazdasagportal.hu\/index.php\/wp-json\/wp\/v2\/posts"}],"about":[{"href":"https:\/\/gazdasagportal.hu\/index.php\/wp-json\/wp\/v2\/types\/post"}],"author":[{"embeddable":true,"href":"https:\/\/gazdasagportal.hu\/index.php\/wp-json\/wp\/v2\/users\/1"}],"replies":[{"embeddable":true,"href":"https:\/\/gazdasagportal.hu\/index.php\/wp-json\/wp\/v2\/comments?post=94465"}],"version-history":[{"count":1,"href":"https:\/\/gazdasagportal.hu\/index.php\/wp-json\/wp\/v2\/posts\/94465\/revisions"}],"predecessor-version":[{"id":94466,"href":"https:\/\/gazdasagportal.hu\/index.php\/wp-json\/wp\/v2\/posts\/94465\/revisions\/94466"}],"wp:attachment":[{"href":"https:\/\/gazdasagportal.hu\/index.php\/wp-json\/wp\/v2\/media?parent=94465"}],"wp:term":[{"taxonomy":"category","embeddable":true,"href":"https:\/\/gazdasagportal.hu\/index.php\/wp-json\/wp\/v2\/categories?post=94465"},{"taxonomy":"post_tag","embeddable":true,"href":"https:\/\/gazdasagportal.hu\/index.php\/wp-json\/wp\/v2\/tags?post=94465"}],"curies":[{"name":"wp","href":"https:\/\/api.w.org\/{rel}","templated":true}]}}