{"id":94448,"date":"2017-06-20T15:58:15","date_gmt":"2017-06-20T13:58:15","guid":{"rendered":"http:\/\/gazdasagportal.hu\/?p=94448"},"modified":"2017-06-20T15:28:11","modified_gmt":"2017-06-20T13:28:11","slug":"javitott-az-ifo-nemetorszagi-gdp-novekedesi-elorejelzesen","status":"publish","type":"post","link":"https:\/\/gazdasagportal.hu\/index.php\/javitott-az-ifo-nemetorszagi-gdp-novekedesi-elorejelzesen\/","title":{"rendered":"Jav\u00edtott az ifo n\u00e9metorsz\u00e1gi GDP-n\u00f6veked\u00e9si el\u0151rejelz\u00e9s\u00e9n"},"content":{"rendered":"<p><strong>A n\u00e9met brutt\u00f3 hazai term\u00e9k az id\u00e9n 1,8 sz\u00e1zal\u00e9kkal n\u0151het a m\u00fcncheni ifo gazdas\u00e1gkutat\u00f3 int\u00e9zet legfrissebb progn\u00f3zisa szerint, kor\u00e1bban 1,5 sz\u00e1zal\u00e9kot v\u00e1rtak.<\/strong><!--more--><\/p>\n<div class=\"ads-in-post1\"><div id=\"gazdasagportal.hu_fullbanner_wideboard\"><\/div>\r\n<\/div>\n<p>    A m\u00fcncheni egyetem ifo gazdas\u00e1gkutat\u00f3 int\u00e9zet 2018-ra vonatkoz\u00f3 n\u00f6veked\u00e9si progn\u00f3zis\u00e1n is jav\u00edtott: a kor\u00e1bbi 1,8 sz\u00e1zal\u00e9k helyett 2,0 sz\u00e1zal\u00e9kos n\u00f6veked\u00e9st v\u00e1rnak a szak\u00e9rt\u0151k.<br \/>\n    A n\u00e9met gazdas\u00e1g er\u0151s \u00e9s stabil, az idei els\u0151 f\u00e9l\u00e9ves n\u00f6veked\u00e9s annyira szil\u00e1rd, hogy a lend\u00fclet a j\u00f6v\u0151 \u00e9vben is kitarthat.<br \/>\n    A gazdas\u00e1gi b\u0151v\u00fcl\u00e9s motorja legink\u00e1bb a bels\u0151 fogyaszt\u00e1s \u00e9s az \u00e9p\u00edt\u0151ipar. Az eur\u00f3\u00f6vezeti kedvez\u0151 konjunktur\u00e1lis helyzet a n\u00e9met export er\u0151teljes n\u00f6veked\u00e9s\u00e9t vonja maga ut\u00e1n, a v\u00e1llalkoz\u00e1sok annyira der\u0171l\u00e1t\u00f3an \u00edt\u00e9lik meg kil\u00e1t\u00e1saikat, mint utolj\u00e1ra 1990-ben &#8211; mondta el Timo Wollmersh\u00e4user, az ifo vezet\u0151 elemz\u0151je.<br \/>\n    Az int\u00e9zet m\u00e1jus v\u00e9g\u00e9n k\u00f6z\u00f6lte: a v\u00e1rtn\u00e1l nagyobb m\u00e9rt\u00e9kben javult, rekordszintre emelkedett az \u00e9v \u00f6t\u00f6dik h\u00f3napj\u00e1ban az ifo int\u00e9zet n\u00e9met \u00fczleti hangulatindexe.<br \/>\n    Az ifo szerint a n\u00e9metorsz\u00e1gi foglalkoztatottak sz\u00e1ma 43,6 milli\u00f3r\u00f3l id\u00e9n 44,2 milli\u00f3ra, j\u00f6v\u0151re pedig 44,6 milli\u00f3ra, \u00faj rekord szintre emelkedhet.<br \/>\n    Ezzel szemben a munkan\u00e9lk\u00fcliek sz\u00e1ma 2,7 milli\u00f3r\u00f3l id\u00e9n 2,5 milli\u00f3ra cs\u00f6kkenhet, j\u00f6v\u0151re pedig tov\u00e1bbi javul\u00e1ssal 2,4 milli\u00f3ra eshet, \u00edgy a munkan\u00e9lk\u00fclis\u00e9gi r\u00e1ta 6,1 sz\u00e1zal\u00e9kr\u00f3l id\u00e9n 5,7 sz\u00e1zal\u00e9kra, j\u00f6v\u0151re pedig 5,5 sz\u00e1zal\u00e9kra s\u00fcllyedhet.<br \/>\n    Az infl\u00e1ci\u00f3s r\u00e1t\u00e1t illet\u0151en emelked\u00e9st jelez el\u0151re az Ifo: id\u00e9n 1,7 sz\u00e1zal\u00e9k lehet, j\u00f6v\u0151re pedig 1,6 sz\u00e1zal\u00e9kot \u00e9rhet el.<br \/>\n    M\u00falt h\u00e9ten szerd\u00e1n a DIW Berlin gazdas\u00e1gkutat\u00f3 int\u00e9zet is jav\u00edtott GDP-n\u00f6veked\u00e9si el\u0151rejelz\u00e9s\u00e9n: a n\u00e9met brutt\u00f3 hazai term\u00e9k az id\u00e9n 1,5 sz\u00e1zal\u00e9kkal n\u00f6vekedhet az int\u00e9zet progn\u00f3zisa szerint, m\u00edg kor\u00e1bban 1,4 sz\u00e1zal\u00e9kot v\u00e1rtak.<br \/>\n    A kieli Institut f\u00fcr Weltwirtschaft (IfW) gazdas\u00e1gkutat\u00f3 int\u00e9zet m\u00falt cs\u00fct\u00f6rt\u00f6k\u00f6n kiadott n\u00f6veked\u00e9si progn\u00f3zis\u00e1ban az szerepel, hogy szak\u00e9rt\u0151i az idei \u00e9vre v\u00e1ltozatlanul 1,7 sz\u00e1zal\u00e9kos gazdas\u00e1gb\u0151v\u00fcl\u00e9st prognosztiz\u00e1lnak, 2018-ra pedig 2,0 sz\u00e1zal\u00e9kos n\u00f6veked\u00e9st j\u00f3solnak.<br \/>\n    A n\u00e9met gazdas\u00e1g 0,6 sz\u00e1zal\u00e9kkal n\u0151tt az els\u0151 negyed\u00e9vben a h\u00e1rom h\u00f3nappal kor\u00e1bbi 0,4 sz\u00e1zal\u00e9kos b\u0151v\u00fcl\u00e9st k\u00f6vet\u0151en.<br \/>\n    Az idei \u00e9vre az Eur\u00f3pai Bizotts\u00e1g 1,6 sz\u00e1zal\u00e9kos, a n\u00e9met korm\u00e1ny pedig 1,5 sz\u00e1zal\u00e9kos n\u00e9met GDP-n\u00f6veked\u00e9st v\u00e1r.(MTI)<\/p>\n","protected":false},"excerpt":{"rendered":"<p>A n\u00e9met brutt\u00f3 hazai term\u00e9k az id\u00e9n 1,8 sz\u00e1zal\u00e9kkal n\u0151het a m\u00fcncheni ifo gazdas\u00e1gkutat\u00f3 int\u00e9zet legfrissebb progn\u00f3zisa szerint, kor\u00e1bban 1,5 sz\u00e1zal\u00e9kot v\u00e1rtak.<\/p>\n","protected":false},"author":1,"featured_media":0,"comment_status":"closed","ping_status":"open","sticky":false,"template":"","format":"standard","meta":[],"categories":[246],"tags":[],"_links":{"self":[{"href":"https:\/\/gazdasagportal.hu\/index.php\/wp-json\/wp\/v2\/posts\/94448"}],"collection":[{"href":"https:\/\/gazdasagportal.hu\/index.php\/wp-json\/wp\/v2\/posts"}],"about":[{"href":"https:\/\/gazdasagportal.hu\/index.php\/wp-json\/wp\/v2\/types\/post"}],"author":[{"embeddable":true,"href":"https:\/\/gazdasagportal.hu\/index.php\/wp-json\/wp\/v2\/users\/1"}],"replies":[{"embeddable":true,"href":"https:\/\/gazdasagportal.hu\/index.php\/wp-json\/wp\/v2\/comments?post=94448"}],"version-history":[{"count":1,"href":"https:\/\/gazdasagportal.hu\/index.php\/wp-json\/wp\/v2\/posts\/94448\/revisions"}],"predecessor-version":[{"id":94449,"href":"https:\/\/gazdasagportal.hu\/index.php\/wp-json\/wp\/v2\/posts\/94448\/revisions\/94449"}],"wp:attachment":[{"href":"https:\/\/gazdasagportal.hu\/index.php\/wp-json\/wp\/v2\/media?parent=94448"}],"wp:term":[{"taxonomy":"category","embeddable":true,"href":"https:\/\/gazdasagportal.hu\/index.php\/wp-json\/wp\/v2\/categories?post=94448"},{"taxonomy":"post_tag","embeddable":true,"href":"https:\/\/gazdasagportal.hu\/index.php\/wp-json\/wp\/v2\/tags?post=94448"}],"curies":[{"name":"wp","href":"https:\/\/api.w.org\/{rel}","templated":true}]}}