{"id":94446,"date":"2017-06-20T14:20:02","date_gmt":"2017-06-20T12:20:02","guid":{"rendered":"http:\/\/gazdasagportal.hu\/?p=94446"},"modified":"2017-06-20T14:10:55","modified_gmt":"2017-06-20T12:10:55","slug":"orizetbe-vettek-olaszorszagban-a-libiai-migranstaborok-egyik-kinzoemberet","status":"publish","type":"post","link":"https:\/\/gazdasagportal.hu\/index.php\/orizetbe-vettek-olaszorszagban-a-libiai-migranstaborok-egyik-kinzoemberet\/","title":{"rendered":"\u0150rizetbe vett\u00e9k Olaszorsz\u00e1gban a l\u00edbiai migr\u00e1nst\u00e1borok egyik k\u00ednz\u00f3ember\u00e9t"},"content":{"rendered":"<p><strong>\u0150rizetbe vett\u00e9k az olasz hat\u00f3s\u00e1gok azt a &#8211; mag\u00e1t Ramb\u00f3nak nevez\u0151 &#8211; nig\u00e9riai f\u00e9rfit, aki  Olaszorsz\u00e1gba \u00e9rkezett mened\u00e9kk\u00e9r\u0151k szerint l\u00edbiai t\u00e1borokban k\u00ednozta \u0151ket &#8211; k\u00f6z\u00f6lte az olasz \u00fcgy\u00e9szs\u00e9g kedden.<\/strong><!--more--><\/p>\n<div class=\"ads-in-post1\"><div id=\"gazdasagportal.hu_fullbanner_wideboard\"><\/div>\r\n<\/div>\n<p>    A 25 \u00e9ves nig\u00e9riai \u00e1llampolg\u00e1rs\u00e1g\u00fa John Ogaist a calabriai Isola Capo Rizzuto t\u00e1bor\u00e1ban vett\u00e9k \u0151rizetbe. Ebben a t\u00e1borban az Olaszorsz\u00e1gban mened\u00e9kk\u00e9relemre nem jogosult, illeg\u00e1lis bev\u00e1ndorl\u00f3k v\u00e1rnak kiutas\u00edt\u00e1suk v\u00e9grehajt\u00e1s\u00e1ra.<br \/>\n    A f\u00e9rfi ellen a szic\u00edliai Palermo maffiaellenes \u00fcgy\u00e9szs\u00e9ge adott ki elfogat\u00f3parancsot, miut\u00e1n a &#8222;Ramb\u00f3k\u00e9nt&#8221; h\u00edrhedtt\u00e9 v\u00e1lt John Ogais neve gyakran szerepelt az Olaszorsz\u00e1gba \u00e9rkezett mened\u00e9kk\u00e9r\u0151 afrikaiak besz\u00e1mol\u00f3iban. A tan\u00favallom\u00e1sok szerint Ogais a Nig\u00e9ri\u00e1b\u00f3l L\u00edbi\u00e1ba emberek ezreit sz\u00e1ll\u00edt\u00f3 egyik embercsemp\u00e9sz szervezet vezet\u0151je volt.<br \/>\n    A szervezet egyik k\u00f6zpontja a d\u00e9lnyugat-l\u00edbiai Szabha v\u00e1ros\u00e1ban van, ahol t\u00e1borba z\u00e1rj\u00e1k az embereket. A besz\u00e1mol\u00f3k szerint az Ali nev\u0171 t\u00e1borban az embercsemp\u00e9szek mindent\u0151l megfosztj\u00e1k az id\u00e1ig eljut\u00f3kat, b\u00e1ntalmazz\u00e1k \u00e9s k\u00ednozz\u00e1k \u0151ket, hogy otthon maradt csal\u00e1dtagjaikt\u00f3l \u00fajabb \u00f6sszegeket tudjanak kizsarolni. Az olasz \u00fcgy\u00e9szs\u00e9gt\u0151l meghallgatott szemtan\u00fak szerint John Ogais t\u00f6bb embert hal\u00e1lra vert, m\u00e1sokat cs\u00f6vekkel \u00fctlegelt, n\u0151ket er\u0151szakolt meg. A t\u00e1borban elterjedt az elektrosokkal val\u00f3 k\u00ednz\u00e1s is. Aki sz\u00f6kni pr\u00f3b\u00e1l, ha elfogj\u00e1k, p\u00e9ld\u00e1san megb\u00fcntetik.<br \/>\n    Az olasz hat\u00f3s\u00e1gok nemzetk\u00f6zi embercsemp\u00e9sz\u00e9s, fogvatart\u00e1s, nemi er\u0151szak \u00e9s t\u00f6bbsz\u00f6r\u00f6s gyilkoss\u00e1g miatt k\u00e9szek v\u00e1dat emelni John Ogais ellen.<br \/>\n    A nig\u00e9riai f\u00e9rfi ugyanannak az embercsemp\u00e9sz szervezetnek a tagja, amelynek m\u00e1sik vezet\u0151j\u00e9t, a gh\u00e1nai Sam Eric Ackomot m\u00e1rciusban a szic\u00edliai Agrigent\u00f3ban vett\u00e9k \u0151rizetbe.<br \/>\n    A calabriai Isola Capo Rizzuto t\u00e1bor\u00e1t m\u00e1jus v\u00e9g\u00e9n korm\u00e1nybiztos vezet\u00e9s\u00e9re b\u00edzt\u00e1k, miut\u00e1n kider\u00fclt, hogy a helyi maffia, a &#8216;ndrangheta zsebelte be a t\u00e1bornak foly\u00f3s\u00edtott EU-forr\u00e1sok egy r\u00e9sz\u00e9t.(MTI)<\/p>\n","protected":false},"excerpt":{"rendered":"<p>\u0150rizetbe vett\u00e9k az olasz hat\u00f3s\u00e1gok azt a &#8211; mag\u00e1t Ramb\u00f3nak nevez\u0151 &#8211; nig\u00e9riai f\u00e9rfit, aki Olaszorsz\u00e1gba \u00e9rkezett mened\u00e9kk\u00e9r\u0151k szerint l\u00edbiai t\u00e1borokban k\u00ednozta \u0151ket &#8211; k\u00f6z\u00f6lte az olasz \u00fcgy\u00e9szs\u00e9g kedden.<\/p>\n","protected":false},"author":1,"featured_media":0,"comment_status":"closed","ping_status":"open","sticky":false,"template":"","format":"standard","meta":[],"categories":[12,16],"tags":[],"_links":{"self":[{"href":"https:\/\/gazdasagportal.hu\/index.php\/wp-json\/wp\/v2\/posts\/94446"}],"collection":[{"href":"https:\/\/gazdasagportal.hu\/index.php\/wp-json\/wp\/v2\/posts"}],"about":[{"href":"https:\/\/gazdasagportal.hu\/index.php\/wp-json\/wp\/v2\/types\/post"}],"author":[{"embeddable":true,"href":"https:\/\/gazdasagportal.hu\/index.php\/wp-json\/wp\/v2\/users\/1"}],"replies":[{"embeddable":true,"href":"https:\/\/gazdasagportal.hu\/index.php\/wp-json\/wp\/v2\/comments?post=94446"}],"version-history":[{"count":1,"href":"https:\/\/gazdasagportal.hu\/index.php\/wp-json\/wp\/v2\/posts\/94446\/revisions"}],"predecessor-version":[{"id":94447,"href":"https:\/\/gazdasagportal.hu\/index.php\/wp-json\/wp\/v2\/posts\/94446\/revisions\/94447"}],"wp:attachment":[{"href":"https:\/\/gazdasagportal.hu\/index.php\/wp-json\/wp\/v2\/media?parent=94446"}],"wp:term":[{"taxonomy":"category","embeddable":true,"href":"https:\/\/gazdasagportal.hu\/index.php\/wp-json\/wp\/v2\/categories?post=94446"},{"taxonomy":"post_tag","embeddable":true,"href":"https:\/\/gazdasagportal.hu\/index.php\/wp-json\/wp\/v2\/tags?post=94446"}],"curies":[{"name":"wp","href":"https:\/\/api.w.org\/{rel}","templated":true}]}}