{"id":94436,"date":"2017-06-20T11:01:17","date_gmt":"2017-06-20T09:01:17","guid":{"rendered":"http:\/\/gazdasagportal.hu\/?p=94436"},"modified":"2017-06-20T11:01:17","modified_gmt":"2017-06-20T09:01:17","slug":"a-kormanyzati-munka-megujitasarol-targyalt-donald-trump-a-szilicium-volgy-nagy-informatikai-vallalatainak-vezetoivel","status":"publish","type":"post","link":"https:\/\/gazdasagportal.hu\/index.php\/a-kormanyzati-munka-megujitasarol-targyalt-donald-trump-a-szilicium-volgy-nagy-informatikai-vallalatainak-vezetoivel\/","title":{"rendered":"A korm\u00e1nyzati munka meg\u00faj\u00edt\u00e1s\u00e1r\u00f3l t\u00e1rgyalt Donald Trump a Szil\u00edcium-v\u00f6lgy nagy informatikai v\u00e1llalatainak vezet\u0151ivel"},"content":{"rendered":"<p><strong>A korm\u00e1nyzati munka meg\u00faj\u00edt\u00e1s\u00e1r\u00f3l t\u00e1rgyalt a Szil\u00edcium-v\u00f6lgy legnagyobb informatikai v\u00e1llalatainak vezet\u0151ivel Donald Trump amerikai eln\u00f6k h\u00e9tf\u0151n a washingtoni Feh\u00e9r H\u00e1zban. <\/strong><!--more--><\/p>\n<div class=\"ads-in-post1\"><div id=\"gazdasagportal.hu_fullbanner_wideboard\"><\/div>\r\n<\/div>\n<p>    Az eln\u00f6k el\u0151tt a v\u00e1llalatvezet\u0151k Mike Pence aleln\u00f6kkel, Steven Mnuchin p\u00e9nz\u00fcgyminiszterrel \u00e9s Wilbur Ross kereskedelmi miniszterrel tal\u00e1lkoztak \u00e9s t\u00edz munkacsoportban vitatt\u00e1k meg a korm\u00e1nyzati munka moderniz\u00e1l\u00e1s\u00e1nak \u00fcgy\u00e9t. A tan\u00e1cskoz\u00e1son jelen voltak a h\u00edres massachusettsi m\u0171egyetem (MIT) \u00e9s az ohi\u00f3i egyetem rektorai is, valamint Jared Kushner Trump tan\u00e1csad\u00f3v\u00e1 kinevezett veje.<br \/>\n    A mintegy n\u00e9gy \u00f3r\u00e1n kereszt\u00fcl tart\u00f3 megbesz\u00e9l\u00e9st a Feh\u00e9r H\u00e1z kezdem\u00e9nyezte, az\u00e9rt, hogy a legjelent\u0151sebb, mintegy h\u00fasz tech-c\u00e9g v\u00e9lem\u00e9ny\u00e9t, majd egy\u00fcttm\u0171k\u00f6d\u00e9s\u00e9t k\u00e9rje a korm\u00e1nyzati munka jav\u00edt\u00e1s\u00e1hoz, az elavult informatikai rendszerek meg\u00faj\u00edt\u00e1s\u00e1hoz, s mindennek k\u00f6vetkezm\u00e9nyek\u00e9nt a korm\u00e1nyzati munka k\u00f6lts\u00e9geinek cs\u00f6kkent\u00e9s\u00e9hez is. Donald Trump kifejtette, hogy \u00e9ppen ennek k\u00f6sz\u00f6nhet\u0151en az elk\u00f6vetkez\u0151 t\u00edz \u00e9vre ezermilli\u00e1rd doll\u00e1ros megtakar\u00edt\u00e1s lenne el\u00e9rhet\u0151. &#8222;Az a c\u00e9lunk, hogy a sz\u00f6vets\u00e9gi korm\u00e1nyzat \u00e1ltal alkalmazott technol\u00f3gi\u00e1k \u00e1tfog\u00f3 meg\u00faj\u00edt\u00e1s\u00e1val az \u00e1llampolg\u00e1rok drasztikusan jobb szolg\u00e1ltat\u00e1sokhoz jussanak&#8221; &#8211; fogalmazott az eln\u00f6k. Lesz\u00f6gezte azt is, hogy &#8222;a korm\u00e1nyzati munk\u00e1nak musz\u00e1j utol\u00e9rnie a technol\u00f3giai forradalmat&#8221;.<br \/>\n    R\u00f6vid besz\u00e9det mondott Jared Kushner is, aki azt hangs\u00falyozta, hogy a korm\u00e1nyzat szeretn\u00e9 meg\u00e9l\u00e9nk\u00edteni \u00e9s \u00f6szt\u00f6n\u00f6zni a mag\u00e1nszektort, annak \u00e9rdek\u00e9ben, hogy &#8222;olyan jelleg\u0171 szolg\u00e1ltat\u00e1sokat ny\u00fajtsanak az \u00e1llampolg\u00e1roknak, amilyenek kor\u00e1bban nem l\u00e9teztek&#8221;. Kushner nem fejtette ki, hogy konkr\u00e9tan mire is gondol. Elmondta viszont, hogy a korm\u00e1nyzat felsz\u00e1molni tervezi a t\u00f6bb mint hatezer korm\u00e1nyzati adatt\u00e1rol\u00f3 k\u00f6zpont nagy r\u00e9sz\u00e9t \u00e9s \u00e1tt\u00e9r a felh\u0151 alap\u00fa adatt\u00e1rol\u00e1sra.<br \/>\n    A megh\u00edvott c\u00e9gvezet\u0151k k\u00f6zt voltak az Alphabet, az Apple, a Microsoft, az Intel, az Oracle az Adobe eln\u00f6k-vez\u00e9rigazgat\u00f3i, s megh\u00edvt\u00e1k Mark Zuckerberget, a Facebook eln\u00f6k-vez\u00e9rigazgat\u00f3j\u00e1t is, aki azonban m\u00e1s elfoglalts\u00e1ga miatt nem tudott megjelenni. A jelenl\u00e9v\u0151 szakemberek nyilatkozataib\u00f3l az der\u00fclt ki, hogy egyet\u00e9rtenek a Trump-korm\u00e1ny moderniz\u00e1l\u00e1si t\u00f6rekv\u00e9seivel \u00e9s sz\u00edvesen egy\u00fctt is m\u0171k\u00f6dnek ebben.<br \/>\n    Az Apple eln\u00f6k-vez\u00e9rigazgat\u00f3ja, Tim Cook azt nyilatkozta, hogy &#8222;az Egyes\u00fclt \u00c1llamoknak kellene a vil\u00e1g legmodernebb korm\u00e1nyzat\u00e1val rendelkeznie, de ez jelenleg m\u00e9g nem \u00edgy van&#8221;. Jeff Bezos, az Amazon vezet\u0151je arr\u00f3l nyilatkozott, hogy azt szeretn\u00e9: az amerikai korm\u00e1ny kereskedelmi forgalomban is el\u00e9rhet\u0151 technol\u00f3gi\u00e1kat alkalmazzon, t\u00e1maszkodjon a mesters\u00e9ges intelligenci\u00e1ra \u00e9s folyamatos tov\u00e1bbk\u00e9pz\u00e9sre k\u00fcldje az alkalmazotti g\u00e1rd\u00e1t.(MTI)<\/p>\n","protected":false},"excerpt":{"rendered":"<p>A korm\u00e1nyzati munka meg\u00faj\u00edt\u00e1s\u00e1r\u00f3l t\u00e1rgyalt a Szil\u00edcium-v\u00f6lgy legnagyobb informatikai v\u00e1llalatainak vezet\u0151ivel Donald Trump amerikai eln\u00f6k h\u00e9tf\u0151n a washingtoni Feh\u00e9r H\u00e1zban.<\/p>\n","protected":false},"author":1,"featured_media":0,"comment_status":"closed","ping_status":"open","sticky":false,"template":"","format":"standard","meta":[],"categories":[246],"tags":[],"_links":{"self":[{"href":"https:\/\/gazdasagportal.hu\/index.php\/wp-json\/wp\/v2\/posts\/94436"}],"collection":[{"href":"https:\/\/gazdasagportal.hu\/index.php\/wp-json\/wp\/v2\/posts"}],"about":[{"href":"https:\/\/gazdasagportal.hu\/index.php\/wp-json\/wp\/v2\/types\/post"}],"author":[{"embeddable":true,"href":"https:\/\/gazdasagportal.hu\/index.php\/wp-json\/wp\/v2\/users\/1"}],"replies":[{"embeddable":true,"href":"https:\/\/gazdasagportal.hu\/index.php\/wp-json\/wp\/v2\/comments?post=94436"}],"version-history":[{"count":1,"href":"https:\/\/gazdasagportal.hu\/index.php\/wp-json\/wp\/v2\/posts\/94436\/revisions"}],"predecessor-version":[{"id":94437,"href":"https:\/\/gazdasagportal.hu\/index.php\/wp-json\/wp\/v2\/posts\/94436\/revisions\/94437"}],"wp:attachment":[{"href":"https:\/\/gazdasagportal.hu\/index.php\/wp-json\/wp\/v2\/media?parent=94436"}],"wp:term":[{"taxonomy":"category","embeddable":true,"href":"https:\/\/gazdasagportal.hu\/index.php\/wp-json\/wp\/v2\/categories?post=94436"},{"taxonomy":"post_tag","embeddable":true,"href":"https:\/\/gazdasagportal.hu\/index.php\/wp-json\/wp\/v2\/tags?post=94436"}],"curies":[{"name":"wp","href":"https:\/\/api.w.org\/{rel}","templated":true}]}}