{"id":9439,"date":"2013-06-06T10:11:38","date_gmt":"2013-06-06T08:11:38","guid":{"rendered":"http:\/\/stockportal.hu\/?p=9439"},"modified":"2013-06-06T10:12:24","modified_gmt":"2013-06-06T08:12:24","slug":"berlusconi-eleg-volt-az-eu-utasitasaibol","status":"publish","type":"post","link":"https:\/\/gazdasagportal.hu\/index.php\/berlusconi-eleg-volt-az-eu-utasitasaibol\/","title":{"rendered":"Berlusconi: el\u00e9g volt az EU utas\u00edt\u00e1saib\u00f3l"},"content":{"rendered":"<p><strong>Az uni\u00f3s utas\u00edt\u00e1sok helyett Olaszorsz\u00e1gnak kell eld\u00f6ntenie, hogy mit kell tennie a gazdas\u00e1g talpra \u00e1ll\u00edt\u00e1s\u00e1hoz &#8211; nyilatkozta Silvio Berlusconi, a Szabads\u00e1g N\u00e9pe (PdL) nev\u0171 korm\u00e1nyp\u00e1rt eln\u00f6ke egy szerda esti olasz t\u00e9v\u00e9h\u00edrad\u00f3ban az Eur\u00f3pai Uni\u00f3 h\u00f3 v\u00e9gi cs\u00facstal\u00e1lkoz\u00f3ja el\u0151tt.<!--more--><\/strong><\/p>\n<p>&#8222;Az olasz korm\u00e1nyf\u0151 menjen el Br\u00fcsszelbe, \u00e9s mondja azt, hogy &#8216;\u00e9n ezt \u00edgy csin\u00e1lom&#8217;. Nem fogadhatunk el t\u00f6bb\u00e9 bizonyos utas\u00edt\u00e1sokat. Nek\u00fcnk kell eld\u00f6nteni, mit sz\u00fcks\u00e9ges tenni gazdas\u00e1gunk talpra \u00e1ll\u00edt\u00e1s\u00e1hoz&#8221; &#8211; hangoztatta Berlusconi a T9 r\u00f3mai k\u00f6rzeti telev\u00edzi\u00f3nak.<br \/>\nA PdL eln\u00f6ke t\u00f6rt\u00e9nelmi fordulatnak nevezte az Olaszorsz\u00e1got \u00e1prilis v\u00e9g\u00e9t\u0151l vezet\u0151 nagykoal\u00edci\u00f3s korm\u00e1nyt, melyben az olasz jobb- \u00e9s balk\u00f6z\u00e9p els\u0151 alkalommal sz\u00f6vetkezett egym\u00e1ssal. Berlusconi \u00fagy fogalmazott, hogy a Letta-korm\u00e1ny az olasz belpolitik\u00e1ban &#8222;hossz\u00fa hidegh\u00e1bor\u00fat \u00e9s polg\u00e1rh\u00e1bor\u00fat z\u00e1rt le&#8221;.<br \/>\n&#8222;A mostani r\u00f3mai korm\u00e1ny er\u0151s \u00e9s k\u00e9pes a reformok v\u00e9ghezvitel\u00e9re. Er\u0151snek kell lennie az EU-val szemben is&#8221; &#8211; jelentette ki Berlusconi.<br \/>\nBr\u00fcsszel m\u00e1jus v\u00e9g\u00e9n sz\u00fcntette meg az Olaszorsz\u00e1ggal szembeni t\u00falzottdeficit-elj\u00e1r\u00e1st. Az Eur\u00f3pai Bizotts\u00e1g ugyanakkor tov\u00e1bbi gazdas\u00e1gi reformokat s\u00fcrgetett az \u00faj korm\u00e1nyt\u00f3l, fenntart\u00e1ssal fogadva a Monti-korm\u00e1ny \u00e1ltal 2011-ben bevezetett ingatlanad\u00f3 felf\u00fcggeszt\u00e9s\u00e9t, melyet a PdL a korm\u00e1nykoal\u00edci\u00f3 megalak\u00edt\u00e1s\u00e1nak felt\u00e9telek\u00e9nt szabott meg.<br \/>\nAz EU \u00e1llam- \u00e9s korm\u00e1nyf\u0151inek tal\u00e1lkoz\u00f3ja el\u0151tt, j\u00fanius 14-\u00e9n R\u00f3m\u00e1ban olasz-n\u00e9met- francia-spanyol cs\u00facsot tartanak a fiatalkori munkan\u00e9lk\u00fclis\u00e9g probl\u00e9m\u00e1j\u00e1r\u00f3l, mely az EU-cs\u00facsnak is kiemelt t\u00e9m\u00e1ja lesz. (MTI)<\/p>\n","protected":false},"excerpt":{"rendered":"<p>Az uni\u00f3s utas\u00edt\u00e1sok helyett Olaszorsz\u00e1gnak kell eld\u00f6ntenie, hogy mit kell tennie a gazdas\u00e1g talpra \u00e1ll\u00edt\u00e1s\u00e1hoz &#8211; nyilatkozta Silvio Berlusconi, a Szabads\u00e1g N\u00e9pe (PdL) nev\u0171 korm\u00e1nyp\u00e1rt eln\u00f6ke egy szerda esti olasz t\u00e9v\u00e9h\u00edrad\u00f3ban az Eur\u00f3pai Uni\u00f3 h\u00f3 v\u00e9gi cs\u00facstal\u00e1lkoz\u00f3ja el\u0151tt.<\/p>\n","protected":false},"author":1,"featured_media":3572,"comment_status":"open","ping_status":"closed","sticky":false,"template":"","format":"standard","meta":[],"categories":[12],"tags":[],"_links":{"self":[{"href":"https:\/\/gazdasagportal.hu\/index.php\/wp-json\/wp\/v2\/posts\/9439"}],"collection":[{"href":"https:\/\/gazdasagportal.hu\/index.php\/wp-json\/wp\/v2\/posts"}],"about":[{"href":"https:\/\/gazdasagportal.hu\/index.php\/wp-json\/wp\/v2\/types\/post"}],"author":[{"embeddable":true,"href":"https:\/\/gazdasagportal.hu\/index.php\/wp-json\/wp\/v2\/users\/1"}],"replies":[{"embeddable":true,"href":"https:\/\/gazdasagportal.hu\/index.php\/wp-json\/wp\/v2\/comments?post=9439"}],"version-history":[{"count":3,"href":"https:\/\/gazdasagportal.hu\/index.php\/wp-json\/wp\/v2\/posts\/9439\/revisions"}],"predecessor-version":[{"id":9441,"href":"https:\/\/gazdasagportal.hu\/index.php\/wp-json\/wp\/v2\/posts\/9439\/revisions\/9441"}],"wp:featuredmedia":[{"embeddable":true,"href":"https:\/\/gazdasagportal.hu\/index.php\/wp-json\/wp\/v2\/media\/3572"}],"wp:attachment":[{"href":"https:\/\/gazdasagportal.hu\/index.php\/wp-json\/wp\/v2\/media?parent=9439"}],"wp:term":[{"taxonomy":"category","embeddable":true,"href":"https:\/\/gazdasagportal.hu\/index.php\/wp-json\/wp\/v2\/categories?post=9439"},{"taxonomy":"post_tag","embeddable":true,"href":"https:\/\/gazdasagportal.hu\/index.php\/wp-json\/wp\/v2\/tags?post=9439"}],"curies":[{"name":"wp","href":"https:\/\/api.w.org\/{rel}","templated":true}]}}