{"id":94376,"date":"2017-06-18T16:42:48","date_gmt":"2017-06-18T14:42:48","guid":{"rendered":"http:\/\/gazdasagportal.hu\/?p=94376"},"modified":"2017-06-18T10:13:50","modified_gmt":"2017-06-18T08:13:50","slug":"tallai-az-adotraffipax-noveli-a-konyvelt-bevetelt-es-a-legalis-foglalkoztatast","status":"publish","type":"post","link":"https:\/\/gazdasagportal.hu\/index.php\/tallai-az-adotraffipax-noveli-a-konyvelt-bevetelt-es-a-legalis-foglalkoztatast\/","title":{"rendered":"T\u00e1llai: az ad\u00f3traffipax n\u00f6veli a k\u00f6nyvelt bev\u00e9telt \u00e9s a leg\u00e1lis foglalkoztat\u00e1st"},"content":{"rendered":"<p><strong>M\u00e1rciust\u00f3l m\u00e1jus v\u00e9g\u00e9ig mintegy 120 el\u0151re bejelentett helysz\u00ednen v\u00e9gzett ellen\u0151rz\u00e9st a Nemzeti Ad\u00f3- \u00e9s V\u00e1mhivatal, az ad\u00f3traffipax nemcsak a nyugtaad\u00e1s gyakoris\u00e1g\u00e1t \u00e9s a k\u00f6nyvelt bev\u00e9telt, de a bejelentett alkalmazottak sz\u00e1m\u00e1t is n\u00f6velte &#8211; t\u00e1j\u00e9koztatta a Nemzetgazdas\u00e1gi Miniszt\u00e9rium (NGM) parlamenti \u00e9s ad\u00f3\u00fcgyek\u00e9rt felel\u0151s \u00e1llamtitk\u00e1ra, a NAV vezet\u0151je az MTI-t.  <\/strong><!--more--><\/p>\n<div class=\"ads-in-post1\"><div id=\"gazdasagportal.hu_fullbanner_wideboard\"><\/div>\r\n<\/div>\n<p>    T\u00e1llai Andr\u00e1s felid\u00e9zte: az ad\u00f3hat\u00f3s\u00e1g honlapj\u00e1n meghirdetett ad\u00f3traffipax el\u0151re jelzi, hogy hol kell sz\u00e1m\u00edtani a c\u00e9lir\u00e1nyos ellen\u0151rz\u00e9sekre. A tapasztalatok szerint az ad\u00f3traffipax az ad\u00f3mor\u00e1lt jav\u00edtva n\u00f6veli az \u00e1llamkassza bev\u00e9tel\u00e9t. Ez az ad\u00f3traffipaxszal eddig \u00e9rintett v\u00e1llalkoz\u00f3i k\u00f6rn\u00e9l egy\u00e9rtelm\u0171en kimutathat\u00f3 az online p\u00e9nzt\u00e1rg\u00e9p \u00e9s a foglalkoztatotti bejelent\u00e9sek adatai alapj\u00e1n &#8211; tette hozz\u00e1.<br \/>\n    P\u00e9ldak\u00e9nt a f\u0151v\u00e1ros VII. ker\u00fcleti vend\u00e9gl\u00e1t\u00f3in\u00e1l a febru\u00e1r 27-t\u0151l egy h\u00e9tig tart\u00f3 ad\u00f3traffipaxot emelte ki a NAV vezet\u0151je. Az egyhetes ellen\u0151rz\u00e9s alatt a revizorok minden esetben szab\u00e1lyos nyugt\u00e1t kaptak, mind\u00f6ssze k\u00e9t bejelent\u00e9s n\u00e9lk\u00fcl foglalkoztatott alkalmazott miatt szabtak ki b\u00edrs\u00e1got.<br \/>\n    Az akci\u00f3t k\u00f6vet\u0151en a p\u00e9nzt\u00e1rg\u00e9pek adatainak elemz\u00e9sekor kider\u00fclt, hogy az ad\u00f3traffipax egy hete alatt az el\u0151z\u0151 h\u00e9thez k\u00e9pest \u00e1tlagosan 20 sz\u00e1zal\u00e9kkal n\u0151tt a bev\u00e9tel. Az \u00e1fabevall\u00e1sok adatai m\u00e9g nagyobb ar\u00e1ny\u00fa n\u00f6veked\u00e9st mutattak: az el\u0151z\u0151 \u00e9v \u00e9s a t\u00e1rgy\u00e9v azonos id\u0151szak\u00e1ban az ad\u00f3alap \u00e1tlagosan 50 sz\u00e1zal\u00e9kkal n\u0151tt a vizsg\u00e1lt v\u00e1llalkoz\u00e1sokn\u00e1l. A dolgoz\u00f3k leg\u00e1lis foglalkoztat\u00e1s\u00e1ra is j\u00f3t\u00e9kony hat\u00e1ssal volt az akci\u00f3, ugyanis az ad\u00f3traffipax idej\u00e9n az \u00e9rintett t\u00f6bb mint 280 v\u00e1llalkoz\u00f3 mintegy f\u00e9lezer alkalmazottat jelentett be, 218 munkav\u00e1llal\u00f3val t\u00f6bbet, mint az akci\u00f3t megel\u0151z\u0151 id\u0151szakban &#8211; h\u00fazta al\u00e1.<br \/>\n    T\u00e1llai Andr\u00e1s elmondta azt is, hogy az eddigi tapasztalatok alapj\u00e1n m\u00e9g az el\u0151re bejelentett ellen\u0151rz\u00e9seken is sok szab\u00e1lytalans\u00e1got tal\u00e1lnak munkat\u00e1rsai.<br \/>\n    A Gy\u0151r-Moson-Sopron megyei n\u0151napi ad\u00f3traffipax sor\u00e1n az ellen\u0151rz\u00f6tt \u00fczletek h\u00fasz sz\u00e1zal\u00e9k\u00e1ban t\u00e1rtak fel mulaszt\u00e1st az ad\u00f3ellen\u0151r\u00f6k. Ez szerinte annak ellen\u00e9re magas ar\u00e1ny, hogy a kor\u00e1bbi \u00e9vek viszonylat\u00e1ban jelent\u0151s a javul\u00e1s, hiszen 2015-ben az ar\u00e1ny negyven, 2016-ban pedig \u00f6tven sz\u00e1zal\u00e9k volt.<br \/>\n    A budapesti nagyv\u00e1s\u00e1rcsarnokban az el\u0151zetes meghirdet\u00e9s ellen\u00e9re a revizorok az esetek 40 sz\u00e1zal\u00e9k\u00e1ban t\u00e1rtak fel valamilyen hi\u00e1nyoss\u00e1got. A NAV vezet\u0151je megjegyezte, hogy a m\u00e1rcius 10-ei ad\u00f3traffipax \u00edgy is jelent\u0151s bev\u00e9teln\u00f6veked\u00e9st eredm\u00e9nyezett. A v\u00e1s\u00e1rcsarnok v\u00e1llalkoz\u00f3i a p\u00e9nzt\u00e1rg\u00e9peikbe az egy h\u00f3nappal kor\u00e1bbi forgalmi \u00e9rt\u00e9khez k\u00e9pest 43 sz\u00e1zal\u00e9kkal t\u00f6bb bev\u00e9telt \u00fct\u00f6ttek.<br \/>\n    Az ellen\u0151rz\u00e9sek el\u0151re meghirdet\u00e9s\u00e9vel az ad\u00f3hivatal t\u00e1mogatja, \u00e9s \u00f6szt\u00f6nzi a v\u00e1llalkoz\u00e1sokat, hogy tarts\u00e1k be a szab\u00e1lyokat, \u00f6nsz\u00e1ntukb\u00f3l jav\u00edts\u00e1k a hib\u00e1kat, p\u00f3tolj\u00e1k a hi\u00e1nyoss\u00e1gokat, elker\u00fclve ezzel a t\u00f6rv\u00e9nyekb\u0151l ad\u00f3d\u00f3 negat\u00edv k\u00f6vetkezm\u00e9nyeket &#8211; hangs\u00falyozta T\u00e1llai Andr\u00e1s. Az ad\u00f3traffipax viszont nem z\u00e1rja ki azt, hogy a megjel\u00f6lt helysz\u00edneken k\u00edv\u00fcl is ellen\u0151rizzenek a NAV munkat\u00e1rsai &#8211; tette hozz\u00e1.(MTI)<\/p>\n","protected":false},"excerpt":{"rendered":"<p>M\u00e1rciust\u00f3l m\u00e1jus v\u00e9g\u00e9ig mintegy 120 el\u0151re bejelentett helysz\u00ednen v\u00e9gzett ellen\u0151rz\u00e9st a Nemzeti Ad\u00f3- \u00e9s V\u00e1mhivatal, az ad\u00f3traffipax nemcsak a nyugtaad\u00e1s gyakoris\u00e1g\u00e1t \u00e9s a k\u00f6nyvelt bev\u00e9telt, de a bejelentett alkalmazottak sz\u00e1m\u00e1t is n\u00f6velte &#8211; t\u00e1j\u00e9koztatta a Nemzetgazdas\u00e1gi Miniszt\u00e9rium (NGM) parlamenti \u00e9s ad\u00f3\u00fcgyek\u00e9rt felel\u0151s \u00e1llamtitk\u00e1ra, a NAV vezet\u0151je az MTI-t.<\/p>\n","protected":false},"author":1,"featured_media":0,"comment_status":"closed","ping_status":"open","sticky":false,"template":"","format":"standard","meta":[],"categories":[20,19],"tags":[],"_links":{"self":[{"href":"https:\/\/gazdasagportal.hu\/index.php\/wp-json\/wp\/v2\/posts\/94376"}],"collection":[{"href":"https:\/\/gazdasagportal.hu\/index.php\/wp-json\/wp\/v2\/posts"}],"about":[{"href":"https:\/\/gazdasagportal.hu\/index.php\/wp-json\/wp\/v2\/types\/post"}],"author":[{"embeddable":true,"href":"https:\/\/gazdasagportal.hu\/index.php\/wp-json\/wp\/v2\/users\/1"}],"replies":[{"embeddable":true,"href":"https:\/\/gazdasagportal.hu\/index.php\/wp-json\/wp\/v2\/comments?post=94376"}],"version-history":[{"count":1,"href":"https:\/\/gazdasagportal.hu\/index.php\/wp-json\/wp\/v2\/posts\/94376\/revisions"}],"predecessor-version":[{"id":94377,"href":"https:\/\/gazdasagportal.hu\/index.php\/wp-json\/wp\/v2\/posts\/94376\/revisions\/94377"}],"wp:attachment":[{"href":"https:\/\/gazdasagportal.hu\/index.php\/wp-json\/wp\/v2\/media?parent=94376"}],"wp:term":[{"taxonomy":"category","embeddable":true,"href":"https:\/\/gazdasagportal.hu\/index.php\/wp-json\/wp\/v2\/categories?post=94376"},{"taxonomy":"post_tag","embeddable":true,"href":"https:\/\/gazdasagportal.hu\/index.php\/wp-json\/wp\/v2\/tags?post=94376"}],"curies":[{"name":"wp","href":"https:\/\/api.w.org\/{rel}","templated":true}]}}