{"id":94372,"date":"2017-06-18T15:22:41","date_gmt":"2017-06-18T13:22:41","guid":{"rendered":"http:\/\/gazdasagportal.hu\/?p=94372"},"modified":"2017-06-18T10:12:24","modified_gmt":"2017-06-18T08:12:24","slug":"varga-mihaly-a-csaladok-megerositese-es-a-munkavallalok-segitese-a-legfontosabb","status":"publish","type":"post","link":"https:\/\/gazdasagportal.hu\/index.php\/varga-mihaly-a-csaladok-megerositese-es-a-munkavallalok-segitese-a-legfontosabb\/","title":{"rendered":"Varga Mih\u00e1ly: a csal\u00e1dok meger\u0151s\u00edt\u00e9se \u00e9s a munkav\u00e1llal\u00f3k seg\u00edt\u00e9se a legfontosabb"},"content":{"rendered":"<p><strong>A korm\u00e1ny sz\u00e1nd\u00e9ka v\u00e1ltozatlan, a csal\u00e1dok meger\u0151s\u00edt\u00e9se \u00e9s a munk\u00e1t v\u00e1llal\u00f3k seg\u00edt\u00e9se a legfontosabb eleme a j\u00f6v\u0151 \u00e9vi k\u00f6lts\u00e9gvet\u00e9snek &#8211; mondta Varga Mih\u00e1ly nemzetgazdas\u00e1gi miniszter a Kossuth R\u00e1di\u00f3 Vas\u00e1rnapi \u00dajs\u00e1g c\u00edm\u0171 m\u0171sor\u00e1ban.<\/strong><!--more--><\/p>\n<div class=\"ads-in-post1\"><div id=\"gazdasagportal.hu_fullbanner_wideboard\"><\/div>\r\n<\/div>\n<p>    A t\u00e1rcavezet\u0151 kiemelte, hogy a 2017 els\u0151 negyed\u00e9vi 4,2 sz\u00e1zal\u00e9kos gazdas\u00e1gi n\u00f6veked\u00e9s is alapot adott arra, hogy a 2018-as k\u00f6lts\u00e9gvet\u00e9s legfontosabb sz\u00e1mait \u00fagy tervezz\u00e9k, hogy eleget tudjanak tenni n\u00e9gy f\u0151 gazdas\u00e1gpolitikai ir\u00e1nynak, az ad\u00f3cs\u00f6kkent\u00e9snek, a b\u00e9remel\u00e9snek, a beruh\u00e1z\u00e1sok \u00e9s fejleszt\u00e9sek t\u00e1mogat\u00e1s\u00e1nak, valamint az \u00e1llamad\u00f3ss\u00e1g cs\u00f6kkent\u00e9s\u00e9nek.<br \/>\n    A nemzetgazdas\u00e1gi miniszter k\u00f6z\u00f6lte: a gazdas\u00e1gi n\u00f6veked\u00e9s t\u00f6bbletbev\u00e9telei fedezik a t\u00e1rsas\u00e1gi ad\u00f3kulcs \u00e9s a munk\u00e1t terhel\u0151 j\u00e1rul\u00e9kok cs\u00f6kkent\u00e9se miatti kies\u00e9st, \u00edgy tov\u00e1bbra is egyens\u00falyi lehet a k\u00f6lts\u00e9gvet\u00e9s. Hozz\u00e1tette: a parlament \u00fagy fogadta el a m\u00f3dos\u00edt\u00e1sokat, hogy a hi\u00e1ny m\u00e9rt\u00e9ke nem v\u00e1ltozott, j\u00f6v\u0151re 2,4 sz\u00e1zal\u00e9kos \u00e1llamh\u00e1ztart\u00e1si hi\u00e1nyt terveznek.<br \/>\n    Varga Mih\u00e1ly elmondta, arra t\u00f6rekedtek, hogy senkinek ne kelljen kevesebb\u0151l gazd\u00e1lkodnia j\u00f6v\u0151re, mint ebben az \u00e9vben.<br \/>\n    Oktat\u00e1sra 80 milli\u00e1rd forinttal, szoci\u00e1lis-csal\u00e1d\u00fcgyi t\u00e1mogat\u00e1sokra csaknem 200 milli\u00e1rd forinttal ford\u00edtanak t\u00f6bbet, a gazdas\u00e1gfejleszt\u00e9s pedig nagyobb ar\u00e1nyt k\u00e9pvisel ebben az uni\u00f3s ciklusban, mint kor\u00e1bban &#8211; sorolta.<br \/>\n    Hangs\u00falyozta, olyan v\u00e1ltoz\u00e1sokat fogadtak el, amelyek a munk\u00e1b\u00f3l \u00e9l\u0151ket seg\u00edtik. Kiemelte, hogy j\u00f6v\u0151re 17 500 forintra n\u0151 gyermekenk\u00e9nt az ad\u00f3kedvezm\u00e9ny a k\u00e9tgyermekes csal\u00e1dokn\u00e1l, ami 330 ezer csal\u00e1dot \u00e9rint. Az egyetemi tanulm\u00e1nyaik alatt v\u00e1llalkoz\u00f3k\u00e9nt munk\u00e1t v\u00e1llal\u00f3 fiatalok t\u00e9teles k\u00f6lts\u00e9geit 50 ezerr\u0151l 25 ezer forintra cs\u00f6kkentik.<br \/>\n    Varga Mih\u00e1ly kifejtette: arra kell t\u00f6rekedni, hogy tov\u00e1bbi lend\u00fcletet kapjon a gazdas\u00e1gi n\u00f6veked\u00e9s, t\u00f6bb munkahely legyen \u00e9s a demogr\u00e1fiai tendenci\u00e1k is v\u00e1ltozzanak. Felh\u00edvta a figyelmet a t\u00f6bbi k\u00f6z\u00f6tt arra, hogy egymilli\u00f3 forintot elengednek a jelz\u00e1loghitellel rendelkez\u0151 h\u00e1rom- \u00e9s t\u00f6bbgyermekes csal\u00e1dok tartoz\u00e1s\u00e1b\u00f3l, valamint h\u00e1rom vagy t\u00f6bb gyermek eset\u00e9n elengedik j\u00f6v\u0151re az any\u00e1k di\u00e1khitel-tartoz\u00e1s\u00e1t, k\u00e9t gyermek eset\u00e9n a tartoz\u00e1s 50 sz\u00e1zal\u00e9k\u00e1t.<br \/>\n    Jelezte, 205 milli\u00e1rd forint tartal\u00e9kkal terveznek, de b\u00edzik abban, hogy nem lesz olyan gond 2018-ban, ami miatt a tartal\u00e9kra sz\u00fcks\u00e9g lenne. Ha m\u00e9gis, akkor ennek az \u00f6sszegnek el\u00e9gnek kell lennie arra, hogy \u00e1t tudjanak csoportos\u00edtani &#8211; fogalmazott.<br \/>\n    Megjegyezte azt is, a gazdas\u00e1g szerepl\u0151i hozz\u00e1szoktak ahhoz, hogy m\u00e1r a ny\u00e1r elej\u00e9re kider\u00fclnek a legfontosabb sz\u00e1mok, az ad\u00f3m\u00e9rt\u00e9kek, a j\u00e1rul\u00e9krendszer v\u00e1ltoz\u00e1sai, a fejleszt\u00e9si, beruh\u00e1z\u00e1si t\u00e1mogat\u00e1sok. A nemzetgazdas\u00e1gi miniszter szerint ez is er\u0151s\u00edti a biztons\u00e1got, a stabilit\u00e1st; mindenki \u00e9rezheti, hogy kisz\u00e1m\u00edthat\u00f3 p\u00e1ly\u00e1n van a korm\u00e1ny, a gazdas\u00e1g, lehet el\u0151re tervezni.(MTI)<\/p>\n","protected":false},"excerpt":{"rendered":"<p>A korm\u00e1ny sz\u00e1nd\u00e9ka v\u00e1ltozatlan, a csal\u00e1dok meger\u0151s\u00edt\u00e9se \u00e9s a munk\u00e1t v\u00e1llal\u00f3k seg\u00edt\u00e9se a legfontosabb eleme a j\u00f6v\u0151 \u00e9vi k\u00f6lts\u00e9gvet\u00e9snek &#8211; mondta Varga Mih\u00e1ly nemzetgazdas\u00e1gi miniszter a Kossuth R\u00e1di\u00f3 Vas\u00e1rnapi \u00dajs\u00e1g c\u00edm\u0171 m\u0171sor\u00e1ban.<\/p>\n","protected":false},"author":1,"featured_media":0,"comment_status":"closed","ping_status":"open","sticky":false,"template":"","format":"standard","meta":[],"categories":[19],"tags":[],"_links":{"self":[{"href":"https:\/\/gazdasagportal.hu\/index.php\/wp-json\/wp\/v2\/posts\/94372"}],"collection":[{"href":"https:\/\/gazdasagportal.hu\/index.php\/wp-json\/wp\/v2\/posts"}],"about":[{"href":"https:\/\/gazdasagportal.hu\/index.php\/wp-json\/wp\/v2\/types\/post"}],"author":[{"embeddable":true,"href":"https:\/\/gazdasagportal.hu\/index.php\/wp-json\/wp\/v2\/users\/1"}],"replies":[{"embeddable":true,"href":"https:\/\/gazdasagportal.hu\/index.php\/wp-json\/wp\/v2\/comments?post=94372"}],"version-history":[{"count":1,"href":"https:\/\/gazdasagportal.hu\/index.php\/wp-json\/wp\/v2\/posts\/94372\/revisions"}],"predecessor-version":[{"id":94373,"href":"https:\/\/gazdasagportal.hu\/index.php\/wp-json\/wp\/v2\/posts\/94372\/revisions\/94373"}],"wp:attachment":[{"href":"https:\/\/gazdasagportal.hu\/index.php\/wp-json\/wp\/v2\/media?parent=94372"}],"wp:term":[{"taxonomy":"category","embeddable":true,"href":"https:\/\/gazdasagportal.hu\/index.php\/wp-json\/wp\/v2\/categories?post=94372"},{"taxonomy":"post_tag","embeddable":true,"href":"https:\/\/gazdasagportal.hu\/index.php\/wp-json\/wp\/v2\/tags?post=94372"}],"curies":[{"name":"wp","href":"https:\/\/api.w.org\/{rel}","templated":true}]}}