{"id":94368,"date":"2017-06-18T13:56:18","date_gmt":"2017-06-18T11:56:18","guid":{"rendered":"http:\/\/gazdasagportal.hu\/?p=94368"},"modified":"2017-06-18T10:12:06","modified_gmt":"2017-06-18T08:12:06","slug":"heti-makronaptar-kamatdontes-es-allamhaztartasi-adatok-varhatok-a-jovo-heten","status":"publish","type":"post","link":"https:\/\/gazdasagportal.hu\/index.php\/heti-makronaptar-kamatdontes-es-allamhaztartasi-adatok-varhatok-a-jovo-heten\/","title":{"rendered":"Heti makronapt\u00e1r &#8211; Kamatd\u00f6nt\u00e9s \u00e9s \u00e1llamh\u00e1ztart\u00e1si adatok v\u00e1rhat\u00f3k a j\u00f6v\u0151 h\u00e9ten"},"content":{"rendered":"<p><strong>B\u00e1r elemz\u0151k nem v\u00e1rnak v\u00e1ltoz\u00e1st, a jegybank monet\u00e1ris tan\u00e1cs\u00e1nak keddi kamatd\u00f6nt\u0151 \u00fcl\u00e9se lesz a k\u00f6vetkez\u0151 h\u00e9t fontos esem\u00e9nye, illetve a Nemzetgazdas\u00e1gi Miniszt\u00e9rium (NGM) t\u00e1j\u00e9koztat az \u00e1llamh\u00e1ztart\u00e1s m\u00e1jus v\u00e9gi helyzet\u00e9r\u0151l, emellett kereseti \u00e9s kiskereskedelmi statisztika is megjelenik.<\/strong><!--more--><\/p>\n<div class=\"ads-in-post1\"><div id=\"gazdasagportal.hu_fullbanner_wideboard\"><\/div>\r\n<\/div>\n<p>    Kedden tartja j\u00faniusi kamatd\u00f6nt\u0151 \u00fcl\u00e9s\u00e9t a Magyar Nemzeti Bank Monet\u00e1ris Tan\u00e1csa. M\u00e1jusban, az elemz\u0151i v\u00e1rakoz\u00e1soknak megfelel\u0151en, nem v\u00e1ltoztatott a jegybanki alapkamaton a test\u00fclet, az ir\u00e1nyad\u00f3 r\u00e1ta v\u00e1ltozatlanul 0,90 sz\u00e1zal\u00e9k. Elemz\u0151k arra sz\u00e1m\u00edtanak, hogy a test\u00fclet most is v\u00e1ltozatlanul hagyja a tavaly m\u00e1jus \u00f3ta 0,90 sz\u00e1zal\u00e9kon l\u00e9v\u0151 alapkamatot.<br \/>\n    Szerd\u00e1n teszi k\u00f6zz\u00e9 a K\u00f6zponti Statisztikai Hivatal (KSH) a keresetek janu\u00e1r-\u00e1prilisi, illetve \u00e1prilisi alakul\u00e1s\u00e1t. A m\u00e1rciusi \u00e1tlagkereset 12,8 sz\u00e1zal\u00e9kkal volt magasabb az egy \u00e9vvel kor\u00e1bbin\u00e1l, k\u00f6zfoglalkoztatottak n\u00e9lk\u00fcl sz\u00e1molva 12,2 sz\u00e1zal\u00e9kos volt a n\u00f6veked\u00e9s. Az els\u0151 negyed\u00e9vben 11,0 sz\u00e1zal\u00e9kkal emelkedtek a brutt\u00f3 b\u00e9rek, a k\u00f6zfoglalkoztatottak n\u00e9lk\u00fcl 10,7 sz\u00e1zal\u00e9kos n\u00f6veked\u00e9st m\u00e9rt a KSH.<br \/>\n    Szerd\u00e1n publik\u00e1lja a Nemzetgazdas\u00e1gi Miniszt\u00e9rium (NGM) r\u00e9szletes adatait az \u00e1llamh\u00e1ztart\u00e1s k\u00f6zponti alrendszer\u00e9nek m\u00e1jus v\u00e9gi helyzet\u00e9r\u0151l. A gyorst\u00e1j\u00e9koztat\u00f3 szerint az \u00e1llamh\u00e1ztart\u00e1s k\u00f6zponti alrendszer\u00e9nek m\u00e1jusi hi\u00e1nya 91,9 milli\u00e1rd forintot, az els\u0151 \u00f6t havi hi\u00e1nya 213,4 milli\u00e1rd forintot tett ki. Tavaly az els\u0151 \u00f6t h\u00f3napban az \u00e1llamh\u00e1ztart\u00e1s k\u00f6zponti alrendszere 13,2 milli\u00e1rd forint hi\u00e1nyt mutatott.<br \/>\n    P\u00e9nteken a kiskereskedelmi forgalom \u00e1prilisi alakul\u00e1s\u00e1nak m\u00e1sodik becsl\u00e9s\u00e9t k\u00f6zli a KSH. Az els\u0151 becsl\u00e9s szerint \u00e1prilisban a kiskereskedelmi \u00fczletek forgalm\u00e1nak volumene a nyers adat szerint 3,5 sz\u00e1zal\u00e9kkal, napt\u00e1rhat\u00e1st\u00f3l megtiszt\u00edtva &#8211; f\u0151k\u00e9nt a h\u00fasv\u00e9that\u00e1s miatt &#8211; 2,0 sz\u00e1zal\u00e9kkal n\u0151tt. M\u00e1rciusban a nyers adat szerint 3,3, napt\u00e1rhat\u00e1st\u00f3l megtiszt\u00edtva 5,4 sz\u00e1zal\u00e9kos volt a forgalom \u00e9ves \u00f6sszevet\u00e9s\u0171 n\u00f6veked\u00e9si \u00fcteme a febru\u00e1ri 1,0 sz\u00e1zal\u00e9kosn\u00e1l szer\u00e9nyebb emelked\u00e9s ut\u00e1n. Az \u00e9v els\u0151 n\u00e9gy h\u00f3napj\u00e1ban a forgalom volumene &#8211; szint\u00e9n napt\u00e1rhat\u00e1st\u00f3l megtiszt\u00edtott adatok szerint &#8211; 3,0 sz\u00e1zal\u00e9kkal haladta meg az el\u0151z\u0151 \u00e9v azonos id\u0151szak\u00e1\u00e9t.(MTI)<\/p>\n","protected":false},"excerpt":{"rendered":"<p>B\u00e1r elemz\u0151k nem v\u00e1rnak v\u00e1ltoz\u00e1st, a jegybank monet\u00e1ris tan\u00e1cs\u00e1nak keddi kamatd\u00f6nt\u0151 \u00fcl\u00e9se lesz a k\u00f6vetkez\u0151 h\u00e9t fontos esem\u00e9nye, illetve a Nemzetgazdas\u00e1gi Miniszt\u00e9rium (NGM) t\u00e1j\u00e9koztat az \u00e1llamh\u00e1ztart\u00e1s m\u00e1jus v\u00e9gi helyzet\u00e9r\u0151l, emellett kereseti \u00e9s kiskereskedelmi statisztika is megjelenik.<\/p>\n","protected":false},"author":1,"featured_media":0,"comment_status":"closed","ping_status":"open","sticky":false,"template":"","format":"standard","meta":[],"categories":[19],"tags":[],"_links":{"self":[{"href":"https:\/\/gazdasagportal.hu\/index.php\/wp-json\/wp\/v2\/posts\/94368"}],"collection":[{"href":"https:\/\/gazdasagportal.hu\/index.php\/wp-json\/wp\/v2\/posts"}],"about":[{"href":"https:\/\/gazdasagportal.hu\/index.php\/wp-json\/wp\/v2\/types\/post"}],"author":[{"embeddable":true,"href":"https:\/\/gazdasagportal.hu\/index.php\/wp-json\/wp\/v2\/users\/1"}],"replies":[{"embeddable":true,"href":"https:\/\/gazdasagportal.hu\/index.php\/wp-json\/wp\/v2\/comments?post=94368"}],"version-history":[{"count":1,"href":"https:\/\/gazdasagportal.hu\/index.php\/wp-json\/wp\/v2\/posts\/94368\/revisions"}],"predecessor-version":[{"id":94369,"href":"https:\/\/gazdasagportal.hu\/index.php\/wp-json\/wp\/v2\/posts\/94368\/revisions\/94369"}],"wp:attachment":[{"href":"https:\/\/gazdasagportal.hu\/index.php\/wp-json\/wp\/v2\/media?parent=94368"}],"wp:term":[{"taxonomy":"category","embeddable":true,"href":"https:\/\/gazdasagportal.hu\/index.php\/wp-json\/wp\/v2\/categories?post=94368"},{"taxonomy":"post_tag","embeddable":true,"href":"https:\/\/gazdasagportal.hu\/index.php\/wp-json\/wp\/v2\/tags?post=94368"}],"curies":[{"name":"wp","href":"https:\/\/api.w.org\/{rel}","templated":true}]}}