{"id":94262,"date":"2017-06-16T09:41:12","date_gmt":"2017-06-16T07:41:12","guid":{"rendered":"http:\/\/gazdasagportal.hu\/?p=94262"},"modified":"2017-06-16T09:45:12","modified_gmt":"2017-06-16T07:45:12","slug":"orbansenki-sem-kotelezheti-magyarorszagot-a-bevandorlassal-kapcsolatos-allaspontja-feladasara","status":"publish","type":"post","link":"https:\/\/gazdasagportal.hu\/index.php\/orbansenki-sem-kotelezheti-magyarorszagot-a-bevandorlassal-kapcsolatos-allaspontja-feladasara\/","title":{"rendered":"Orb\u00e1n: Senki sem k\u00f6telezheti Magyarorsz\u00e1got a bev\u00e1ndorl\u00e1ssal kapcsolatos \u00e1ll\u00e1spontja felad\u00e1s\u00e1ra"},"content":{"rendered":"<p><strong>Senki sem k\u00f6telezheti Magyarorsz\u00e1got a bev\u00e1ndorl\u00e1ssal kapcsolatos \u00e1ll\u00e1spontja felad\u00e1s\u00e1ra, a magyarok ugyanis vil\u00e1goss\u00e1 tett\u00e9k: nem akarnak illeg\u00e1lis bev\u00e1ndorl\u00f3kat l\u00e1tni &#8211; mondta Orb\u00e1n Viktor minisztereln\u00f6k p\u00e9nteken a Kossuth r\u00e1di\u00f3 180 perc c\u00edm\u0171 m\u0171sor\u00e1ban a kv\u00f3ta\u00fcgyben Magyarorsz\u00e1ggal szemben ind\u00edtott k\u00f6telezetts\u00e9gszeg\u00e9si elj\u00e1r\u00e1sr\u00f3l.<\/strong><!--more--><\/p>\n<div class=\"ads-in-post1\"><div id=\"gazdasagportal.hu_fullbanner_wideboard\"><\/div>\r\n<\/div>\n<p>    A korm\u00e1nyf\u0151 \u00fagy fogalmazott: egy korm\u00e1nyt m\u00e9g &#8222;csak-csak nyakon lehet ragadni, be lehet szor\u00edtani egy sarokba, meg lehet gyomrozni&#8221;, de egy n\u00e9ppel ezt nem lehet megtenni. Szerinte ugyanis a legut\u00f3bbi nemzeti konzult\u00e1ci\u00f3 rekordmagas r\u00e9szv\u00e9teli ar\u00e1nya azt jelenti: egy eg\u00e9sz n\u00e9p keresi a m\u00f3dj\u00e1t annak, hogyan tarthat ki \u00e1ll\u00e1spontja mellett, azaz hogy &#8222;nem akar beengedni ide t\u0151l\u00fcnk k\u00fcl\u00f6nb\u00f6z\u0151 kult\u00far\u00e1j\u00fa, civiliz\u00e1ci\u00f3j\u00fa embereket&#8221;.<br \/>\n    A Magyarorsz\u00e1ggal szemben kritikus n\u00e9met v\u00e9lem\u00e9nyeket komment\u00e1lva Orb\u00e1n Viktor arra k\u00e9rte a n\u00e9met politikusokat, &#8222;hagyjanak benn\u00fcnket b\u00e9k\u00e9n, ne vonjanak bele benn\u00fcnket az \u0151 v\u00e1laszt\u00e1si kamp\u00e1nyukba&#8221;. Magyarorsz\u00e1g mindig megadta a tiszteletet a n\u00e9meteknek, &#8222;elv\u00e1rjuk, hogy \u0151k is megadj\u00e1k nek\u00fcnk&#8221; &#8211; tette hozz\u00e1.<br \/>\n    Orb\u00e1n Viktor meger\u0151s\u00edtette h\u00e9tf\u0151i parlamenti szavait, miszerint &#8222;mi magyar Magyarorsz\u00e1got akarunk \u00e9s eur\u00f3pai Eur\u00f3p\u00e1t&#8221;. Ez azt jelenti &#8211; magyar\u00e1zta -, hogy &#8222;nem akarunk r\u00e9szt venni olyan k\u00eds\u00e9rletekben, amelyek \u00e1talak\u00edtj\u00e1k ak\u00e1r Magyarorsz\u00e1got, ak\u00e1r (&#8230;) Eur\u00f3p\u00e1t&#8221;, amelyek a kontinensen f\u00e9lretolj\u00e1k az eur\u00f3pai kultur\u00e1lis hagyom\u00e1nyokat, \u00e9s helyette \u00f6sszevegy\u00edtenek m\u00e1s kult\u00far\u00e1t, m\u00e1s vall\u00e1st, m\u00e1s vil\u00e1gn\u00e9zetet, \u00e9s t\u00f6megesen engednek be ellen\u0151rizetlen\u00fcl idegeneket. Ha a n\u00e9metek, franci\u00e1k, olaszok ilyen k\u00eds\u00e9rleteknek akarj\u00e1k kitenni magukat, ennek jog\u00e1t nem lehet eltagadni, de &#8222;azt k\u00e9rj\u00fck t\u0151l\u00fck, \u0151k ne k\u00e9nyszer\u00edtsenek benn\u00fcnket&#8221; arra, hogy ezekben r\u00e9szt vegy\u00fcnk.(MTI)<\/p>\n","protected":false},"excerpt":{"rendered":"<p>Senki sem k\u00f6telezheti Magyarorsz\u00e1got a bev\u00e1ndorl\u00e1ssal kapcsolatos \u00e1ll\u00e1spontja felad\u00e1s\u00e1ra, a magyarok ugyanis vil\u00e1goss\u00e1 tett\u00e9k: nem akarnak illeg\u00e1lis bev\u00e1ndorl\u00f3kat l\u00e1tni &#8211; mondta Orb\u00e1n Viktor minisztereln\u00f6k p\u00e9nteken a Kossuth r\u00e1di\u00f3 180 perc c\u00edm\u0171 m\u0171sor\u00e1ban a kv\u00f3ta\u00fcgyben Magyarorsz\u00e1ggal szemben ind\u00edtott k\u00f6telezetts\u00e9gszeg\u00e9si elj\u00e1r\u00e1sr\u00f3l.<\/p>\n","protected":false},"author":1,"featured_media":0,"comment_status":"closed","ping_status":"open","sticky":false,"template":"","format":"standard","meta":[],"categories":[4,18],"tags":[],"_links":{"self":[{"href":"https:\/\/gazdasagportal.hu\/index.php\/wp-json\/wp\/v2\/posts\/94262"}],"collection":[{"href":"https:\/\/gazdasagportal.hu\/index.php\/wp-json\/wp\/v2\/posts"}],"about":[{"href":"https:\/\/gazdasagportal.hu\/index.php\/wp-json\/wp\/v2\/types\/post"}],"author":[{"embeddable":true,"href":"https:\/\/gazdasagportal.hu\/index.php\/wp-json\/wp\/v2\/users\/1"}],"replies":[{"embeddable":true,"href":"https:\/\/gazdasagportal.hu\/index.php\/wp-json\/wp\/v2\/comments?post=94262"}],"version-history":[{"count":2,"href":"https:\/\/gazdasagportal.hu\/index.php\/wp-json\/wp\/v2\/posts\/94262\/revisions"}],"predecessor-version":[{"id":94265,"href":"https:\/\/gazdasagportal.hu\/index.php\/wp-json\/wp\/v2\/posts\/94262\/revisions\/94265"}],"wp:attachment":[{"href":"https:\/\/gazdasagportal.hu\/index.php\/wp-json\/wp\/v2\/media?parent=94262"}],"wp:term":[{"taxonomy":"category","embeddable":true,"href":"https:\/\/gazdasagportal.hu\/index.php\/wp-json\/wp\/v2\/categories?post=94262"},{"taxonomy":"post_tag","embeddable":true,"href":"https:\/\/gazdasagportal.hu\/index.php\/wp-json\/wp\/v2\/tags?post=94262"}],"curies":[{"name":"wp","href":"https:\/\/api.w.org\/{rel}","templated":true}]}}