{"id":94252,"date":"2017-06-16T08:19:06","date_gmt":"2017-06-16T06:19:06","guid":{"rendered":"http:\/\/gazdasagportal.hu\/?p=94252"},"modified":"2017-06-16T07:19:46","modified_gmt":"2017-06-16T05:19:46","slug":"a-jovedeki-adobevallashoz-is-keszit-tervezetet-a-nav-2018-tol","status":"publish","type":"post","link":"https:\/\/gazdasagportal.hu\/index.php\/a-jovedeki-adobevallashoz-is-keszit-tervezetet-a-nav-2018-tol\/","title":{"rendered":"A j\u00f6ved\u00e9ki ad\u00f3bevall\u00e1shoz is k\u00e9sz\u00edt tervezetet a NAV 2018-t\u00f3l"},"content":{"rendered":"<p><strong>A szem\u00e9lyi j\u00f6vedelemad\u00f3hoz hasonl\u00f3an a j\u00f6ved\u00e9ki ad\u00f3bevall\u00e1s tervezet\u00e9t is a Nemzeti Ad\u00f3- \u00e9s V\u00e1mhivatal (NAV) k\u00e9sz\u00edti el 2018-t\u00f3l, miut\u00e1n j\u00falius elsej\u00e9n hat\u00e1lyba l\u00e9p az \u00faj j\u00f6ved\u00e9kiad\u00f3-t\u00f6rv\u00e9ny &#8211; mondta T\u00e1llai Andr\u00e1s, a Nemzetgazdas\u00e1gi Miniszt\u00e9rium (NGM) parlamenti \u00e9s ad\u00f3\u00fcgyek\u00e9rt felel\u0151s \u00e1llamtitk\u00e1ra az MTI-nek.<\/strong><!--more--><\/p>\n<div class=\"ads-in-post1\"><div id=\"gazdasagportal.hu_fullbanner_wideboard\"><\/div>\r\n<\/div>\n<p>    J\u00falius 1-j\u00e9n vezetik be az elektroniz\u00e1lt j\u00f6ved\u00e9ki rendszert, amely p\u00e9lda\u00e9rt\u00e9k\u0171 lehet Eur\u00f3p\u00e1ban &#8211; emelte ki T\u00e1llai Andr\u00e1s.     A sz\u00e1m\u00edt\u00e1sok szerint a t\u00f6bb mint 17 ezer \u00e9rintett v\u00e1llalkoz\u00e1s a j\u00f6ved\u00e9ki \u00fcgyeit a lehet\u0151 legegyszer\u0171bben, elektronikusan int\u00e9zheti. Megsz\u0171nik a pap\u00edr alap\u00fa nyilv\u00e1ntart\u00e1s-vezet\u00e9s \u00e9s adatszolg\u00e1ltat\u00e1s, minden inform\u00e1ci\u00f3 elektronikusan jut el a v\u00e1mhivatalhoz &#8211; h\u00edvta fel a figyelmet.<br \/>\n    A mag\u00e1nszem\u00e9lyek a p\u00e1linkaf\u0151z\u00e9si bejelent\u00e9st, valamint a p\u00e1rlat-ad\u00f3jegy ig\u00e9nyl\u00e9st pap\u00edr alapon is megtehetik &#8211; tette hozz\u00e1.<br \/>\n    A j\u00f6ved\u00e9ki ad\u00f3bevall\u00e1shoz rendelkez\u00e9s\u00e9re \u00e1ll\u00f3 adatr\u00f3l a NAV legk\u00e9s\u0151bb a bevall\u00e1s beny\u00fajt\u00e1si hat\u00e1rideje el\u0151tt 10 nappal t\u00e1j\u00e9koztatja a v\u00e1llalkoz\u00f3t, akinek \u00edgy elegend\u0151 ideje lesz a bevall\u00e1sa esetleges kieg\u00e9sz\u00edt\u00e9s\u00e9re is &#8211; ismertette az \u00e1llamtitk\u00e1r.<br \/>\n    T\u00e1llai Andr\u00e1s hangs\u00falyozta, hogy az \u00faj j\u00f6ved\u00e9ki t\u00f6rv\u00e9ny k\u00f6z\u00e9ppontj\u00e1ban a v\u00e1llalkoz\u00f3bar\u00e1t szeml\u00e9let \u00e1ll. A j\u00f6ved\u00e9ki t\u00f6rv\u00e9ny sz\u00f6vege a fel\u00e9re cs\u00f6kken, a kor\u00e1bbi 150 oldal helyett az \u00faj t\u00f6rv\u00e9ny 65 oldalb\u00f3l \u00e1ll &#8211; emelte ki.<br \/>\n    A bor\u00e1szatoknak is jelent\u0151s k\u00f6nny\u00edt\u00e9st hoz az \u00faj szab\u00e1lyoz\u00e1s, j\u00falius 1-j\u00e9t\u0151l d\u00f6nt\u0151 t\u00f6bbs\u00e9g\u00fcknek lehet\u0151s\u00e9ge lesz kis\u00fczemi bortermel\u0151v\u00e9 v\u00e1lni, \u00edgy mentes\u00fclhetnek szinte minden adminisztr\u00e1ci\u00f3s k\u00f6telezetts\u00e9gt\u0151l.<br \/>\n    Az \u00e1llamtitk\u00e1r elmondta azt is, jelenleg 47 f\u00e9le ad\u00f3rakt\u00e1r van, minden egyes t\u00edpushoz elt\u00e9r\u0151 biztos\u00edt\u00e9k\u00f6sszeg \u00e9s t\u00e1rol\u00f3kapacit\u00e1s tartozik. J\u00falius 1-j\u00e9t\u0151l m\u00e1r csak egyf\u00e9le ad\u00f3rakt\u00e1r lesz, amelyben a v\u00e1llalkoz\u00f3k az ad\u00f3hivatalnak bejelentett tev\u00e9kenys\u00e9get v\u00e9gezhetik. J\u00f6ved\u00e9ki term\u00e9k azonban tov\u00e1bbra is ad\u00f3rakt\u00e1rban \u00e1ll\u00edthat\u00f3 el\u0151 \u00e9s t\u00e1rolhat\u00f3 az ad\u00f3fizet\u00e9sig &#8211; tette hozz\u00e1.<br \/>\n    A v\u00e1llalkoz\u00f3k partnerk\u00e9nt kezel\u00e9s\u00e9t az \u00fcgyf\u00e9lbar\u00e1t NAV mellett az a garanci\u00e1lis szab\u00e1ly is biztos\u00edtja, amely szerint a gazd\u00e1lkod\u00f3k sz\u00e1m\u00e1ra terhesebb folyamatos p\u00e9nz\u00fcgy\u0151ri jelenl\u00e9tet vagy egy\u00e9b t\u00f6bblet-k\u00f6telezetts\u00e9get csak hat\u00e1rozattal lehet korl\u00e1tozott ideig elrendelni, ezzel megny\u00edlik a gazd\u00e1lkod\u00f3k jogorvoslati lehet\u0151s\u00e9ge. A szigor\u00fa szankci\u00f3k al\u00f3l pedig mentes\u00fclhetnek a v\u00e1llalkoz\u00f3k, ha bizony\u00edtj\u00e1k, hogy az adott helyzetben elv\u00e1rhat\u00f3 k\u00f6r\u00fcltekint\u00e9ssel j\u00e1rtak el &#8211; t\u00e9rt ki az elj\u00e1r\u00e1si szab\u00e1lyokra T\u00e1llai Andr\u00e1s.(MTI)<\/p>\n","protected":false},"excerpt":{"rendered":"<p>A szem\u00e9lyi j\u00f6vedelemad\u00f3hoz hasonl\u00f3an a j\u00f6ved\u00e9ki ad\u00f3bevall\u00e1s tervezet\u00e9t is a Nemzeti Ad\u00f3- \u00e9s V\u00e1mhivatal (NAV) k\u00e9sz\u00edti el 2018-t\u00f3l, miut\u00e1n j\u00falius elsej\u00e9n hat\u00e1lyba l\u00e9p az \u00faj j\u00f6ved\u00e9kiad\u00f3-t\u00f6rv\u00e9ny &#8211; mondta T\u00e1llai Andr\u00e1s, a Nemzetgazdas\u00e1gi Miniszt\u00e9rium (NGM) parlamenti \u00e9s ad\u00f3\u00fcgyek\u00e9rt felel\u0151s \u00e1llamtitk\u00e1ra az MTI-nek.<\/p>\n","protected":false},"author":1,"featured_media":0,"comment_status":"closed","ping_status":"open","sticky":false,"template":"","format":"standard","meta":[],"categories":[20,19],"tags":[],"_links":{"self":[{"href":"https:\/\/gazdasagportal.hu\/index.php\/wp-json\/wp\/v2\/posts\/94252"}],"collection":[{"href":"https:\/\/gazdasagportal.hu\/index.php\/wp-json\/wp\/v2\/posts"}],"about":[{"href":"https:\/\/gazdasagportal.hu\/index.php\/wp-json\/wp\/v2\/types\/post"}],"author":[{"embeddable":true,"href":"https:\/\/gazdasagportal.hu\/index.php\/wp-json\/wp\/v2\/users\/1"}],"replies":[{"embeddable":true,"href":"https:\/\/gazdasagportal.hu\/index.php\/wp-json\/wp\/v2\/comments?post=94252"}],"version-history":[{"count":1,"href":"https:\/\/gazdasagportal.hu\/index.php\/wp-json\/wp\/v2\/posts\/94252\/revisions"}],"predecessor-version":[{"id":94253,"href":"https:\/\/gazdasagportal.hu\/index.php\/wp-json\/wp\/v2\/posts\/94252\/revisions\/94253"}],"wp:attachment":[{"href":"https:\/\/gazdasagportal.hu\/index.php\/wp-json\/wp\/v2\/media?parent=94252"}],"wp:term":[{"taxonomy":"category","embeddable":true,"href":"https:\/\/gazdasagportal.hu\/index.php\/wp-json\/wp\/v2\/categories?post=94252"},{"taxonomy":"post_tag","embeddable":true,"href":"https:\/\/gazdasagportal.hu\/index.php\/wp-json\/wp\/v2\/tags?post=94252"}],"curies":[{"name":"wp","href":"https:\/\/api.w.org\/{rel}","templated":true}]}}