{"id":94246,"date":"2017-06-16T04:44:14","date_gmt":"2017-06-16T02:44:14","guid":{"rendered":"http:\/\/gazdasagportal.hu\/?p=94246"},"modified":"2017-06-15T22:06:46","modified_gmt":"2017-06-15T20:06:46","slug":"storck-marad-a-labdarugo-valogatott-szovetsegi-kapitanya","status":"publish","type":"post","link":"https:\/\/gazdasagportal.hu\/index.php\/storck-marad-a-labdarugo-valogatott-szovetsegi-kapitanya\/","title":{"rendered":"Storck marad a labdar\u00fag\u00f3-v\u00e1logatott sz\u00f6vets\u00e9gi kapit\u00e1nya"},"content":{"rendered":"<p><strong>Bernd Storck marad a magyar labdar\u00fag\u00f3-v\u00e1logatott sz\u00f6vets\u00e9gi kapit\u00e1nya a magyar sz\u00f6vets\u00e9g (MLSZ) eln\u00f6ks\u00e9gi \u00fcl\u00e9s\u00e9nek cs\u00fct\u00f6rt\u00f6ki d\u00f6nt\u00e9se nyom\u00e1n.<\/strong><!--more--><\/p>\n<div class=\"ads-in-post1\"><div id=\"gazdasagportal.hu_fullbanner_wideboard\"><\/div>\r\n<\/div>\n<p>    &#8222;Az eln\u00f6ks\u00e9g \u00fagy d\u00f6nt\u00f6tt, ad egy m\u00e1sodik es\u00e9lyt Storcknak&#8221; &#8211; jelentette ki az M4 Sportnak adott exkluz\u00edv interj\u00faban Cs\u00e1nyi S\u00e1ndor MLSZ-eln\u00f6k, aki megjegyezte, a n\u00e9met szakember felaj\u00e1nlotta lemond\u00e1s\u00e1t az andorrai veres\u00e9get k\u00f6vet\u0151en, de \u0151 azt k\u00e9rte akkor a tr\u00e9nert\u0151l, ezt kifel\u00e9 ne kommunik\u00e1lja, ez\u00e1ltal adjon szabad kezet az eln\u00f6ks\u00e9gnek, hogy az a felaj\u00e1nl\u00e1sa n\u00e9lk\u00fcl d\u00f6nthessen.<br \/>\n    A sportvezet\u0151 kiemelte, az 54 \u00e9ves szakvezet\u0151 nemcsak sz\u00f6vets\u00e9gi kapit\u00e1nyi tiszts\u00e9g\u00e9t, hanem sportigazgat\u00f3i poz\u00edci\u00f3j\u00e1t is megtarthatja, ugyanis az ut\u00e1np\u00f3tl\u00e1s-v\u00e1logatottak k\u00f6z\u00fcl az U17-es csapat hossz\u00fa id\u0151 ut\u00e1n szerepelhetett Eur\u00f3pa-bajnoks\u00e1gon, m\u00edg az U19-es \u00e9ppen csak lemaradt r\u00f3la.<br \/>\n    &#8222;A tavalyi feln\u0151tt Eur\u00f3pa-bajnoks\u00e1gon j\u00f3 m\u00e9rk\u0151z\u00e9seket j\u00e1tszottunk, igazoltuk, hogy nem v\u00e9letlen\u00fcl voltunk ott a kontinenstorn\u00e1n&#8221; &#8211; mondta Cs\u00e1nyi S\u00e1ndor, egy\u00fattal eml\u00e9kezetett: Storcknak nagy szerepe volt abban, hogy a 2013 okt\u00f3ber\u00e9ben elszenvedett hollandiai 8-1-es veres\u00e9g ut\u00e1n talpra \u00e1llt a magyar v\u00e1logatott. Azt a rem\u00e9ny\u00e9t fejezte ki, hogy most is ezt l\u00e1tj\u00e1k majd.<br \/>\n    K\u00f6z\u00f6lte: mindezek ellen\u00e9re neh\u00e9z d\u00f6nt\u00e9st kellett meghoznia az eln\u00f6ks\u00e9gnek, amely k\u00e9t szempont szerint m\u00e9rlegelt: egyfel\u0151l a m\u00faltb\u00e9li teljes\u00edtm\u00e9nyt vizsg\u00e1lta, m\u00e1sfel\u0151l azt, hogy mit v\u00e1rhat a k\u00f6vetkez\u0151 h\u00f3napokban.<br \/>\n    Kifejtette, a rendk\u00edv\u00fcl k\u00ednos andorrai veres\u00e9gben sok olyan t\u00e9nyez\u0151 is szerepet j\u00e1tszott, amelyr\u0151l a sajt\u00f3 nem \u00edrt, \u00edgy p\u00e9ld\u00e1ul hogy t\u00edz stabil kerettag s\u00e9r\u00fclt volt a m\u00falt p\u00e9nteki vb-selejtez\u0151 el\u0151tt. V\u00e9lem\u00e9nye szerint r\u00e9szben ennek volt k\u00f6sz\u00f6nhet\u0151, hogy tal\u00e1n t\u00fal sok fiatalt h\u00edvott be egyszerre Storck, ez\u00e1ltal hi\u00e1nyzott a kell\u0151 fokozatoss\u00e1g.<br \/>\n    &#8222;K\u00e9nyszerhelyzetben volt a kapit\u00e1ny, m\u00e9g ha lehettek is v\u00e1logat\u00e1si hib\u00e1k. A j\u00e1t\u00e9koskerettel kapcsolatban nem felt\u00e9tlen\u00fcl \u00e9rtett\u00fcnk vele egyet minden esetben&#8221; &#8211; mondta Cs\u00e1nyi.<br \/>\n    Az eln\u00f6k kiemelte, a szurkol\u00f3kat sajn\u00e1lta legjobban, ez\u00e9rt meg\u00e9rti azokat a drukkereket, akikn\u00e9l az andorrai veres\u00e9g l\u00e1tt\u00e1n &#8222;elszakadt a c\u00e9rna&#8221;.<br \/>\n    &#8222;K\u00e1rp\u00f3tolni fogjuk \u0151ket, a k\u00f6vetkez\u0151 h\u00e1rom hazai vb-selejtez\u0151re egys\u00e9gesen 1000 forintba fognak ker\u00fclni a bel\u00e9p\u0151jegyek. Akinek pedig b\u00e9rlete van, annak visszat\u00e9r\u00edtj\u00fck a k\u00fcl\u00f6nb\u00f6zetet&#8221; &#8211; jelentette be Cs\u00e1nyi S\u00e1ndor, aki abban rem\u00e9nykedik, hogy a szurkol\u00f3k nem fordulnak el a csapatt\u00f3l, visszat\u00e9rnek a lel\u00e1t\u00f3kra, mert t\u00e1mogat\u00e1suk n\u00e9lk\u00fcl nem lehet sikeres a magyar v\u00e1logatott.<br \/>\n    &#8222;Tudom, hogy ezzel nem k\u00f6sz\u00f6r\u00fclj\u00fck ki a csorb\u00e1t, de tesz\u00fcnk egy gesztust az ir\u00e1nyukba&#8221; &#8211; mondta.<br \/>\n    A j\u00f6v\u0151re vonatkoz\u00f3 k\u00e9rd\u00e9sre azt v\u00e1laszolta, szeretn\u00e9, ha a kapit\u00e1ny m\u00e9g intenz\u00edvebb kommunik\u00e1ci\u00f3t folytatna a magyar csapatokkal, \u00e9s m\u00e9g ink\u00e1bb figyelembe venn\u00e9 edz\u0151koll\u00e9g\u00e1i v\u00e9lem\u00e9ny\u00e9t.<br \/>\n    Cs\u00e1nyi S\u00e1ndor arr\u00f3l is besz\u00e9lt, hogy b\u00e1r &#8222;cs\u00fanya&#8221; volt az andorrai m\u00e9rk\u0151z\u00e9s, re\u00e1lisan n\u00e9zve m\u00e1r azt megel\u0151z\u0151en sem volt sok es\u00e9ly kijutni a j\u00f6v\u0151 \u00e9vi oroszorsz\u00e1gi vil\u00e1gbajnoks\u00e1gra, \u00edgy nem nevezn\u00e9 sorsd\u00f6nt\u0151nek az \u00f6sszecsap\u00e1st.<br \/>\n    A k\u00f6vetkez\u0151 m\u00e9rk\u0151z\u00e9seken szeretne el\u0151rel\u00e9p\u00e9st l\u00e1tni a csapat\u00e9p\u00edt\u00e9sben, mert a legfontosabb, hogy a magyar egy\u00fcttes kijusson a 2020-ban t\u00f6bbek k\u00f6z\u00f6tt Budapesten megrendez\u00e9sre ker\u00fcl\u0151 Eur\u00f3pa-bajnoks\u00e1gra.<br \/>\n    Az eln\u00f6ks\u00e9gi \u00fcl\u00e9s 16 \u00f3rakor kezd\u0151d\u00f6tt, Storck 17 \u00f3rakor \u00e9rkezett az OTP Bank sz\u00e9kh\u00e1z\u00e1ba, \u00e9s az MTI inform\u00e1ci\u00f3i szerint hosszasan, m\u00e1sf\u00e9l \u00f3r\u00e1n \u00e1t hallgatta meg a szakembert a vezet\u0151 test\u00fclet, amely ezt k\u00f6vet\u0151en Storck n\u00e9lk\u00fcl tan\u00e1cskozott tov\u00e1bb a j\u00f6v\u0151r\u0151l.<br \/>\n    Storckot 2015 m\u00e1rcius\u00e1ban nevezt\u00e9k ki el\u0151bb sportigazgat\u00f3nak, majd m\u00e9g abban az \u00e9vben j\u00falius 20-\u00e1n megb\u00edzt\u00e1k a sz\u00f6vets\u00e9gi kapit\u00e1nyi teend\u0151k ell\u00e1t\u00e1s\u00e1val is. Ir\u00e1ny\u00edt\u00e1s\u00e1val a nemzeti egy\u00fcttes el\u0151bb kijutott a tavaly ny\u00e1ri Eur\u00f3pa-bajnoks\u00e1gra, ahol a nyolcadd\u00f6nt\u0151ben b\u00facs\u00fazott. Az \u0151szi vil\u00e1gbajnoki selejtez\u0151m\u00e9rk\u0151z\u00e9sek m\u00e1r nem siker\u00fcltek j\u00f3l, a magyarok g\u00f3l n\u00e9lk\u00fcli d\u00f6ntetlent j\u00e1tszottak a Fer\u00f6er-szigeteken, majd hazai p\u00e1ly\u00e1n 3-2-re alulmaradtak Sv\u00e1jccal szemben.<br \/>\n    De az igazi m\u00e9lyrep\u00fcl\u00e9s ezt k\u00f6vet\u0151en kezd\u0151d\u00f6tt: m\u00edg Storckkal az els\u0151 17 meccs\u00e9n n\u00e9gy veres\u00e9get szenvedett a v\u00e1logatott, addig az elm\u00falt n\u00e9gy tal\u00e1lkoz\u00f3j\u00e1n egyar\u00e1nt kikapott, r\u00e1ad\u00e1sul egyetlen g\u00f3lt sem szerzett. A negat\u00edv sorozat utols\u00f3 \u00e1llom\u00e1sa a magyar futball t\u00f6rt\u00e9net\u00e9nek tal\u00e1n legk\u00ednosabb kudarca, amikor a t\u00f6bbnyire amat\u0151r j\u00e1t\u00e9kosokb\u00f3l \u00e1ll\u00f3 Andorra 1-0-ra nyert vb-selejtez\u0151n. Storck tov\u00e1bbi szerepv\u00e1llal\u00e1sa ezt k\u00f6vet\u0151en v\u00e1lt k\u00e9rd\u00e9sess\u00e9, a sz\u00f6vets\u00e9gi kapit\u00e1nyi megb\u00edzat\u00e1sa 2018. j\u00fanius 30-ig sz\u00f3l.<br \/>\n    A vil\u00e1gbajnoki selejtez\u0151sorozatban hat fordul\u00f3 alatt mind\u00f6ssze h\u00e9t pontot gy\u0171jt\u00f6tt a magyar egy\u00fcttes, amely a harmadik helyr\u0151l v\u00e1rja a folytat\u00e1st.(MTI)<\/p>\n","protected":false},"excerpt":{"rendered":"<p>Bernd Storck marad a magyar labdar\u00fag\u00f3-v\u00e1logatott sz\u00f6vets\u00e9gi kapit\u00e1nya a magyar sz\u00f6vets\u00e9g (MLSZ) eln\u00f6ks\u00e9gi \u00fcl\u00e9s\u00e9nek cs\u00fct\u00f6rt\u00f6ki d\u00f6nt\u00e9se nyom\u00e1n.<\/p>\n","protected":false},"author":1,"featured_media":0,"comment_status":"closed","ping_status":"open","sticky":false,"template":"","format":"standard","meta":[],"categories":[4],"tags":[],"_links":{"self":[{"href":"https:\/\/gazdasagportal.hu\/index.php\/wp-json\/wp\/v2\/posts\/94246"}],"collection":[{"href":"https:\/\/gazdasagportal.hu\/index.php\/wp-json\/wp\/v2\/posts"}],"about":[{"href":"https:\/\/gazdasagportal.hu\/index.php\/wp-json\/wp\/v2\/types\/post"}],"author":[{"embeddable":true,"href":"https:\/\/gazdasagportal.hu\/index.php\/wp-json\/wp\/v2\/users\/1"}],"replies":[{"embeddable":true,"href":"https:\/\/gazdasagportal.hu\/index.php\/wp-json\/wp\/v2\/comments?post=94246"}],"version-history":[{"count":1,"href":"https:\/\/gazdasagportal.hu\/index.php\/wp-json\/wp\/v2\/posts\/94246\/revisions"}],"predecessor-version":[{"id":94247,"href":"https:\/\/gazdasagportal.hu\/index.php\/wp-json\/wp\/v2\/posts\/94246\/revisions\/94247"}],"wp:attachment":[{"href":"https:\/\/gazdasagportal.hu\/index.php\/wp-json\/wp\/v2\/media?parent=94246"}],"wp:term":[{"taxonomy":"category","embeddable":true,"href":"https:\/\/gazdasagportal.hu\/index.php\/wp-json\/wp\/v2\/categories?post=94246"},{"taxonomy":"post_tag","embeddable":true,"href":"https:\/\/gazdasagportal.hu\/index.php\/wp-json\/wp\/v2\/tags?post=94246"}],"curies":[{"name":"wp","href":"https:\/\/api.w.org\/{rel}","templated":true}]}}