{"id":94232,"date":"2017-06-15T17:52:39","date_gmt":"2017-06-15T15:52:39","guid":{"rendered":"http:\/\/gazdasagportal.hu\/?p=94232"},"modified":"2017-06-15T17:23:13","modified_gmt":"2017-06-15T15:23:13","slug":"valtozatlanul-hagyta-alapkamatat-a-bank-of-england-harman-kamatemelesre-szavaztak","status":"publish","type":"post","link":"https:\/\/gazdasagportal.hu\/index.php\/valtozatlanul-hagyta-alapkamatat-a-bank-of-england-harman-kamatemelesre-szavaztak\/","title":{"rendered":"V\u00e1ltozatlanul hagyta alapkamat\u00e1t a Bank of England, h\u00e1rman kamatemel\u00e9sre szavaztak"},"content":{"rendered":"<p><strong>V\u00e1ltozatlanul hagyta alapkamat\u00e1t a Bank of England, b\u00e1r a monet\u00e1ris tan\u00e1cs nyolc tagja k\u00f6z\u00fcl h\u00e1rman 0,25 sz\u00e1zal\u00e9kpontos kamatemel\u00e9sre voksoltak.<\/strong><!--more--><\/p>\n<div class=\"ads-in-post1\"><div id=\"gazdasagportal.hu_fullbanner_wideboard\"><\/div>\r\n<\/div>\n<p>    A brit jegybank cs\u00fct\u00f6rt\u00f6k\u00f6n bejelentett d\u00f6nt\u00e9se a tavaly augusztusban kialakult monet\u00e1ris alap\u00e1ll\u00e1st er\u0151s\u00edtette meg.<br \/>\n    Az akkori kamatd\u00f6nt\u0151 \u00fcl\u00e9sen a bank 0,25 sz\u00e1zal\u00e9kos \u00fajabb t\u00f6rt\u00e9nelmi m\u00e9lypontra cs\u00f6kkentette alapkamat\u00e1t a t\u00f6bb mint h\u00e9t \u00e9vig \u00e9rv\u00e9nyben tartott 0,50 sz\u00e1zal\u00e9kr\u00f3l, amely szint\u00e9n m\u00e9lys\u00e9gi rekord volt.<br \/>\n    A Bank of England abban a h\u00f3napban a kamatcs\u00f6kkent\u00e9s mellett 435 milli\u00e1rd fontra (t\u00f6bb mint 150 ezer milli\u00e1rd forintra) emelte a mennyis\u00e9gi enyh\u00edt\u00e9sre ford\u00edthat\u00f3 \u00e1llampap\u00edr-v\u00e1s\u00e1rl\u00e1si keretet az addig kihelyezett 375 milli\u00e1rd fontr\u00f3l, \u00e9s k\u00fcl\u00f6n t\u00edzmilli\u00e1rd fontos eszk\u00f6zv\u00e1s\u00e1rl\u00e1si programot is meghirdetett befektet\u00e9si besorol\u00e1s\u00fa v\u00e1llalati k\u00f6tv\u00e9nyekre.<br \/>\n    A mostani kamatd\u00f6nt\u0151 \u00fcl\u00e9sen a monet\u00e1ris test\u00fclet e kiterjesztett eszk\u00f6zv\u00e1s\u00e1rl\u00e1si program folytat\u00e1s\u00e1r\u00f3l egyhang\u00falag d\u00f6nt\u00f6tt.<br \/>\n    A monet\u00e1ris tan\u00e1cs a kamatd\u00f6nt\u00e9shez f\u0171z\u00f6tt elemz\u00e9s\u00e9ben kiemelte, hogy a font gyeng\u00fcl\u00e9se j\u00f3val a 2 sz\u00e1zal\u00e9kos c\u00e9lszint f\u00f6l\u00e9 hajtotta a teljes kos\u00e1rra sz\u00e1molt tizenk\u00e9t havi infl\u00e1ci\u00f3t: a fogyaszt\u00f3i \u00e1rindex m\u00e1jusban 2,9 sz\u00e1zal\u00e9kkal volt magasabb, mint egy \u00e9vvel kor\u00e1bban.<br \/>\n    A Bank of England monet\u00e1ris test\u00fclete k\u00f6z\u00f6lte: arra sz\u00e1m\u00edt, hogy az \u00e9ves infl\u00e1ci\u00f3 \u0151szre meghaladhatja a 3 sz\u00e1zal\u00e9kot, \u00e9s val\u00f3sz\u00edn\u0171leg hosszabb ideig a c\u00e9lszint felett marad, mivel folytat\u00f3dik a font gyenges\u00e9g\u00e9nek \u00e1tsz\u0171r\u0151d\u00e9se a fogyaszt\u00e1si term\u00e9kek \u00e9s a szolg\u00e1ltat\u00e1sok \u00e1r\u00e1ba.<br \/>\n    A brit jegybank hangs\u00falyozza, hogy a font csak a m\u00e1jusi infl\u00e1ci\u00f3s jelent\u00e9s \u00f3ta 2,5 sz\u00e1zal\u00e9kkal gyeng\u00fclt. Ha a font gyenges\u00e9ge tart\u00f3snak bizonyul, az tov\u00e1bb er\u0151s\u00edti az import\u00e1lt infl\u00e1ci\u00f3t &#8211; \u00e1ll a monet\u00e1ris tan\u00e1cs cs\u00fct\u00f6rt\u00f6k jegyz\u0151k\u00f6nyv\u00e9ben.<br \/>\n    A k\u00f6zlem\u00e9ny szerint a monet\u00e1ris tan\u00e1cs k\u00e9szen \u00e1ll a v\u00e1laszint\u00e9zked\u00e9sekre annak \u00e9rdek\u00e9ben, hogy az infl\u00e1ci\u00f3 tart\u00f3san visszat\u00e9rjen a 2 sz\u00e1zal\u00e9kos c\u00e9lszintre.<br \/>\n    Az egyik legnagyobb londoni p\u00e9nz\u00fcgyi-gazdas\u00e1gi elemz\u0151h\u00e1z, a Capital Economics szak\u00e9rt\u0151i a Bank of England monet\u00e1ris tan\u00e1cs\u00e1nak cs\u00fct\u00f6rt\u00f6ki d\u00f6nt\u00e9s\u00e9t \u00e9rt\u00e9kelve kiemelt\u00e9k, hogy a brit jegybank \u00e9ppen t\u00edz \u00e9ve, 2007 \u00f3ta nem jutott ilyen k\u00f6zel a kamatemel\u00e9shez, mint most.<br \/>\n    A h\u00e1z elemz\u0151i meglepet\u00e9snek nevezt\u00e9k, hogy a monet\u00e1ris tan\u00e1cs h\u00e1rom tagja is a kamatemel\u00e9sre voksolt.<br \/>\n    A Capital Economics kimutatja, hogy a piaci kamatv\u00e1rakoz\u00e1s a monet\u00e1ris tan\u00e1cs v\u00e1ratlanul kem\u00e9ny hangv\u00e9tel\u0171 k\u00f6zlem\u00e9ny\u00e9re azonnal er\u0151teljesen reag\u00e1lt, \u00e9s a piaci szerepl\u0151k most m\u00e1r 2019 k\u00f6zep\u00e9re &#8211; az eddigi v\u00e1rakoz\u00e1sn\u00e1l egy \u00e9vvel kor\u00e1bbra &#8211; \u00e1razz\u00e1k a Bank of England kamatemel\u00e9si ciklus\u00e1nak kezdet\u00e9t.<br \/>\n    A m\u00falt heti brit parlamenti v\u00e1laszt\u00e1sokat a monet\u00e1ris tan\u00e1cs k\u00f6zlem\u00e9nye alig eml\u00edti, ami a h\u00e1z szerint nem teljesen meglep\u0151, tekintettel arra a rengeteg b\u00edr\u00e1latra, amelyet a Bank of England a brit EU-tags\u00e1gr\u00f3l rendezett tavalyi n\u00e9pszavaz\u00e1s ut\u00e1ni komment\u00e1rjai\u00e9rt kapott.<br \/>\n    Mivel azonban a brit gazdas\u00e1g a m\u00faltban is j\u00f3l \u00e1tv\u00e9szelte a politikai bizonytalans\u00e1gokat, \u00e9s a jelek szerint a korm\u00e1ny a k\u00f6lts\u00e9gvet\u00e9si szigor enyh\u00edt\u00e9s\u00e9re k\u00e9sz\u00fcl, a Bank of England els\u0151 kamatemel\u00e9se val\u00f3sz\u00edn\u0171leg a piaci v\u00e1rakoz\u00e1sn\u00e1l is hamarabb bek\u00f6vetkezik &#8211; j\u00f3solt\u00e1k a Capital Ecomomics londoni elemz\u0151i.(MTI)<\/p>\n","protected":false},"excerpt":{"rendered":"<p>V\u00e1ltozatlanul hagyta alapkamat\u00e1t a Bank of England, b\u00e1r a monet\u00e1ris tan\u00e1cs nyolc tagja k\u00f6z\u00fcl h\u00e1rman 0,25 sz\u00e1zal\u00e9kpontos kamatemel\u00e9sre voksoltak.<\/p>\n","protected":false},"author":1,"featured_media":0,"comment_status":"closed","ping_status":"open","sticky":false,"template":"","format":"standard","meta":[],"categories":[246],"tags":[],"_links":{"self":[{"href":"https:\/\/gazdasagportal.hu\/index.php\/wp-json\/wp\/v2\/posts\/94232"}],"collection":[{"href":"https:\/\/gazdasagportal.hu\/index.php\/wp-json\/wp\/v2\/posts"}],"about":[{"href":"https:\/\/gazdasagportal.hu\/index.php\/wp-json\/wp\/v2\/types\/post"}],"author":[{"embeddable":true,"href":"https:\/\/gazdasagportal.hu\/index.php\/wp-json\/wp\/v2\/users\/1"}],"replies":[{"embeddable":true,"href":"https:\/\/gazdasagportal.hu\/index.php\/wp-json\/wp\/v2\/comments?post=94232"}],"version-history":[{"count":1,"href":"https:\/\/gazdasagportal.hu\/index.php\/wp-json\/wp\/v2\/posts\/94232\/revisions"}],"predecessor-version":[{"id":94233,"href":"https:\/\/gazdasagportal.hu\/index.php\/wp-json\/wp\/v2\/posts\/94232\/revisions\/94233"}],"wp:attachment":[{"href":"https:\/\/gazdasagportal.hu\/index.php\/wp-json\/wp\/v2\/media?parent=94232"}],"wp:term":[{"taxonomy":"category","embeddable":true,"href":"https:\/\/gazdasagportal.hu\/index.php\/wp-json\/wp\/v2\/categories?post=94232"},{"taxonomy":"post_tag","embeddable":true,"href":"https:\/\/gazdasagportal.hu\/index.php\/wp-json\/wp\/v2\/tags?post=94232"}],"curies":[{"name":"wp","href":"https:\/\/api.w.org\/{rel}","templated":true}]}}