{"id":94230,"date":"2017-06-15T17:18:27","date_gmt":"2017-06-15T15:18:27","guid":{"rendered":"http:\/\/gazdasagportal.hu\/?p=94230"},"modified":"2017-06-15T17:18:27","modified_gmt":"2017-06-15T15:18:27","slug":"elfogadtak-a-2018-as-koltsegvetest","status":"publish","type":"post","link":"https:\/\/gazdasagportal.hu\/index.php\/elfogadtak-a-2018-as-koltsegvetest\/","title":{"rendered":"Elfogadt\u00e1k a 2018-as k\u00f6lts\u00e9gvet\u00e9st"},"content":{"rendered":"<p><strong>Az Orsz\u00e1ggy\u0171l\u00e9s elfogadta cs\u00fct\u00f6rt\u00f6k\u00f6n Magyarorsz\u00e1g 2018-as k\u00f6lts\u00e9gvet\u00e9s\u00e9t, amely 4,3 sz\u00e1zal\u00e9kos gazdas\u00e1gi n\u00f6veked\u00e9ssel, 2,4 sz\u00e1zal\u00e9kos GDP-ar\u00e1nyos \u00e1llamh\u00e1ztart\u00e1si hi\u00e1nnyal, valamint 3 sz\u00e1zal\u00e9kos infl\u00e1ci\u00f3val sz\u00e1mol a GDP-ar\u00e1nyos \u00e1llamad\u00f3ss\u00e1g tov\u00e1bbi cs\u00f6kken\u00e9se mellett.<\/strong><!--more--><\/p>\n<div class=\"ads-in-post1\"><div id=\"gazdasagportal.hu_fullbanner_wideboard\"><\/div>\r\n<\/div>\n<p>    A H\u00e1z 127 igen szavazattal, 62 nem ellen\u00e9ben hagyta j\u00f3v\u00e1 a korm\u00e1ny m\u00e1jus elej\u00e9n beny\u00fajtott, \u00e9s h\u00e9tf\u0151n &#8211; a hi\u00e1ny v\u00e1ltozatlanul hagy\u00e1sa mellett &#8211; t\u00f6bb ponton m\u00f3dos\u00edtott el\u0151terjeszt\u00e9s\u00e9t.<br \/>\n    Varga Mih\u00e1ly nemzetgazdas\u00e1gi miniszter kor\u00e1bban a munk\u00e1b\u00f3l \u00e9l\u0151k k\u00f6lts\u00e9gvet\u00e9s\u00e9nek nevezte a j\u00f6v\u0151 \u00e9vi b\u00fcdzs\u00e9t, egy\u00fattal hangs\u00falyozta, a c\u00e9lok v\u00e1ltozatlanok: a teljes foglalkoztatotts\u00e1g, a gazdas\u00e1gi n\u00f6veked\u00e9s fenntart\u00e1sa \u00e9s a biztons\u00e1g er\u0151s\u00edt\u00e9se. T\u00e1j\u00e9koztat\u00e1sa alapj\u00e1n szinte minden ter\u00fclet nagyobb k\u00f6lts\u00e9gvet\u00e9ssel gazd\u00e1lkodhat j\u00f6v\u0151re: oktat\u00e1sra 81 milli\u00e1rd forinttal, az eg\u00e9szs\u00e9g\u00fcgyi ter\u00fcletre 102 milli\u00e1rd forinttal, nyugd\u00edj-, csal\u00e1di \u00e9s szoci\u00e1lis kiad\u00e1sokra 287 milli\u00e1rd forinttal, a rendv\u00e9delemre 83 milli\u00e1rd forinttal, gazdas\u00e1gfejleszt\u00e9sre pedig 205 milli\u00e1rddal t\u00f6bbet biztos\u00edt a b\u00fcdzs\u00e9.<br \/>\n    A 2018-as k\u00f6lts\u00e9gvet\u00e9s az ideihez hasonl\u00f3an h\u00e1rom ter\u00fcletre tagol\u00f3dik, az \u00e1llam m\u0171k\u00f6d\u00e9se nullszald\u00f3s.<br \/>\n    Az Orsz\u00e1ggy\u0171l\u00e9s h\u00e9tf\u0151n a hi\u00e1ny v\u00e1ltozatlanul hagy\u00e1sa mellett, a bev\u00e9telek \u00e9s kiad\u00e1sok 11 milli\u00e1rd forintos emel\u00e9s\u00e9vel fogadta el a b\u00fcdzs\u00e9hez beny\u00fajtott m\u00f3dos\u00edt\u00f3 javaslatokat.<br \/>\n    A parlament ez alapj\u00e1n a j\u00f6v\u0151 \u00e9vi b\u00fcdzs\u00e9 v\u00e9gleges bev\u00e9teli f\u0151\u00f6sszeg\u00e9t 18 751 milli\u00e1rd 458,2 milli\u00f3 forintban, kiad\u00e1si f\u0151\u00f6sszeg\u00e9t 20 112 milli\u00e1rd 108,4 milli\u00f3 forintban, a k\u00f6lts\u00e9gvet\u00e9s hi\u00e1ny\u00e1t 1360 milli\u00e1rd 650,2 milli\u00f3 forintba \u00e1llap\u00edtotta meg.<br \/>\n    A bev\u00e9teli \u00e9s kiad\u00e1si f\u0151\u00f6sszegeken bel\u00fcl a hazai m\u0171k\u00f6d\u00e9si k\u00f6lts\u00e9gvet\u00e9s j\u00f6v\u0151 \u00e9vi bev\u00e9tel\u00e9t 15 894 milli\u00e1rd 506,4 milli\u00f3 forintban, kiad\u00e1si f\u0151\u00f6sszeg\u00e9t szint\u00e9n 15 894 milli\u00e1rd 506,4 milli\u00f3 forintban \u00e1llap\u00edtott\u00e1k meg a k\u00e9pvisel\u0151k, azaz a m\u0171k\u00f6d\u00e9si egyenleget nullszald\u00f3sra tervezt\u00e9k.<br \/>\n    A hazai felhalmoz\u00e1si k\u00f6lts\u00e9gvet\u00e9s 2018-as bev\u00e9teli f\u0151\u00f6sszeg\u00e9t 942 milli\u00e1rd 681,0 milli\u00f3 forintban, kiad\u00e1si f\u0151\u00f6sszeg\u00e9t 1 799 milli\u00e1rd 959,0 milli\u00f3 forintban, a hi\u00e1ny\u00e1t 857 milli\u00e1rd 278 milli\u00f3 forintban hat\u00e1rozt\u00e1k meg.<br \/>\n    A bev\u00e9teli \u00e9s kiad\u00e1si f\u0151\u00f6sszegeken bel\u00fcl az eur\u00f3pai uni\u00f3s fejleszt\u00e9si k\u00f6lts\u00e9gvet\u00e9s j\u00f6v\u0151 \u00e9vi bev\u00e9teli f\u0151\u00f6sszeg\u00e9t 1 914 milli\u00e1rd 270,8 milli\u00f3 forintban, a kiad\u00e1si f\u0151\u00f6sszeg\u00e9t 2 417 milli\u00e1rd 643,0 milli\u00f3 forintban, a deficitet 503 milli\u00e1rd 372,2 milli\u00f3 forintban \u00e1llap\u00edtotta meg a parlament.<br \/>\n    Az el\u0151re nem l\u00e1that\u00f3 kock\u00e1zatok kezel\u00e9s\u00e9re \u00e9s az \u00e9v k\u00f6zben felmer\u00fcl\u0151 korm\u00e1nyzati int\u00e9zked\u00e9sek forr\u00e1s\u00e1ra t\u00f6bb mint 200 milli\u00e1rd forint \u00e1ll rendelkez\u00e9sre.<br \/>\n    A b\u00fcdzs\u00e9 a n\u00e9gy \u00e9vvel kor\u00e1bbihoz hasonl\u00f3an ez\u00fattal is hatmilli\u00e1rd forintot sz\u00e1n a p\u00e1rtok \u00e9s jel\u00f6ltek parlamenti v\u00e1laszt\u00e1si kamp\u00e1nyk\u00f6lts\u00e9geire.<br \/>\n    A j\u00f6v\u0151 \u00e9vi k\u00f6lts\u00e9gvet\u00e9s az idein\u00e9l is t\u00f6bb, 226 milli\u00e1rd forintot sz\u00e1n az otthonteremt\u00e9si programra, 2018-t\u00f3l a minim\u00e1lb\u00e9r tov\u00e1bbi 8 sz\u00e1zal\u00e9kkal, m\u00edg a szakmunk\u00e1s minim\u00e1lb\u00e9r \u00fajabb 12 sz\u00e1zal\u00e9kkal n\u0151 majd. A nyugd\u00edjemel\u00e9s j\u00f6v\u0151re is az infl\u00e1ci\u00f3 m\u00e9rt\u00e9k\u00e9vel megegyez\u0151, 3 sz\u00e1zal\u00e9kos lesz.<br \/>\n    B\u00e1r jelent\u0151s, t\u00f6bb mint 125 milli\u00e1rd t\u00f6bbletkiad\u00e1st tartalmaznak az Orsz\u00e1ggy\u0171l\u00e9s \u00e1ltal elfogadott m\u00f3dos\u00edt\u00e1sok, ez azonban az \u00e1llamh\u00e1ztart\u00e1s tervezett hi\u00e1ny\u00e1n nem v\u00e1ltoztatott, a t\u00f6bbletkiad\u00e1sokat ugyanis r\u00e9szben az el\u0151zetesen v\u00e1rthoz k\u00e9pest jobb makrogazdas\u00e1gi p\u00e1lya \u00e1ltal gener\u00e1lt, megn\u00f6vekv\u0151 bev\u00e9telek, r\u00e9szben bizonyos kiad\u00e1sok cs\u00f6kkent\u00e9se ellent\u00e9telezi, illetve fedezi majd.<br \/>\n    Az elfogadott m\u00f3dos\u00edt\u00f3 ind\u00edtv\u00e1nyok alapj\u00e1n a legnagyobb t\u00e9telt a Paks II. beruh\u00e1z\u00e1sra sz\u00e1nt, 20 milli\u00e1rd forintos t\u00f6bbletforr\u00e1s jelenti, valamint a csal\u00e1dok t\u00e1mogat\u00e1s\u00e1ra el\u0151ir\u00e1nyzott 19-20 milli\u00e1rd forintos \u00e1tcsoportos\u00edt\u00e1s. A turisztikai fejleszt\u00e9sek 16,4 milli\u00e1rd forint t\u00f6bbletforr\u00e1st kaptak, m\u00edg a j\u00f6v\u0151re \u00e9vfordul\u00f3kat \u00fcnnepl\u0151 ciszterci \u00e9s a premontrei rend egy\u00fcttesen 6,2 milli\u00e1rd forintos t\u00f6bbletforr\u00e1st kapott. (MTI)<\/p>\n","protected":false},"excerpt":{"rendered":"<p>Az Orsz\u00e1ggy\u0171l\u00e9s elfogadta cs\u00fct\u00f6rt\u00f6k\u00f6n Magyarorsz\u00e1g 2018-as k\u00f6lts\u00e9gvet\u00e9s\u00e9t, amely 4,3 sz\u00e1zal\u00e9kos gazdas\u00e1gi n\u00f6veked\u00e9ssel, 2,4 sz\u00e1zal\u00e9kos GDP-ar\u00e1nyos \u00e1llamh\u00e1ztart\u00e1si hi\u00e1nnyal, valamint 3 sz\u00e1zal\u00e9kos infl\u00e1ci\u00f3val sz\u00e1mol a GDP-ar\u00e1nyos \u00e1llamad\u00f3ss\u00e1g tov\u00e1bbi cs\u00f6kken\u00e9se mellett.<\/p>\n","protected":false},"author":1,"featured_media":0,"comment_status":"closed","ping_status":"open","sticky":false,"template":"","format":"standard","meta":[],"categories":[4,19],"tags":[],"_links":{"self":[{"href":"https:\/\/gazdasagportal.hu\/index.php\/wp-json\/wp\/v2\/posts\/94230"}],"collection":[{"href":"https:\/\/gazdasagportal.hu\/index.php\/wp-json\/wp\/v2\/posts"}],"about":[{"href":"https:\/\/gazdasagportal.hu\/index.php\/wp-json\/wp\/v2\/types\/post"}],"author":[{"embeddable":true,"href":"https:\/\/gazdasagportal.hu\/index.php\/wp-json\/wp\/v2\/users\/1"}],"replies":[{"embeddable":true,"href":"https:\/\/gazdasagportal.hu\/index.php\/wp-json\/wp\/v2\/comments?post=94230"}],"version-history":[{"count":1,"href":"https:\/\/gazdasagportal.hu\/index.php\/wp-json\/wp\/v2\/posts\/94230\/revisions"}],"predecessor-version":[{"id":94231,"href":"https:\/\/gazdasagportal.hu\/index.php\/wp-json\/wp\/v2\/posts\/94230\/revisions\/94231"}],"wp:attachment":[{"href":"https:\/\/gazdasagportal.hu\/index.php\/wp-json\/wp\/v2\/media?parent=94230"}],"wp:term":[{"taxonomy":"category","embeddable":true,"href":"https:\/\/gazdasagportal.hu\/index.php\/wp-json\/wp\/v2\/categories?post=94230"},{"taxonomy":"post_tag","embeddable":true,"href":"https:\/\/gazdasagportal.hu\/index.php\/wp-json\/wp\/v2\/tags?post=94230"}],"curies":[{"name":"wp","href":"https:\/\/api.w.org\/{rel}","templated":true}]}}