{"id":94226,"date":"2017-06-15T09:28:20","date_gmt":"2017-06-15T07:28:20","guid":{"rendered":"http:\/\/gazdasagportal.hu\/?p=94226"},"modified":"2017-06-15T08:14:54","modified_gmt":"2017-06-15T06:14:54","slug":"kisebb-csalodast-okozott-a-fed-a-befektetoknek","status":"publish","type":"post","link":"https:\/\/gazdasagportal.hu\/index.php\/kisebb-csalodast-okozott-a-fed-a-befektetoknek\/","title":{"rendered":"Kisebb csal\u00f3d\u00e1st okozott a Fed a befektet\u0151knek"},"content":{"rendered":"<p><strong>Kisebb csal\u00f3d\u00e1st okozott a befektet\u0151knek az amerikai jegybank szerep\u00e9t bet\u00f6lt\u0151 Fed.<\/strong><!--more--><\/p>\n<div class=\"ads-in-post1\"><div id=\"gazdasagportal.hu_fullbanner_wideboard\"><\/div>\r\n<\/div>\n<p>    Szerd\u00e1n ugyan a piac \u00e1ltal v\u00e1rt m\u00e9rt\u00e9kben emelte a kamatot,  ugyanakkor ad\u00f3s maradt azzal, hogy mikort\u00f3l kezd\u0151dik a jegybankm\u00e9rleg cs\u00f6kkent\u00e9se.<br \/>\n    A Fed 25 b\u00e1zisponttal 1,25 sz\u00e1zal\u00e9kra emelte az ir\u00e1nyad\u00f3 kamatot, amit hat h\u00f3napon bel\u00fcl ezzel m\u00e1r harmadszor n\u00f6velt.<br \/>\n    A decemberi volt a Fed els\u0151 kamatemel\u00e9se egy\u00e9ves sz\u00fcnet ut\u00e1n, majd az idei m\u00e1sodik kamatd\u00f6nt\u0151 \u00fcl\u00e9s\u00e9n, m\u00e1rciusban emelte tov\u00e1bbi 25 b\u00e1zisponttal az ir\u00e1nyad\u00f3 kamatot 1,00 sz\u00e1zal\u00e9kra, ami szerd\u00e1n 1,25 sz\u00e1zal\u00e9kra n\u0151tt.<br \/>\n    Az el\u0151z\u0151, m\u00e1jus eleji kamatd\u00f6nt\u0151 \u00fcl\u00e9s jegyz\u0151k\u00f6nyve szerint a test\u00fclet \u00fagy l\u00e1tta, hogy &#8222;m\u00e9g az id\u00e9n&#8221; elkezd\u0151dhet a Fed 4500 milli\u00e1rd doll\u00e1ros k\u00f6tv\u00e9ny\u00e1llom\u00e1ny\u00e1nak cs\u00f6kkent\u00e9se. A jegyz\u0151k\u00f6nyv szerint a cs\u00f6kkent\u00e9st &#8222;fokozatosan \u00e9s kisz\u00e1m\u00edthat\u00f3an&#8221; kell v\u00e9grehajtani.<br \/>\n    A szerdai kamat\u00fcl\u00e9st\u0151l sokan azt v\u00e1rt\u00e1k, hogy a Fed pontosan kijel\u00f6li a k\u00f6tv\u00e9ny\u00e1llom\u00e1ny cs\u00f6kkent\u00e9s\u00e9nek a menetrendj\u00e9t. Sokan pedig \u00fagy v\u00e9lt\u00e9k, hogy a startpisztoly is eld\u00f6rd\u00fcl, azonnal beind\u00edtj\u00e1k a folyamatot. Ez azonban elmaradt, a piac szerepl\u0151i pedig bizonytalans\u00e1gban maradtak.<br \/>\n    A szerdai kamatd\u00f6nt\u00e9s ut\u00e1n megk\u00e9rdezett elemz\u0151k t\u00f6bbs\u00e9ge \u00fagy foglalt \u00e1ll\u00e1st, hogy fontosabb a jegybankm\u00e9rleg cs\u00f6kkent\u00e9se, mint a kamatemel\u00e9s.<br \/>\n    A megk\u00e9rdezett szak\u00e9rt\u0151k nagyobbik r\u00e9sze szerint azzal, hogy elmaradt a k\u00f6tv\u00e9ny\u00e1llom\u00e1ny cs\u00f6kkent\u00e9s\u00e9nek elind\u00edt\u00e1sa, most arra sz\u00e1m\u00edtanak, hogy a v\u00e9grehajt\u00e1s \u00fcteme drasztikus lesz, \u00e9s hogy szeptemberben minden bizonnyal g\u0151zer\u0151vel beindul a folyamat.<br \/>\n    Ezzel egy id\u0151ben a szak\u00e9rt\u0151k nagyobbik r\u00e9sze m\u00e1r nem sz\u00e1m\u00edt szeptemberi kamatemel\u00e9sre, szerint\u00fck a legk\u00f6zelebbi emel\u00e9s  decemberben lesz.(MTI)<\/p>\n","protected":false},"excerpt":{"rendered":"<p>Kisebb csal\u00f3d\u00e1st okozott a befektet\u0151knek az amerikai jegybank szerep\u00e9t bet\u00f6lt\u0151 Fed.<\/p>\n","protected":false},"author":1,"featured_media":0,"comment_status":"closed","ping_status":"open","sticky":false,"template":"","format":"standard","meta":[],"categories":[246],"tags":[],"_links":{"self":[{"href":"https:\/\/gazdasagportal.hu\/index.php\/wp-json\/wp\/v2\/posts\/94226"}],"collection":[{"href":"https:\/\/gazdasagportal.hu\/index.php\/wp-json\/wp\/v2\/posts"}],"about":[{"href":"https:\/\/gazdasagportal.hu\/index.php\/wp-json\/wp\/v2\/types\/post"}],"author":[{"embeddable":true,"href":"https:\/\/gazdasagportal.hu\/index.php\/wp-json\/wp\/v2\/users\/1"}],"replies":[{"embeddable":true,"href":"https:\/\/gazdasagportal.hu\/index.php\/wp-json\/wp\/v2\/comments?post=94226"}],"version-history":[{"count":1,"href":"https:\/\/gazdasagportal.hu\/index.php\/wp-json\/wp\/v2\/posts\/94226\/revisions"}],"predecessor-version":[{"id":94227,"href":"https:\/\/gazdasagportal.hu\/index.php\/wp-json\/wp\/v2\/posts\/94226\/revisions\/94227"}],"wp:attachment":[{"href":"https:\/\/gazdasagportal.hu\/index.php\/wp-json\/wp\/v2\/media?parent=94226"}],"wp:term":[{"taxonomy":"category","embeddable":true,"href":"https:\/\/gazdasagportal.hu\/index.php\/wp-json\/wp\/v2\/categories?post=94226"},{"taxonomy":"post_tag","embeddable":true,"href":"https:\/\/gazdasagportal.hu\/index.php\/wp-json\/wp\/v2\/tags?post=94226"}],"curies":[{"name":"wp","href":"https:\/\/api.w.org\/{rel}","templated":true}]}}