{"id":94209,"date":"2017-06-15T12:33:39","date_gmt":"2017-06-15T10:33:39","guid":{"rendered":"http:\/\/gazdasagportal.hu\/?p=94209"},"modified":"2017-06-14T21:14:30","modified_gmt":"2017-06-14T19:14:30","slug":"az-elso-negy-honapban-54-szazalekkal-nott-a-roman-ipari-termeles","status":"publish","type":"post","link":"https:\/\/gazdasagportal.hu\/index.php\/az-elso-negy-honapban-54-szazalekkal-nott-a-roman-ipari-termeles\/","title":{"rendered":"Az els\u0151 n\u00e9gy h\u00f3napban 5,4 sz\u00e1zal\u00e9kkal n\u0151tt a rom\u00e1n ipari termel\u00e9s"},"content":{"rendered":"<p><strong>Az idei els\u0151 n\u00e9gy h\u00f3napban 5,4 sz\u00e1zal\u00e9kkal n\u0151tt a rom\u00e1n ipari termel\u00e9s a tavalyi azonos id\u0151szakhoz k\u00e9pest &#8211; k\u00f6z\u00f6lte szerd\u00e1n a rom\u00e1n orsz\u00e1gos statisztikai int\u00e9zet.<\/strong><!--more--><\/p>\n<div class=\"ads-in-post1\"><div id=\"gazdasagportal.hu_fullbanner_wideboard\"><\/div>\r\n<\/div>\n<p>    A szezon\u00e1lis \u00e9s napt\u00e1rhat\u00e1ssal kiigaz\u00edtott \u00e9rt\u00e9k szerint a b\u0151v\u00fcl\u00e9s 6,5 sz\u00e1zal\u00e9k volt.<br \/>\n    A n\u00f6veked\u00e9s f\u0151k\u00e9nt a feldolgoz\u00f3iparnak k\u00f6sz\u00f6nhet\u0151, amelynek teljes\u00edtm\u00e9nye 5,8 sz\u00e1zal\u00e9kkal javult. A villamos-, h\u0151energia, valamint g\u00e1ztermel\u00e9s 3,6 sz\u00e1zal\u00e9kkal n\u0151tt, ugyanakkor a kitermel\u0151ipar 2 sz\u00e1zal\u00e9kkal esett vissza.<br \/>\n    \u00c1prilisban 0,6 sz\u00e1zal\u00e9kkal cs\u00f6kkent a rom\u00e1n ipari termel\u00e9s a tavalyi negyedik h\u00f3naphoz k\u00e9pest.<br \/>\n    Az iparban tev\u00e9kenyked\u0151 v\u00e1llalatok \u00e1rbev\u00e9tele az els\u0151 n\u00e9gy h\u00f3napban 8,5 sz\u00e1zal\u00e9kkal n\u0151tt.<br \/>\n    A statisztikai int\u00e9zet szint\u00e9n szerd\u00e1n k\u00f6z\u00f6lte, hogy janu\u00e1r-\u00e1prilisban az \u00faj rom\u00e1n ipari megrendel\u00e9sek 10,7 sz\u00e1zal\u00e9kkal n\u0151ttek a tavalyi els\u0151 n\u00e9gy h\u00f3nappal \u00f6sszevetve. A n\u00f6veked\u00e9s f\u0151leg a tart\u00f3s haszn\u00e1lati cikkeknek k\u00f6sz\u00f6nhet\u0151, amelyek eset\u00e9ben t\u00f6bb mint 15 sz\u00e1zal\u00e9kos b\u0151v\u00fcl\u00e9st jegyeztek.<br \/>\n    A rom\u00e1n korm\u00e1ny az id\u00e9n 5,2 sz\u00e1zal\u00e9kos gazdas\u00e1gi n\u00f6veked\u00e9ssel sz\u00e1mol. Az els\u0151 negyed\u00e9vben 5,7 sz\u00e1zal\u00e9kkal n\u0151tt a rom\u00e1n brutt\u00f3 hazai term\u00e9k a tavalyi azonos id\u0151szakhoz m\u00e9rten.(MTI)<\/p>\n","protected":false},"excerpt":{"rendered":"<p>Az idei els\u0151 n\u00e9gy h\u00f3napban 5,4 sz\u00e1zal\u00e9kkal n\u0151tt a rom\u00e1n ipari termel\u00e9s a tavalyi azonos id\u0151szakhoz k\u00e9pest &#8211; k\u00f6z\u00f6lte szerd\u00e1n a rom\u00e1n orsz\u00e1gos statisztikai int\u00e9zet.<\/p>\n","protected":false},"author":1,"featured_media":0,"comment_status":"closed","ping_status":"open","sticky":false,"template":"","format":"standard","meta":[],"categories":[246],"tags":[],"_links":{"self":[{"href":"https:\/\/gazdasagportal.hu\/index.php\/wp-json\/wp\/v2\/posts\/94209"}],"collection":[{"href":"https:\/\/gazdasagportal.hu\/index.php\/wp-json\/wp\/v2\/posts"}],"about":[{"href":"https:\/\/gazdasagportal.hu\/index.php\/wp-json\/wp\/v2\/types\/post"}],"author":[{"embeddable":true,"href":"https:\/\/gazdasagportal.hu\/index.php\/wp-json\/wp\/v2\/users\/1"}],"replies":[{"embeddable":true,"href":"https:\/\/gazdasagportal.hu\/index.php\/wp-json\/wp\/v2\/comments?post=94209"}],"version-history":[{"count":1,"href":"https:\/\/gazdasagportal.hu\/index.php\/wp-json\/wp\/v2\/posts\/94209\/revisions"}],"predecessor-version":[{"id":94210,"href":"https:\/\/gazdasagportal.hu\/index.php\/wp-json\/wp\/v2\/posts\/94209\/revisions\/94210"}],"wp:attachment":[{"href":"https:\/\/gazdasagportal.hu\/index.php\/wp-json\/wp\/v2\/media?parent=94209"}],"wp:term":[{"taxonomy":"category","embeddable":true,"href":"https:\/\/gazdasagportal.hu\/index.php\/wp-json\/wp\/v2\/categories?post=94209"},{"taxonomy":"post_tag","embeddable":true,"href":"https:\/\/gazdasagportal.hu\/index.php\/wp-json\/wp\/v2\/tags?post=94209"}],"curies":[{"name":"wp","href":"https:\/\/api.w.org\/{rel}","templated":true}]}}