{"id":93960,"date":"2017-06-08T11:57:34","date_gmt":"2017-06-08T09:57:34","guid":{"rendered":"http:\/\/gazdasagportal.hu\/?p=93960"},"modified":"2017-06-08T11:57:34","modified_gmt":"2017-06-08T09:57:34","slug":"alig-valtozott-a-gdp-bovulesenek-uteme-az-euroovezetben","status":"publish","type":"post","link":"https:\/\/gazdasagportal.hu\/index.php\/alig-valtozott-a-gdp-bovulesenek-uteme-az-euroovezetben\/","title":{"rendered":"Alig v\u00e1ltozott a GDP b\u0151v\u00fcl\u00e9s\u00e9nek \u00fcteme az eur\u00f3\u00f6vezetben"},"content":{"rendered":"<p><strong>A m\u00e1sodik becsl\u00e9sben szerepl\u0151n\u00e9l n\u00e9mileg nagyobb \u00fctemben n\u00f6vekedett az eur\u00f3\u00f6vezet \u00e9s az Eur\u00f3pai Uni\u00f3 gazdas\u00e1ga az idei els\u0151 negyed\u00e9vben &#8211; der\u00fclt ki az Eur\u00f3pai Uni\u00f3 statisztikai hivatala (Eurostat) \u00e1ltal cs\u00fct\u00f6rt\u00f6k\u00f6n kiadott v\u00e9gleges adatokat tartalmaz\u00f3 harmadik becsl\u00e9s\u00e9b\u0151l.<\/strong><!--more--><\/p>\n<div class=\"ads-in-post1\"><div id=\"gazdasagportal.hu_fullbanner_wideboard\"><\/div>\r\n<\/div>\n<p>    A szezon\u00e1lisan kiigaz\u00edtott adatok szerint az eur\u00f3\u00f6vezetben \u00e9s az Eur\u00f3pai Uni\u00f3ban egyar\u00e1nt 0,6 sz\u00e1zal\u00e9kkal b\u0151v\u00fclt a hazai \u00f6sszterm\u00e9k (GDP) az el\u0151z\u0151 negyed\u00e9vhez k\u00e9pest a m\u00e1rcius 31-\u00e9n v\u00e9get \u00e9rt h\u00e1rom h\u00f3napban.<br \/>\n    Az eur\u00f3\u00f6vezeti \u00e9s az uni\u00f3s gazdas\u00e1gi b\u0151v\u00fcl\u00e9sre vonatkoz\u00f3 adatot a m\u00e1sodik becsl\u00e9sben szerepl\u0151 0,5-0,5 sz\u00e1zal\u00e9kr\u00f3l, 0,6 sz\u00e1zal\u00e9kra m\u00f3dos\u00edtotta az Eurostat.<br \/>\n    A tavalyi negyedik negyed\u00e9vben az eur\u00f3\u00f6vezetben 0,5 sz\u00e1zal\u00e9kkal, az Eur\u00f3pai Uni\u00f3ban pedig 0,6 sz\u00e1zal\u00e9kkal n\u0151tt a GDP.<br \/>\n    Az el\u0151z\u0151 \u00e9v azonos id\u0151szak\u00e1hoz k\u00e9pest az eur\u00f3\u00f6vezetben 1,9 sz\u00e1zal\u00e9kkal, az Eur\u00f3pai Uni\u00f3ban pedig 2,1 sz\u00e1zal\u00e9kkal n\u00f6vekedett a gazdas\u00e1g az idei els\u0151 negyed\u00e9vben. Az eur\u00f3\u00f6vezeti adat a m\u00e1sodik becsl\u00e9sben szerepl\u0151 1,7 sz\u00e1zal\u00e9k helyett 1,9 sz\u00e1zal\u00e9k lett, m\u00edg az uni\u00f3s gazdas\u00e1gi b\u0151v\u00fcl\u00e9sre vonatkoz\u00f3 adatot 2,0 sz\u00e1zal\u00e9kr\u00f3l 2,1 sz\u00e1zal\u00e9kra m\u00f3dos\u00edtotta az Eurostat.<br \/>\n    A negyedik negyed\u00e9vben az eur\u00f3\u00f6vezetben 1,8 sz\u00e1zal\u00e9kkal, az EU-ban pedig 1,9 sz\u00e1zal\u00e9kkal b\u0151v\u00fclt a GDP \u00e9ves \u00f6sszehasonl\u00edt\u00e1sban.<br \/>\n    Az Eurostat k\u00f6zlem\u00e9ny\u00e9ben \u00f6sszehasonl\u00edt\u00e1sk\u00e9ppen jelezte, hogy az Egyes\u00fclt \u00c1llamok gazdas\u00e1ga 0,3 sz\u00e1zal\u00e9kkal n\u00f6vekedett az els\u0151 negyed\u00e9vben &#8211; a negyedik negyed\u00e9vi 0,5 sz\u00e1zal\u00e9k ut\u00e1n -, m\u00edg \u00e9ves \u00f6sszevet\u00e9sben 2,0 sz\u00e1zal\u00e9kos emelked\u00e9st m\u00e9rtek az el\u0151z\u0151 negyed\u00e9vi 2,0 sz\u00e1zal\u00e9kos b\u0151v\u00fcl\u00e9s ut\u00e1n.<br \/>\n    Az orsz\u00e1gokra lebontott statisztika m\u00e9g nem teljes, h\u00e1rom uni\u00f3s tag\u00e1llam eset\u00e9ben csak a tavalyi negyedik negyed\u00e9ves GDP-adat szerepel. A t\u00f6bbi huszon\u00f6t uni\u00f3s tag\u00e1llam k\u00f6z\u00fcl a negyedik negyed\u00e9vhez k\u00e9pest Rom\u00e1nia gazdas\u00e1ga b\u0151v\u00fclt a legnagyobb m\u00e9rt\u00e9kben, 1,7 sz\u00e1zal\u00e9kkal, majd Lettorsz\u00e1g k\u00f6vetkezik 1,6 sz\u00e1zal\u00e9kkal, ut\u00e1na pedig Szlov\u00e9nia (1,5 sz\u00e1zal\u00e9k), Litv\u00e1nia (1,4 sz\u00e1zal\u00e9k) majd Magyarorsz\u00e1g \u00e9s Csehorsz\u00e1g (egyar\u00e1nt 1,3 sz\u00e1zal\u00e9k). Visszaes\u00e9st nem m\u00e9rtek egy uni\u00f3s tag\u00e1llamban sem.<br \/>\n    Az el\u0151z\u0151 \u00e9v els\u0151 negyed\u00e9v\u00e9hez k\u00e9pest Rom\u00e1nia hazai \u00f6sszterm\u00e9ke n\u0151tt a leger\u0151sebb, 5,6 sz\u00e1zal\u00e9kos \u00fctemben, Szlov\u00e9nia 5,0 sz\u00e1zal\u00e9kkal, majd Litv\u00e1nia (4,1 sz\u00e1zal\u00e9k), \u00c9sztorsz\u00e1g \u00e9s Lettorsz\u00e1g (egyar\u00e1nt 4,0 sz\u00e1zal\u00e9k), ut\u00e1na pedig Magyarorsz\u00e1g \u00e9s Lengyelorsz\u00e1g (egyar\u00e1nt 3,8 sz\u00e1zal\u00e9k) k\u00f6vetkezik.(MTI)<\/p>\n","protected":false},"excerpt":{"rendered":"<p>A m\u00e1sodik becsl\u00e9sben szerepl\u0151n\u00e9l n\u00e9mileg nagyobb \u00fctemben n\u00f6vekedett az eur\u00f3\u00f6vezet \u00e9s az Eur\u00f3pai Uni\u00f3 gazdas\u00e1ga az idei els\u0151 negyed\u00e9vben &#8211; der\u00fclt ki az Eur\u00f3pai Uni\u00f3 statisztikai hivatala (Eurostat) \u00e1ltal cs\u00fct\u00f6rt\u00f6k\u00f6n kiadott v\u00e9gleges adatokat tartalmaz\u00f3 harmadik becsl\u00e9s\u00e9b\u0151l.<\/p>\n","protected":false},"author":1,"featured_media":0,"comment_status":"closed","ping_status":"open","sticky":false,"template":"","format":"standard","meta":[],"categories":[19,246],"tags":[],"_links":{"self":[{"href":"https:\/\/gazdasagportal.hu\/index.php\/wp-json\/wp\/v2\/posts\/93960"}],"collection":[{"href":"https:\/\/gazdasagportal.hu\/index.php\/wp-json\/wp\/v2\/posts"}],"about":[{"href":"https:\/\/gazdasagportal.hu\/index.php\/wp-json\/wp\/v2\/types\/post"}],"author":[{"embeddable":true,"href":"https:\/\/gazdasagportal.hu\/index.php\/wp-json\/wp\/v2\/users\/1"}],"replies":[{"embeddable":true,"href":"https:\/\/gazdasagportal.hu\/index.php\/wp-json\/wp\/v2\/comments?post=93960"}],"version-history":[{"count":1,"href":"https:\/\/gazdasagportal.hu\/index.php\/wp-json\/wp\/v2\/posts\/93960\/revisions"}],"predecessor-version":[{"id":93961,"href":"https:\/\/gazdasagportal.hu\/index.php\/wp-json\/wp\/v2\/posts\/93960\/revisions\/93961"}],"wp:attachment":[{"href":"https:\/\/gazdasagportal.hu\/index.php\/wp-json\/wp\/v2\/media?parent=93960"}],"wp:term":[{"taxonomy":"category","embeddable":true,"href":"https:\/\/gazdasagportal.hu\/index.php\/wp-json\/wp\/v2\/categories?post=93960"},{"taxonomy":"post_tag","embeddable":true,"href":"https:\/\/gazdasagportal.hu\/index.php\/wp-json\/wp\/v2\/tags?post=93960"}],"curies":[{"name":"wp","href":"https:\/\/api.w.org\/{rel}","templated":true}]}}