{"id":93958,"date":"2017-06-08T11:16:14","date_gmt":"2017-06-08T09:16:14","guid":{"rendered":"http:\/\/gazdasagportal.hu\/?p=93958"},"modified":"2017-06-08T11:16:14","modified_gmt":"2017-06-08T09:16:14","slug":"ksh-majusban-21-szazalekra-lassult-az-inflacio","status":"publish","type":"post","link":"https:\/\/gazdasagportal.hu\/index.php\/ksh-majusban-21-szazalekra-lassult-az-inflacio\/","title":{"rendered":"KSH: m\u00e1jusban 2,1 sz\u00e1zal\u00e9kra lassult az infl\u00e1ci\u00f3"},"content":{"rendered":"<p><strong>A fogyaszt\u00f3i \u00e1rak \u00e1tlagosan 2,1 sz\u00e1zal\u00e9kkal magasabbak voltak m\u00e1jusban, mint egy \u00e9vvel kor\u00e1bban, az infl\u00e1ci\u00f3 0,1 sz\u00e1zal\u00e9kponttal lassult az \u00e1prilisi 2,2 sz\u00e1zal\u00e9kr\u00f3l. \u00c1prilishoz viszony\u00edtva a fogyaszt\u00f3i \u00e1rak 0,2 sz\u00e1zal\u00e9kkal emelkedtek m\u00e1jusban &#8211; jelentette cs\u00fct\u00f6rt\u00f6k\u00f6n a K\u00f6zponti Statisztikai Hivatal (KSH).<\/strong><!--more--><\/p>\n<div class=\"ads-in-post1\"><div id=\"gazdasagportal.hu_fullbanner_wideboard\"><\/div>\r\n<\/div>\n<p>    A m\u00e1jusi adat megegyezik az elemz\u0151k t\u00f6bbs\u00e9g\u00e9nek v\u00e1rakoz\u00e1s\u00e1val.<br \/>\n    A m\u00e1jusi 2,1 sz\u00e1zal\u00e9k id\u00e9n a legalacsonyabb infl\u00e1ci\u00f3s adat a janu\u00e1ri 2,3 sz\u00e1zal\u00e9k, az idei tet\u0151pontot jelz\u0151 febru\u00e1ri 2,9 sz\u00e1zal\u00e9k, a m\u00e1rciusi 2,7 sz\u00e1zal\u00e9k \u00e9s az \u00e1prilisi 2,2 sz\u00e1zal\u00e9k ut\u00e1n.<br \/>\n    Janu\u00e1r-m\u00e1jusban a fogyaszt\u00f3i \u00e1rak \u00e1tlagosan 2,4 sz\u00e1zal\u00e9kkal n\u0151ttek.<br \/>\n    A szezon\u00e1lisan kiigaz\u00edtott \u00e9ves maginfl\u00e1ci\u00f3 m\u00e1jusban 2,1 sz\u00e1zal\u00e9k volt az \u00e1prilisi 1,9 sz\u00e1zal\u00e9k ut\u00e1n, az el\u0151z\u0151 h\u00f3naphoz viszony\u00edtva 0,3 sz\u00e1zal\u00e9k volt ugyan\u00fagy, mint \u00e1prilisban.<br \/>\n    Min\u00e1ry Borb\u00e1la, a KSH oszt\u00e1lyvezet\u0151je az adatok ismertet\u00e9sekor elmondta: k\u00e9t ellent\u00e9tes hat\u00e1s alak\u00edtotta az adatot, az \u00fczemanyagok \u00e1r\u00e1nak cs\u00f6kken\u00e9se h\u00fazta lefel\u00e9 a mutat\u00f3t, ellens\u00falyozva az \u00e9lelmiszerek \u00e1remelked\u00e9s\u00e9t, \u00e9s a doh\u00e1ny\u00e1ruk j\u00f6ved\u00e9ki ad\u00f3j\u00e1nak janu\u00e1ri emel\u00e9se miatti dr\u00e1gul\u00e1st. Az \u00fczemanyagok \u00e1ra egy h\u00f3nap alatt 2,9 sz\u00e1zal\u00e9kkal cs\u00f6kkent. \u00c9ves \u00f6sszevet\u00e9sben pedig a \u00fczemanyagok dr\u00e1gul\u00e1sa a m\u00e1rciusi 17,1 \u00e9s az \u00e1prilisi 10,7 sz\u00e1zal\u00e9kosr\u00f3l m\u00e1jusra 4,7 sz\u00e1zal\u00e9kosra lassult. M\u00e1jusban az id\u00e9ny\u00e1ras \u00e9lelmiszereket \u00e1ltal\u00e1ban dr\u00e1gul\u00e1s jellemzi &#8211; tette hozz\u00e1.<br \/>\n    Egy \u00e9v alatt az \u00e9lelmiszerek \u00e1ra 2,7 sz\u00e1zal\u00e9kkal emelkedett, ezen bel\u00fcl a sert\u00e9sh\u00fas\u00e9 14,8, a cukor\u00e9 12,0, a sajt\u00e9 7,3, a p\u00e1rizsi, kolb\u00e1sz\u00e9 6,1, a keny\u00e9r\u00e9 4,5 sz\u00e1zal\u00e9kkal. A friss gy\u00fcm\u00f6lcs\u00f6k 6,2 sz\u00e1zal\u00e9kkal dr\u00e1gultak, m\u00edg a z\u00f6lds\u00e9gf\u00e9l\u00e9k \u00e1ra 1,0 sz\u00e1zal\u00e9kkal emelkedett. A baromfih\u00fas \u00e1ra 15,7 sz\u00e1zal\u00e9kkal cs\u00f6kkent.<br \/>\n    A doh\u00e1ny\u00e1ruk 5,8 sz\u00e1zal\u00e9kkal dr\u00e1gultak egy \u00e9v alatt, a szeszesitalok \u00e1ra 2,1 sz\u00e1zal\u00e9kkal emelkedett, de a bor 0,6 sz\u00e1zal\u00e9kkal olcs\u00f3bb, mint tavaly m\u00e1jusban.<br \/>\n    Az egy\u00e9b cikkek \u00e1ra &#8211; gy\u00f3gyszerek, j\u00e1rm\u0171\u00fczemanyagok, illetve lak\u00e1ssal, h\u00e1ztart\u00e1ssal \u00e9s test\u00e1pol\u00e1ssal kapcsolatos, valamint kultur\u00e1lis cikkek &#8211; szint\u00e9n \u00e1tlag felett n\u0151tt: 2,8 sz\u00e1zal\u00e9kkal, ezen bel\u00fcl az \u00fczemanyagok 4,7 sz\u00e1zal\u00e9kos dr\u00e1gul\u00e1sa mellett 10,1 sz\u00e1zal\u00e9kkal ker\u00fcltek t\u00f6bbe az \u00fajs\u00e1gok \u00e9s foly\u00f3iratok, 6,0 sz\u00e1zal\u00e9kkal a vir\u00e1gok, d\u00edszn\u00f6v\u00e9nyek \u00e9s 2,5 sz\u00e1zal\u00e9kkal a gy\u00f3gyszerek.<br \/>\n    A szolg\u00e1ltat\u00e1sok\u00e9rt \u00e1tlagosan 1,5 sz\u00e1zal\u00e9kkal kellett t\u00f6bbet fizetni, ezen bel\u00fcl a belf\u00f6ldi \u00fcd\u00fcl\u00e9sek 5,4 sz\u00e1zal\u00e9kkal t\u00f6bbe a k\u00fclf\u00f6ldiek 0,9 sz\u00e1zal\u00e9kkal kevesebbe ker\u00fclnek. A postai szolg\u00e1ltat\u00e1sok tarif\u00e1i 5,9 sz\u00e1zal\u00e9kkal emelkedtek, de a telefon \u00e9s az internet 2,6 sz\u00e1zal\u00e9kkal olcs\u00f3bb lett.<br \/>\n    A h\u00e1ztart\u00e1si energi\u00e1\u00e9rt 0,7 sz\u00e1zal\u00e9kkal az\u00e9rt kellett \u00e1tlagosan t\u00f6bbet fizetni mert, 6,0 sz\u00e1zal\u00e9kkal dr\u00e1gult a t\u0171zifa \u00e9s 4,0 sz\u00e1zal\u00e9kkal a palackos g\u00e1z, de a vezet\u00e9kes g\u00e1z \u00e9s \u00e1ram \u00e1ra nem v\u00e1ltozott.<br \/>\n    A ruh\u00e1zkod\u00e1si cikkek\u00e9rt 0,4 sz\u00e1zal\u00e9kkal kellett t\u00f6bbet fizetni. A tart\u00f3s fogyaszt\u00e1si cikkek 0,3 sz\u00e1zal\u00e9kkal kevesebbe ker\u00fcltek, ezen bel\u00fcl a haszn\u00e1lt aut\u00f3k \u00e1ra 4,2, a telev\u00edzi\u00f3 4,7 sz\u00e1zal\u00e9kkal, a sz\u00e1m\u00edt\u00f3g\u00e9pek, f\u00e9nyk\u00e9pez\u0151g\u00e9pek \u00e9s telefonok 3,4 sz\u00e1zal\u00e9kkal olcs\u00f3bbak, mint tavaly m\u00e1jusban.<br \/>\n    Egy h\u00f3nap alatt \u00e1prilishoz viszony\u00edtva az \u00e9lelmiszerek \u00e1ra 1,0 sz\u00e1zal\u00e9kkal emelkedett, ezen bel\u00fcl az id\u00e9ny\u00e1ras \u00e9lelmiszerek\u00e9 (burgonya, friss z\u00f6lds\u00e9g, gy\u00fcm\u00f6lcs) 4,9, a liszt\u00e9 2,7, a sert\u00e9sh\u00fas\u00e9 2,6, a sz\u00e1razt\u00e9szt\u00e1\u00e9 2,2, a toj\u00e1s\u00e9 1,8, az \u00e9tolaj\u00e9 1,6, a csokol\u00e1d\u00e9, kaka\u00f3\u00e9 1,0 sz\u00e1zal\u00e9kkal. A fogyaszt\u00e1si f\u0151csoportok k\u00f6z\u00fcl a legnagyobb m\u00e9rt\u00e9kben, 1,3 sz\u00e1zal\u00e9kkal a szeszes italok, doh\u00e1ny\u00e1ruk dr\u00e1gultak a doh\u00e1nyterm\u00e9kek 1,7 \u00e9s az \u00e9getett szeszes italok 1,8 sz\u00e1zal\u00e9kos dr\u00e1gul\u00e1sa miatt. A ruh\u00e1zkod\u00e1si cikkek \u00e1ra 1,1, a tart\u00f3s fogyaszt\u00e1si cikkek\u00e9 0,1 sz\u00e1zal\u00e9kkal n\u0151tt. A h\u00e1ztart\u00e1si energia \u00e1ra nem v\u00e1ltozott. Az egy\u00e9b cikkek \u00e1ra 1,1, ezen bel\u00fcl a j\u00e1rm\u0171\u00fczemanyagok\u00e9 2,9 sz\u00e1zal\u00e9kkal cs\u00f6kkent. A szolg\u00e1ltat\u00e1sok\u00e9rt 0,3 sz\u00e1zal\u00e9kkal kevesebbet kellett fizetni.(MTI)<\/p>\n","protected":false},"excerpt":{"rendered":"<p>A fogyaszt\u00f3i \u00e1rak \u00e1tlagosan 2,1 sz\u00e1zal\u00e9kkal magasabbak voltak m\u00e1jusban, mint egy \u00e9vvel kor\u00e1bban, az infl\u00e1ci\u00f3 0,1 sz\u00e1zal\u00e9kponttal lassult az \u00e1prilisi 2,2 sz\u00e1zal\u00e9kr\u00f3l. \u00c1prilishoz viszony\u00edtva a fogyaszt\u00f3i \u00e1rak 0,2 sz\u00e1zal\u00e9kkal emelkedtek m\u00e1jusban &#8211; jelentette cs\u00fct\u00f6rt\u00f6k\u00f6n a K\u00f6zponti Statisztikai Hivatal (KSH).<\/p>\n","protected":false},"author":1,"featured_media":0,"comment_status":"closed","ping_status":"open","sticky":false,"template":"","format":"standard","meta":[],"categories":[19],"tags":[],"_links":{"self":[{"href":"https:\/\/gazdasagportal.hu\/index.php\/wp-json\/wp\/v2\/posts\/93958"}],"collection":[{"href":"https:\/\/gazdasagportal.hu\/index.php\/wp-json\/wp\/v2\/posts"}],"about":[{"href":"https:\/\/gazdasagportal.hu\/index.php\/wp-json\/wp\/v2\/types\/post"}],"author":[{"embeddable":true,"href":"https:\/\/gazdasagportal.hu\/index.php\/wp-json\/wp\/v2\/users\/1"}],"replies":[{"embeddable":true,"href":"https:\/\/gazdasagportal.hu\/index.php\/wp-json\/wp\/v2\/comments?post=93958"}],"version-history":[{"count":1,"href":"https:\/\/gazdasagportal.hu\/index.php\/wp-json\/wp\/v2\/posts\/93958\/revisions"}],"predecessor-version":[{"id":93959,"href":"https:\/\/gazdasagportal.hu\/index.php\/wp-json\/wp\/v2\/posts\/93958\/revisions\/93959"}],"wp:attachment":[{"href":"https:\/\/gazdasagportal.hu\/index.php\/wp-json\/wp\/v2\/media?parent=93958"}],"wp:term":[{"taxonomy":"category","embeddable":true,"href":"https:\/\/gazdasagportal.hu\/index.php\/wp-json\/wp\/v2\/categories?post=93958"},{"taxonomy":"post_tag","embeddable":true,"href":"https:\/\/gazdasagportal.hu\/index.php\/wp-json\/wp\/v2\/tags?post=93958"}],"curies":[{"name":"wp","href":"https:\/\/api.w.org\/{rel}","templated":true}]}}