{"id":93856,"date":"2017-06-06T07:57:32","date_gmt":"2017-06-06T05:57:32","guid":{"rendered":"http:\/\/gazdasagportal.hu\/?p=93856"},"modified":"2017-06-06T07:19:49","modified_gmt":"2017-06-06T05:19:49","slug":"a-trump-cegbirodalom-uj-es-olcso-szallodalancot-epit","status":"publish","type":"post","link":"https:\/\/gazdasagportal.hu\/index.php\/a-trump-cegbirodalom-uj-es-olcso-szallodalancot-epit\/","title":{"rendered":"A Trump-c\u00e9gbirodalom \u00faj \u00e9s olcs\u00f3 sz\u00e1llodal\u00e1ncot \u00e9p\u00edt"},"content":{"rendered":"<p><strong>Az amerikai eln\u00f6k v\u00e1llalatbirodalma \u00faj, ez\u00fattal alacsonyabb kateg\u00f3ri\u00e1s sz\u00e1llodal\u00e1ncolat ki\u00e9p\u00edt\u00e9s\u00e9t kezdi meg.<\/strong><!--more--><\/p>\n<div class=\"ads-in-post1\"><div id=\"gazdasagportal.hu_fullbanner_wideboard\"><\/div>\r\n<\/div>\n<p>    Az \u00faj v\u00e1llalkoz\u00e1sr\u00f3l Donald Trump id\u0151sebbik fia, ifj. Donald Trump sz\u00e1molt be a sajt\u00f3nak helyi id\u0151 szerint h\u00e9tf\u0151n.<br \/>\n    Elmondta: az eddigi luxushotelek helyett ez\u00fattal kifejezetten a sz\u0171k p\u00e9nzt\u00e1rc\u00e1j\u00faak sz\u00e1m\u00e1ra terveznek sz\u00e1llod\u00e1kat nyitni. Az \u00f6tlet a tavalyi v\u00e1laszt\u00e1si kamp\u00e1ny sor\u00e1n sz\u00fcletett, mert &#8211; mint ifjabb Trump kifejtette &#8211; azzal szembes\u00fcltek, hogy t\u00fal sok a luxussz\u00e1ll\u00f3, de nincs el\u00e9g sz\u00e1llodai f\u00e9r\u0151hely a kisp\u00e9nz\u0171eknek.<br \/>\n    Az \u00faj sz\u00e1llodal\u00e1ncolat az Amerikai \u00d6tlet nevet kapja, hoteljei h\u00e1romcsillagosak lesznek, \u00e9s az els\u0151 h\u00e1rom sz\u00e1llod\u00e1t a d\u00e9li Mississippi \u00e1llamban nyitj\u00e1k meg. A tervek szerint r\u00e9gi id\u0151kre eml\u00e9keztet\u0151 b\u00fatorokkal, Coca Cola-automat\u00e1kkal \u00e9s a hatvanas \u00e9vek amerikai \u00e9let\u00e9rz\u00e9s\u00e9t megid\u00e9zni hivatott berendez\u00e9sekkel szerelik fel \u0151ket. &#8222;Patri\u00f3ta sz\u00e1llod\u00e1k lesznek&#8221; &#8211; fogalmazott ifjabb Donald Trump a tervek felv\u00e1zol\u00e1sakor.<br \/>\n    Megv\u00e1laszt\u00e1sa ut\u00e1n Trump a szerte\u00e1gaz\u00f3 v\u00e1llalatbirodalm\u00e1nak ir\u00e1ny\u00edt\u00e1s\u00e1t k\u00e9t fi\u00e1ra b\u00edzta, s \u0151 maga visszal\u00e9pett az \u00fczleti tev\u00e9kenys\u00e9gt\u0151l.(MTI)<\/p>\n","protected":false},"excerpt":{"rendered":"<p>Az amerikai eln\u00f6k v\u00e1llalatbirodalma \u00faj, ez\u00fattal alacsonyabb kateg\u00f3ri\u00e1s sz\u00e1llodal\u00e1ncolat ki\u00e9p\u00edt\u00e9s\u00e9t kezdi meg.<\/p>\n","protected":false},"author":1,"featured_media":0,"comment_status":"closed","ping_status":"open","sticky":false,"template":"","format":"standard","meta":[],"categories":[246],"tags":[],"_links":{"self":[{"href":"https:\/\/gazdasagportal.hu\/index.php\/wp-json\/wp\/v2\/posts\/93856"}],"collection":[{"href":"https:\/\/gazdasagportal.hu\/index.php\/wp-json\/wp\/v2\/posts"}],"about":[{"href":"https:\/\/gazdasagportal.hu\/index.php\/wp-json\/wp\/v2\/types\/post"}],"author":[{"embeddable":true,"href":"https:\/\/gazdasagportal.hu\/index.php\/wp-json\/wp\/v2\/users\/1"}],"replies":[{"embeddable":true,"href":"https:\/\/gazdasagportal.hu\/index.php\/wp-json\/wp\/v2\/comments?post=93856"}],"version-history":[{"count":1,"href":"https:\/\/gazdasagportal.hu\/index.php\/wp-json\/wp\/v2\/posts\/93856\/revisions"}],"predecessor-version":[{"id":93857,"href":"https:\/\/gazdasagportal.hu\/index.php\/wp-json\/wp\/v2\/posts\/93856\/revisions\/93857"}],"wp:attachment":[{"href":"https:\/\/gazdasagportal.hu\/index.php\/wp-json\/wp\/v2\/media?parent=93856"}],"wp:term":[{"taxonomy":"category","embeddable":true,"href":"https:\/\/gazdasagportal.hu\/index.php\/wp-json\/wp\/v2\/categories?post=93856"},{"taxonomy":"post_tag","embeddable":true,"href":"https:\/\/gazdasagportal.hu\/index.php\/wp-json\/wp\/v2\/tags?post=93856"}],"curies":[{"name":"wp","href":"https:\/\/api.w.org\/{rel}","templated":true}]}}